{"id":7526,"date":"2018-10-20T09:29:28","date_gmt":"2018-10-20T08:29:28","guid":{"rendered":"http:\/\/bisbalpenedes.com\/web\/?p=7526"},"modified":"2018-10-24T08:05:52","modified_gmt":"2018-10-24T07:05:52","slug":"fins-al-25-doctubre-us-podeu-inscriure-a-la-caminada-la-bisbal-sant-magi-de-la-brufaganya","status":"publish","type":"post","link":"https:\/\/bisbalpenedes.com\/web\/2018\/10\/20\/fins-al-25-doctubre-us-podeu-inscriure-a-la-caminada-la-bisbal-sant-magi-de-la-brufaganya\/","title":{"rendered":"Fins al 25 d&#8217;octubre us podeu inscriure a la caminada La Bisbal &#8211; Sant Mag\u00ed de la Brufaganya que organitza Senderistes Bisbalencs"},"content":{"rendered":"<p>Senderistes Bisbalencs dur\u00e0 a terme la 22\u00aa caminada La Bisbal del Pened\u00e8s &#8211; Sant Mag\u00ed de la Brufaganya el pr\u00f2xim diumenge 28 d&#8217;octubre.\u00a0Se sortir\u00e0\u00a0a les 6 del mat\u00ed des de l&#8217;Era de Batre (consultori m\u00e8dic). Tamb\u00e9 us hi podeu afegir a 2\/4 de 10 al Pla de Manlleu, on s&#8217;esmorzar\u00e0. L&#8217;hora prevista per arribar a Sant Mag\u00ed de la Brufaganya s\u00f3n les 3 de la tarda i, all\u00e0, es\u00a0dinar\u00e0.<\/p>\n<p>IMPORTANT: Les inscripcions es podran fer fins al 25 d&#8217;octubre. M\u00e9s informaci\u00f3 a <a href=\"http:\/\/www.senderistes.com\" target=\"_blank\">www.senderistes.com<\/a> o al cartell:<\/p>\n<p><a href=\"http:\/\/bisbalpenedes.com\/web\/wp-content\/uploads\/2018\/10\/senderistes-SANT-MAGI-DE-LA-BRUFAGANYA.jpg\"><img loading=\"lazy\" class=\"aligncenter size-full wp-image-7527\" src=\"http:\/\/bisbalpenedes.com\/web\/wp-content\/uploads\/2018\/10\/senderistes-SANT-MAGI-DE-LA-BRUFAGANYA.jpg\" alt=\"senderistes SANT MAGI DE LA BRUFAGANYA\" width=\"668\" height=\"960\" srcset=\"https:\/\/bisbalpenedes.com\/web\/wp-content\/uploads\/2018\/10\/senderistes-SANT-MAGI-DE-LA-BRUFAGANYA.jpg 668w, https:\/\/bisbalpenedes.com\/web\/wp-content\/uploads\/2018\/10\/senderistes-SANT-MAGI-DE-LA-BRUFAGANYA-600x862.jpg 600w, https:\/\/bisbalpenedes.com\/web\/wp-content\/uploads\/2018\/10\/senderistes-SANT-MAGI-DE-LA-BRUFAGANYA-209x300.jpg 209w\" sizes=\"(max-width: 668px) 100vw, 668px\" \/><\/a><\/p>\n<p><span style=\"color: #000000;\">CASTELLANO | Senderistes Bisbalencs llevar\u00e1 a cabo la 22\u00aa caminada La Bisbal del Pened\u00e8s &#8211; Sant Mag\u00ed de la Brufaganya el pr\u00f3ximo domingo 28 de octubre.\u00a0Se saldr\u00e1 a las 6 de la ma\u00f1ana desde l&#8217;Era de Batre (consultorio m\u00e9dico). Tambi\u00e9n os pod\u00e9is a\u00f1adir a las 9.30h en el Pla de Manlleu, d\u00f3nde se desayunar\u00e1. La hora prevista para llegar a Sant Mag\u00ed de la Brufaganya ser\u00e1n las 3 de la tarde y, all\u00ed, se comer\u00e1.<\/span><\/p>\n<p><span style=\"color: #000000;\">IMPORTANTE: Las inscripciones se podr\u00e1n hacer hasta el 25 de octubre. M\u00e1s informaci\u00f3n en www.senderistes.com o en el cartel:<\/span><\/p>\n<p><a href=\"http:\/\/bisbalpenedes.com\/web\/wp-content\/uploads\/2018\/10\/senderistes-SANT-MAGI-DE-LA-BRUFAGANYA.jpg\"><img loading=\"lazy\" class=\"aligncenter size-full wp-image-7527\" src=\"http:\/\/bisbalpenedes.com\/web\/wp-content\/uploads\/2018\/10\/senderistes-SANT-MAGI-DE-LA-BRUFAGANYA.jpg\" alt=\"senderistes SANT MAGI DE LA BRUFAGANYA\" width=\"668\" height=\"960\" srcset=\"https:\/\/bisbalpenedes.com\/web\/wp-content\/uploads\/2018\/10\/senderistes-SANT-MAGI-DE-LA-BRUFAGANYA.jpg 668w, https:\/\/bisbalpenedes.com\/web\/wp-content\/uploads\/2018\/10\/senderistes-SANT-MAGI-DE-LA-BRUFAGANYA-600x862.jpg 600w, https:\/\/bisbalpenedes.com\/web\/wp-content\/uploads\/2018\/10\/senderistes-SANT-MAGI-DE-LA-BRUFAGANYA-209x300.jpg 209w\" sizes=\"(max-width: 668px) 100vw, 668px\" \/><\/a><\/p>\n","protected":false},"excerpt":{"rendered":"<p>Senderistes Bisbalencs dur\u00e0 a terme la 22\u00aa caminada La Bisbal del Pened\u00e8s &#8211; Sant Mag\u00ed de la Brufaganya el pr\u00f2xim diumenge 28 d&#8217;octubre.\u00a0Se sortir\u00e0\u00a0a les 6 del mat\u00ed des de &hellip; <a href=\"https:\/\/bisbalpenedes.com\/web\/2018\/10\/20\/fins-al-25-doctubre-us-podeu-inscriure-a-la-caminada-la-bisbal-sant-magi-de-la-brufaganya\/\" class=\"more-link\">Read More<\/a><\/p>\n","protected":false},"author":4,"featured_media":7527,"comment_status":"closed","ping_status":"closed","sticky":false,"template":"","format":"standard","meta":[],"categories":[20],"tags":[1723,273,2491,2490,856],"_links":{"self":[{"href":"https:\/\/bisbalpenedes.com\/web\/wp-json\/wp\/v2\/posts\/7526"}],"collection":[{"href":"https:\/\/bisbalpenedes.com\/web\/wp-json\/wp\/v2\/posts"}],"about":[{"href":"https:\/\/bisbalpenedes.com\/web\/wp-json\/wp\/v2\/types\/post"}],"author":[{"embeddable":true,"href":"https:\/\/bisbalpenedes.com\/web\/wp-json\/wp\/v2\/users\/4"}],"replies":[{"embeddable":true,"href":"https:\/\/bisbalpenedes.com\/web\/wp-json\/wp\/v2\/comments?post=7526"}],"version-history":[{"count":2,"href":"https:\/\/bisbalpenedes.com\/web\/wp-json\/wp\/v2\/posts\/7526\/revisions"}],"predecessor-version":[{"id":7529,"href":"https:\/\/bisbalpenedes.com\/web\/wp-json\/wp\/v2\/posts\/7526\/revisions\/7529"}],"wp:featuredmedia":[{"embeddable":true,"href":"https:\/\/bisbalpenedes.com\/web\/wp-json\/wp\/v2\/media\/7527"}],"wp:attachment":[{"href":"https:\/\/bisbalpenedes.com\/web\/wp-json\/wp\/v2\/media?parent=7526"}],"wp:term":[{"taxonomy":"category","embeddable":true,"href":"https:\/\/bisbalpenedes.com\/web\/wp-json\/wp\/v2\/categories?post=7526"},{"taxonomy":"post_tag","embeddable":true,"href":"https:\/\/bisbalpenedes.com\/web\/wp-json\/wp\/v2\/tags?post=7526"}],"curies":[{"name":"wp","href":"https:\/\/api.w.org\/{rel}","templated":true}]}}