{"id":7523,"date":"2018-10-20T09:16:21","date_gmt":"2018-10-20T08:16:21","guid":{"rendered":"http:\/\/bisbalpenedes.com\/web\/?p=7523"},"modified":"2018-10-24T08:06:05","modified_gmt":"2018-10-24T07:06:05","slug":"el-club-segle-xx-celebra-la-castanyada-el-dimecres-31-doctubre","status":"publish","type":"post","link":"https:\/\/bisbalpenedes.com\/web\/2018\/10\/20\/el-club-segle-xx-celebra-la-castanyada-el-dimecres-31-doctubre\/","title":{"rendered":"El Club Segle XX celebra la Castanyada el dimecres 31 d&#8217;octubre"},"content":{"rendered":"<p><span style=\"color: #000000;\">El Club Segle XX ha organitzat la festa de la Castanyada que tindr\u00e0 lloc al Poliesportiu Municipal el pr\u00f2xim dimecres 31 d&#8217;octubre a les 21.30h. Hi haur\u00e0\u00a0sopar, m\u00fasica i ball. Per apuntar-s&#8217;hi cal que contacteu amb el conserge abans del dia 29 d&#8217;octubre: tel. 977688126.<\/span><\/p>\n<hr \/>\n<p><span style=\"color: #000000;\"><strong>CASTELLANO |<\/strong> El Club Segle XX ha organizado la fiesta de la Castanyada que tendr\u00e1 lugar en el Polideportivo Municipal el pr\u00f3ximo mi\u00e9rcoles 31 de octubre a las 21.30h. Habr\u00e1 cena, m\u00fasica y baile. Para apuntarse ten\u00e9is que contactar con el conserje antes del d\u00eda 29 de octubre:\u00a0tel. 977688126.<\/span><a href=\"http:\/\/bisbalpenedes.com\/web\/wp-content\/uploads\/2018\/10\/CASTANYADA-CLUB-SEGLE-XX-e1540282492801.jpg\"><br \/>\n<\/a><\/p>\n<p><a href=\"http:\/\/bisbalpenedes.com\/web\/wp-content\/uploads\/2018\/10\/CASTANYADA-POLI-CLUB-SEGLE-XX-2018.jpg\"><img loading=\"lazy\" class=\"aligncenter size-large wp-image-7546\" src=\"http:\/\/bisbalpenedes.com\/web\/wp-content\/uploads\/2018\/10\/CASTANYADA-POLI-CLUB-SEGLE-XX-2018-724x1024.jpg\" alt=\"CASTANYADA POLI CLUB SEGLE XX 2018\" width=\"630\" height=\"891\" srcset=\"https:\/\/bisbalpenedes.com\/web\/wp-content\/uploads\/2018\/10\/CASTANYADA-POLI-CLUB-SEGLE-XX-2018-724x1024.jpg 724w, https:\/\/bisbalpenedes.com\/web\/wp-content\/uploads\/2018\/10\/CASTANYADA-POLI-CLUB-SEGLE-XX-2018-600x848.jpg 600w, https:\/\/bisbalpenedes.com\/web\/wp-content\/uploads\/2018\/10\/CASTANYADA-POLI-CLUB-SEGLE-XX-2018-212x300.jpg 212w, https:\/\/bisbalpenedes.com\/web\/wp-content\/uploads\/2018\/10\/CASTANYADA-POLI-CLUB-SEGLE-XX-2018-768x1086.jpg 768w, https:\/\/bisbalpenedes.com\/web\/wp-content\/uploads\/2018\/10\/CASTANYADA-POLI-CLUB-SEGLE-XX-2018.jpg 827w\" sizes=\"(max-width: 630px) 100vw, 630px\" \/><\/a><\/p>\n","protected":false},"excerpt":{"rendered":"<p>El Club Segle XX ha organitzat la festa de la Castanyada que tindr\u00e0 lloc al Poliesportiu Municipal el pr\u00f2xim dimecres 31 d&#8217;octubre a les 21.30h. Hi haur\u00e0\u00a0sopar, m\u00fasica i ball. &hellip; <a href=\"https:\/\/bisbalpenedes.com\/web\/2018\/10\/20\/el-club-segle-xx-celebra-la-castanyada-el-dimecres-31-doctubre\/\" class=\"more-link\">Read More<\/a><\/p>\n","protected":false},"author":4,"featured_media":7546,"comment_status":"closed","ping_status":"closed","sticky":false,"template":"","format":"standard","meta":[],"categories":[20],"tags":[995,2487,2488,1086,2489,126],"_links":{"self":[{"href":"https:\/\/bisbalpenedes.com\/web\/wp-json\/wp\/v2\/posts\/7523"}],"collection":[{"href":"https:\/\/bisbalpenedes.com\/web\/wp-json\/wp\/v2\/posts"}],"about":[{"href":"https:\/\/bisbalpenedes.com\/web\/wp-json\/wp\/v2\/types\/post"}],"author":[{"embeddable":true,"href":"https:\/\/bisbalpenedes.com\/web\/wp-json\/wp\/v2\/users\/4"}],"replies":[{"embeddable":true,"href":"https:\/\/bisbalpenedes.com\/web\/wp-json\/wp\/v2\/comments?post=7523"}],"version-history":[{"count":2,"href":"https:\/\/bisbalpenedes.com\/web\/wp-json\/wp\/v2\/posts\/7523\/revisions"}],"predecessor-version":[{"id":7547,"href":"https:\/\/bisbalpenedes.com\/web\/wp-json\/wp\/v2\/posts\/7523\/revisions\/7547"}],"wp:featuredmedia":[{"embeddable":true,"href":"https:\/\/bisbalpenedes.com\/web\/wp-json\/wp\/v2\/media\/7546"}],"wp:attachment":[{"href":"https:\/\/bisbalpenedes.com\/web\/wp-json\/wp\/v2\/media?parent=7523"}],"wp:term":[{"taxonomy":"category","embeddable":true,"href":"https:\/\/bisbalpenedes.com\/web\/wp-json\/wp\/v2\/categories?post=7523"},{"taxonomy":"post_tag","embeddable":true,"href":"https:\/\/bisbalpenedes.com\/web\/wp-json\/wp\/v2\/tags?post=7523"}],"curies":[{"name":"wp","href":"https:\/\/api.w.org\/{rel}","templated":true}]}}