{"id":7514,"date":"2018-10-22T16:18:32","date_gmt":"2018-10-22T15:18:32","guid":{"rendered":"http:\/\/bisbalpenedes.com\/web\/?p=7514"},"modified":"2018-10-22T19:55:30","modified_gmt":"2018-10-22T18:55:30","slug":"lalcaldessa-i-el-regidor-de-benestar-social-han-ofert-una-xerrada-als-alumnes-de-4t-deso","status":"publish","type":"post","link":"https:\/\/bisbalpenedes.com\/web\/2018\/10\/22\/lalcaldessa-i-el-regidor-de-benestar-social-han-ofert-una-xerrada-als-alumnes-de-4t-deso\/","title":{"rendered":"L&#8217;alcaldessa i el regidor de Benestar Social han ofert una xerrada als alumnes de 4t d&#8217;ESO de l&#8217;Institut Coster de la Torre"},"content":{"rendered":"<p style=\"text-align: justify;\"><a href=\"http:\/\/bisbalpenedes.com\/web\/wp-content\/uploads\/2018\/10\/IMG_7383.jpg\"><img loading=\"lazy\" class=\"aligncenter size-large wp-image-7519\" src=\"http:\/\/bisbalpenedes.com\/web\/wp-content\/uploads\/2018\/10\/IMG_7383-1024x683.jpg\" alt=\"alcaldesa i feliu institut\" width=\"630\" height=\"420\" srcset=\"https:\/\/bisbalpenedes.com\/web\/wp-content\/uploads\/2018\/10\/IMG_7383-1024x683.jpg 1024w, https:\/\/bisbalpenedes.com\/web\/wp-content\/uploads\/2018\/10\/IMG_7383-600x400.jpg 600w, https:\/\/bisbalpenedes.com\/web\/wp-content\/uploads\/2018\/10\/IMG_7383-300x200.jpg 300w, https:\/\/bisbalpenedes.com\/web\/wp-content\/uploads\/2018\/10\/IMG_7383-768x512.jpg 768w\" sizes=\"(max-width: 630px) 100vw, 630px\" \/><\/a><a href=\"http:\/\/bisbalpenedes.com\/web\/wp-content\/uploads\/2018\/10\/IMG_7383.jpg\"><br \/>\n<\/a><\/p>\n<p style=\"text-align: justify;\"><span style=\"color: #000000;\">L&#8217;alcaldessa de la Bisbal del Pened\u00e8s, Agn\u00e8s Ferr\u00e9, i el regidor de Benestar Social, Feliu Gil, han visitat l&#8217;Institut Coster de la Torre aquest dilluns 22 d&#8217;octubre al mat\u00ed i han ofert dues xerrades adre\u00e7ades l&#8217;alumnat de quart d&#8217;ESO. Els nois i noies de quart estan\u00a0preparant\u00a0un projecte\u00a0que gira a l&#8217;entorn de la\u00a0recollida d&#8217;aliments i productes per als col\u00b7lectius desafavorits i, els dos membres de l&#8217;equip de govern, han explicat el funcionament del banc d&#8217;aliments als joves i tamb\u00e9 han respost les seves preguntes.<\/span><\/p>\n<p style=\"text-align: justify;\"><span style=\"color: #000000;\">L&#8217;Ajuntament de la Bisbal del Pened\u00e8s va aprovar, el passat mes de maig, un conveni de col\u00b7laboraci\u00f3 amb el Departament d&#8217;Ensenyament de la Generalitat de Catalunya a iniciativa de l&#8217;Institut Coster de la Torre amb la finalitat de promoure un Projecte de Servei Comunitari per a l&#8217;alumnat d&#8217;Educaci\u00f3 Secund\u00e0ria Obligat\u00f2ria com a instrument per a desenvolupar la compet\u00e8ncia social i ciutadana.\u00a0 Es tracta d&#8217;una iniciativa que, des de l&#8217;Institut, van proposar als ajuntaments dels municipis d&#8217;Albinyana, El Montmell, Lloren\u00e7 del Pened\u00e8s, Sant Jaume dels Domenys i la Bisbal del Pened\u00e8s, \u00e9s a dir, els pobles d&#8217;on provenen els alumnes que van a l&#8217;institut bisbalenc.<\/span><\/p>\n<p style=\"text-align: justify;\"><span style=\"color: #000000;\">La finalitat de la iniciativa \u00e9s promoure l&#8217;educaci\u00f3 en valors i el comprom\u00eds c\u00edvic, treballant un model d&#8217;aprenentatge que els portar\u00e0 a analitzar l&#8217;entorn i comprometre&#8217;s a millorar el servei a la comunitat. Est\u00e0 previst que els alumnes duguin a terme la recollida de productes abans de Nadal als diferents municipis que hem esmentat anteriorment.<\/span><\/p>\n<p style=\"text-align: justify;\"><a href=\"http:\/\/bisbalpenedes.com\/web\/wp-content\/uploads\/2018\/10\/IMG_7379.jpg\"><img loading=\"lazy\" class=\"aligncenter size-large wp-image-7520\" src=\"http:\/\/bisbalpenedes.com\/web\/wp-content\/uploads\/2018\/10\/IMG_7379-1024x683.jpg\" alt=\"institut coster alumnes agnes feliu\" width=\"630\" height=\"420\" srcset=\"https:\/\/bisbalpenedes.com\/web\/wp-content\/uploads\/2018\/10\/IMG_7379-1024x683.jpg 1024w, https:\/\/bisbalpenedes.com\/web\/wp-content\/uploads\/2018\/10\/IMG_7379-600x400.jpg 600w, https:\/\/bisbalpenedes.com\/web\/wp-content\/uploads\/2018\/10\/IMG_7379-300x200.jpg 300w, https:\/\/bisbalpenedes.com\/web\/wp-content\/uploads\/2018\/10\/IMG_7379-768x512.jpg 768w\" sizes=\"(max-width: 630px) 100vw, 630px\" \/><\/a><\/p>\n<hr \/>\n<p style=\"text-align: justify;\"><a href=\"http:\/\/bisbalpenedes.com\/web\/wp-content\/uploads\/2018\/10\/IMG_7383.jpg\"><img loading=\"lazy\" class=\"aligncenter size-large wp-image-7519\" src=\"http:\/\/bisbalpenedes.com\/web\/wp-content\/uploads\/2018\/10\/IMG_7383-1024x683.jpg\" alt=\"alcaldesa i feliu institut\" width=\"630\" height=\"420\" srcset=\"https:\/\/bisbalpenedes.com\/web\/wp-content\/uploads\/2018\/10\/IMG_7383-1024x683.jpg 1024w, https:\/\/bisbalpenedes.com\/web\/wp-content\/uploads\/2018\/10\/IMG_7383-600x400.jpg 600w, https:\/\/bisbalpenedes.com\/web\/wp-content\/uploads\/2018\/10\/IMG_7383-300x200.jpg 300w, https:\/\/bisbalpenedes.com\/web\/wp-content\/uploads\/2018\/10\/IMG_7383-768x512.jpg 768w\" sizes=\"(max-width: 630px) 100vw, 630px\" \/><\/a><\/p>\n<p style=\"text-align: justify;\"><span style=\"color: #000000;\"><strong>CASTELLANO |<\/strong> La alcaldesa de la Bisbal del Pened\u00e8s, Agn\u00e8s Ferr\u00e9, y el concejal de Benestar Social, Feliu Gil, han visitado el Institut Coster de la Torre este lunes 22 de octubre por la ma\u00f1ana y han ofrecido dos charlas dirigidas al alumnado de cuarto de ESO. Los chicos y las chicas de cuarto est\u00e1n preparando un proyecto que gira entorno de la recogida de alimentos y productos para los colectivos desfavorecidos y, los dos miembros del equipo de gobierno, han explicado el funcionamiento del banco de alimentos a los j\u00f3venes y tambi\u00e9n han respondido sus preguntas.<\/span><\/p>\n<p style=\"text-align: justify;\"><span style=\"color: #000000;\">El Ayuntamiento de la Bisbal del Pened\u00e8s aprob\u00f3, el pasado mes de mayo, un convenio de colaboraci\u00f3n con el Departament d&#8217;Ensenyament de la Generalitat de Catalunya a iniciativa del Institut Coster de la Torre con la finalidad de promover un Proyecto de Servicio Comunitario para el alumnado de Educaci\u00f3n Secundaria Obligatoria como instrumento para desarrollar la competencia social y ciudadana. Se trata de una iniciativa que, desde el instituto, propusieron a los ayuntamientos de los municipios de Albinyana, El Montmell, Lloren\u00e7 del Pened\u00e8s, Sant Jaume dels Domenys y la Bisbal del Pened\u00e8s, es decir, los pueblos de d\u00f3nde provienen los alumnos que van al instituto de la Bisbal.<\/span><\/p>\n<p style=\"text-align: justify;\"><span style=\"color: #000000;\">La finalidad de la iniciativa es promover la educaci\u00f3n en valores y el compromiso c\u00edvico, trabajando un modelo de aprendizaje que los llevar\u00e1 a analizar el entorno y comprometerse a mejorar el servicio a la comunidad. Est\u00e1 previsto que los alumnos lleven a cabo la recogida de productos antes de Navidad en los distintos municipios que hemos nombrado anteriormente.<\/span><\/p>\n<p style=\"text-align: justify;\"><a href=\"http:\/\/bisbalpenedes.com\/web\/wp-content\/uploads\/2018\/10\/IMG_7379.jpg\"><img loading=\"lazy\" class=\"aligncenter size-large wp-image-7520\" src=\"http:\/\/bisbalpenedes.com\/web\/wp-content\/uploads\/2018\/10\/IMG_7379-1024x683.jpg\" alt=\"institut coster alumnes agnes feliu\" width=\"630\" height=\"420\" srcset=\"https:\/\/bisbalpenedes.com\/web\/wp-content\/uploads\/2018\/10\/IMG_7379-1024x683.jpg 1024w, https:\/\/bisbalpenedes.com\/web\/wp-content\/uploads\/2018\/10\/IMG_7379-600x400.jpg 600w, https:\/\/bisbalpenedes.com\/web\/wp-content\/uploads\/2018\/10\/IMG_7379-300x200.jpg 300w, https:\/\/bisbalpenedes.com\/web\/wp-content\/uploads\/2018\/10\/IMG_7379-768x512.jpg 768w\" sizes=\"(max-width: 630px) 100vw, 630px\" \/><\/a><\/p>\n<p>&nbsp;<\/p>\n","protected":false},"excerpt":{"rendered":"<p>L&#8217;alcaldessa de la Bisbal del Pened\u00e8s, Agn\u00e8s Ferr\u00e9, i el regidor de Benestar Social, Feliu Gil, han visitat l&#8217;Institut Coster de la Torre aquest dilluns 22 d&#8217;octubre al mat\u00ed i &hellip; <a href=\"https:\/\/bisbalpenedes.com\/web\/2018\/10\/22\/lalcaldessa-i-el-regidor-de-benestar-social-han-ofert-una-xerrada-als-alumnes-de-4t-deso\/\" class=\"more-link\">Read More<\/a><\/p>\n","protected":false},"author":4,"featured_media":7519,"comment_status":"closed","ping_status":"closed","sticky":false,"template":"","format":"standard","meta":[],"categories":[16],"tags":[1151,1467,315,233,862,2484,566,1876,2485,2486],"_links":{"self":[{"href":"https:\/\/bisbalpenedes.com\/web\/wp-json\/wp\/v2\/posts\/7514"}],"collection":[{"href":"https:\/\/bisbalpenedes.com\/web\/wp-json\/wp\/v2\/posts"}],"about":[{"href":"https:\/\/bisbalpenedes.com\/web\/wp-json\/wp\/v2\/types\/post"}],"author":[{"embeddable":true,"href":"https:\/\/bisbalpenedes.com\/web\/wp-json\/wp\/v2\/users\/4"}],"replies":[{"embeddable":true,"href":"https:\/\/bisbalpenedes.com\/web\/wp-json\/wp\/v2\/comments?post=7514"}],"version-history":[{"count":2,"href":"https:\/\/bisbalpenedes.com\/web\/wp-json\/wp\/v2\/posts\/7514\/revisions"}],"predecessor-version":[{"id":7522,"href":"https:\/\/bisbalpenedes.com\/web\/wp-json\/wp\/v2\/posts\/7514\/revisions\/7522"}],"wp:featuredmedia":[{"embeddable":true,"href":"https:\/\/bisbalpenedes.com\/web\/wp-json\/wp\/v2\/media\/7519"}],"wp:attachment":[{"href":"https:\/\/bisbalpenedes.com\/web\/wp-json\/wp\/v2\/media?parent=7514"}],"wp:term":[{"taxonomy":"category","embeddable":true,"href":"https:\/\/bisbalpenedes.com\/web\/wp-json\/wp\/v2\/categories?post=7514"},{"taxonomy":"post_tag","embeddable":true,"href":"https:\/\/bisbalpenedes.com\/web\/wp-json\/wp\/v2\/tags?post=7514"}],"curies":[{"name":"wp","href":"https:\/\/api.w.org\/{rel}","templated":true}]}}