{"id":7489,"date":"2018-10-19T06:43:45","date_gmt":"2018-10-19T05:43:45","guid":{"rendered":"http:\/\/bisbalpenedes.com\/web\/?p=7489"},"modified":"2018-10-22T15:31:50","modified_gmt":"2018-10-22T14:31:50","slug":"el-dilluns-28-doctubre-a-les-18h-vine-a-la-xerrada-emprendre-en-collectiu","status":"publish","type":"post","link":"https:\/\/bisbalpenedes.com\/web\/2018\/10\/19\/el-dilluns-28-doctubre-a-les-18h-vine-a-la-xerrada-emprendre-en-collectiu\/","title":{"rendered":"La xerrada &#8216;Emprendre en col\u00b7lectiu&#8217; ha quedat ajornada"},"content":{"rendered":"<p><a href=\"http:\/\/bisbalpenedes.com\/web\/wp-content\/uploads\/2018\/10\/AJORNAT-EMPRENDRE-COOPERATIVA.jpg\"><img loading=\"lazy\" class=\"aligncenter size-large wp-image-7515\" src=\"http:\/\/bisbalpenedes.com\/web\/wp-content\/uploads\/2018\/10\/AJORNAT-EMPRENDRE-COOPERATIVA-725x1024.jpg\" alt=\"AJORNAT EMPRENDRE COOPERATIVA\" width=\"630\" height=\"890\" srcset=\"https:\/\/bisbalpenedes.com\/web\/wp-content\/uploads\/2018\/10\/AJORNAT-EMPRENDRE-COOPERATIVA-725x1024.jpg 725w, https:\/\/bisbalpenedes.com\/web\/wp-content\/uploads\/2018\/10\/AJORNAT-EMPRENDRE-COOPERATIVA-600x847.jpg 600w, https:\/\/bisbalpenedes.com\/web\/wp-content\/uploads\/2018\/10\/AJORNAT-EMPRENDRE-COOPERATIVA-213x300.jpg 213w, https:\/\/bisbalpenedes.com\/web\/wp-content\/uploads\/2018\/10\/AJORNAT-EMPRENDRE-COOPERATIVA-768x1084.jpg 768w, https:\/\/bisbalpenedes.com\/web\/wp-content\/uploads\/2018\/10\/AJORNAT-EMPRENDRE-COOPERATIVA.jpg 850w\" sizes=\"(max-width: 630px) 100vw, 630px\" \/><\/a><\/p>\n<p><span style=\"color: #0000ff;\">Per motius aliens a la Regidoria d&#8217;Ocupaci\u00f3, el taller &#8220;Com crear o formar part d&#8217;una cooperativa&#8221; s&#8217;ajorna. Des de l&#8217;Ajuntament us indicarem la nova data en la qual oferirem aquesta activitat. Disculpeu les mol\u00e8sties.<\/span><\/p>\n<p><span style=\"color: #0000ff;\">&#8212;<\/span><\/p>\n<p><span style=\"color: #0000ff;\">Por motivos ajenos a la Regidoria d&#8217;Ocupaci\u00f3, el taller &#8220;C\u00f3mo crear o formar parte de una cooperativa&#8221; se aplaza. Desde el Ayuntamiento os indicaremos la nueva fecha en la que ofreceremos esta actividad. Disculpad las molestias.<\/span><\/p>\n<p>&nbsp;<\/p>\n<hr \/>\n<p>&nbsp;<\/p>\n<p><span style=\"color: #000000;\">La Regidoria de Ocupaci\u00f3 y el SOM Bisbal han organitzat una xerrada en col\u00b7laboraci\u00f3 amb la Federaci\u00f3 Emppresarial del Gran Pened\u00e8s i l&#8217;Ateneu CoopCamp<\/span><\/p>\n<p><span style=\"color: #000000;\"><strong>-Dilluns 22 d\u2019octubre a les 18.00h:\u00a0<\/strong><strong>Com crear o formar part d\u2019una cooperativa.<\/strong><\/span><\/p>\n<p><span style=\"color: #000000;\">La xerrada es far\u00e0 a l\u2019auditori del\u00a0<strong>CMC<\/strong>\u00a0i est\u00e0 destinada a col\u00b7lectius, agrupacions o persones que estiguin interessades a formar part d\u2019una cooperativa.<\/span><\/p>\n<hr \/>\n<p><span style=\"color: #000000;\"><strong>CASTELLENO |<\/strong>\u00a0La Regidoria de Ocupaci\u00f3 y el SOM Bisbal han organizado\u00a0una charla en colaboraci\u00f3n con la Federaci\u00f3 Empresarial del Gran Pened\u00e8s i l&#8217;Ateneu CoopCamp<\/span><\/p>\n<p><span style=\"color: #000000;\"><strong>-Lunes 22 de octubre a las 18.00h: Como crear o formar parte de una cooperativa.<\/strong><\/span><\/p>\n<p><span style=\"color: #000000;\">La charla se har\u00e1 en el auditorio del\u00a0<strong>CMC<\/strong>\u00a0y est\u00e1 destinada a los colectivos, agrupaciones o personas que est\u00e9n interesadas en formar parte de una cooperativa.<\/span><\/p>\n","protected":false},"excerpt":{"rendered":"<p>Per motius aliens a la Regidoria d&#8217;Ocupaci\u00f3, el taller &#8220;Com crear o formar part d&#8217;una cooperativa&#8221; s&#8217;ajorna. Des de l&#8217;Ajuntament us indicarem la nova data en la qual oferirem aquesta &hellip; <a href=\"https:\/\/bisbalpenedes.com\/web\/2018\/10\/19\/el-dilluns-28-doctubre-a-les-18h-vine-a-la-xerrada-emprendre-en-collectiu\/\" class=\"more-link\">Read More<\/a><\/p>\n","protected":false},"author":4,"featured_media":7490,"comment_status":"closed","ping_status":"closed","sticky":false,"template":"","format":"standard","meta":[],"categories":[9],"tags":[2481,953,2480,1327],"_links":{"self":[{"href":"https:\/\/bisbalpenedes.com\/web\/wp-json\/wp\/v2\/posts\/7489"}],"collection":[{"href":"https:\/\/bisbalpenedes.com\/web\/wp-json\/wp\/v2\/posts"}],"about":[{"href":"https:\/\/bisbalpenedes.com\/web\/wp-json\/wp\/v2\/types\/post"}],"author":[{"embeddable":true,"href":"https:\/\/bisbalpenedes.com\/web\/wp-json\/wp\/v2\/users\/4"}],"replies":[{"embeddable":true,"href":"https:\/\/bisbalpenedes.com\/web\/wp-json\/wp\/v2\/comments?post=7489"}],"version-history":[{"count":5,"href":"https:\/\/bisbalpenedes.com\/web\/wp-json\/wp\/v2\/posts\/7489\/revisions"}],"predecessor-version":[{"id":7518,"href":"https:\/\/bisbalpenedes.com\/web\/wp-json\/wp\/v2\/posts\/7489\/revisions\/7518"}],"wp:featuredmedia":[{"embeddable":true,"href":"https:\/\/bisbalpenedes.com\/web\/wp-json\/wp\/v2\/media\/7490"}],"wp:attachment":[{"href":"https:\/\/bisbalpenedes.com\/web\/wp-json\/wp\/v2\/media?parent=7489"}],"wp:term":[{"taxonomy":"category","embeddable":true,"href":"https:\/\/bisbalpenedes.com\/web\/wp-json\/wp\/v2\/categories?post=7489"},{"taxonomy":"post_tag","embeddable":true,"href":"https:\/\/bisbalpenedes.com\/web\/wp-json\/wp\/v2\/tags?post=7489"}],"curies":[{"name":"wp","href":"https:\/\/api.w.org\/{rel}","templated":true}]}}