{"id":7486,"date":"2018-10-22T06:23:23","date_gmt":"2018-10-22T05:23:23","guid":{"rendered":"http:\/\/bisbalpenedes.com\/web\/?p=7486"},"modified":"2018-10-22T06:23:23","modified_gmt":"2018-10-22T05:23:23","slug":"modificacio-puntual-dels-horaris-i-dies-dobertura-de-la-biblioteca","status":"publish","type":"post","link":"https:\/\/bisbalpenedes.com\/web\/2018\/10\/22\/modificacio-puntual-dels-horaris-i-dies-dobertura-de-la-biblioteca\/","title":{"rendered":"Modificaci\u00f3 puntual dels horaris i dies d&#8217;obertura de la Biblioteca"},"content":{"rendered":"<p><span style=\"color: #000000;\">La\u00a0<a class=\"profileLink\" style=\"color: #000000;\" href=\"https:\/\/www.facebook.com\/BibliotecaBisbal\/?__tn__=K-R&amp;eid=ARA-Ttpp4n6wHi1yjCA_IvVf4fB2kbB4hvHgblgLeYa620oh8oa5E0IL5NZmYbGD1ye6-VQj0AKGkMhF&amp;fref=mentions&amp;__xts__%5B0%5D=68.ARBI4K7dJGo_GArssB7vadoMTBF-iKyU3a7sSn9SKWY5d8NmpMlArEEqvcYc1T7uyIgJ6IKA6FYJ9H78KfjXV_DQ7nvY8La53NodOVW8krk7YRlcREPFYy3_MmXZJHJQXJvTIWeWuVxs8JFXriKL5_U7WDvJzK2QD-PTNq1bEKoXNeOtB4fHlSJAiTptOFNGYgD5dP6DuVOINfRqSs_KgLdh-jE\" data-hovercard=\"\/ajax\/hovercard\/page.php?id=314117998946521&amp;extragetparams=%7B%22__tn__%22%3A%22%2CdK-R-R%22%2C%22eid%22%3A%22ARA-Ttpp4n6wHi1yjCA_IvVf4fB2kbB4hvHgblgLeYa620oh8oa5E0IL5NZmYbGD1ye6-VQj0AKGkMhF%22%2C%22fref%22%3A%22mentions%22%7D\" data-hovercard-prefer-more-content-show=\"1\">Biblioteca p\u00fablica de la Bisbal del Pened\u00e8s<\/a>\u00a0tancar\u00e0 els dies 24, 26, 27 i 31 d&#8217;octubre i els dies 2 i 3 de novembre per vacances del personal. Disculpeu les mol\u00e8sties.<\/span><\/p>\n<p><span style=\"color: #000000;\">&#8212;<\/span><\/p>\n<p><span style=\"color: #000000;\">La Biblioteca p\u00fablica de la Bisbal del Pened\u00e8s cerrar\u00e1 los d\u00edas 24, 26, 27 y 31 de octubre y los d\u00edas 2 y 3 de noviembre por vacaciones del personal.\u00a0Disculpen las molestias.<\/span><a href=\"http:\/\/bisbalpenedes.com\/web\/wp-content\/uploads\/2018\/10\/cartell-WhatsApp-001.jpg\"><br \/>\n<\/a> <a href=\"http:\/\/bisbalpenedes.com\/web\/wp-content\/uploads\/2018\/10\/TANCAT-vacances-001.jpg\"><img loading=\"lazy\" class=\"aligncenter size-large wp-image-7487\" src=\"http:\/\/bisbalpenedes.com\/web\/wp-content\/uploads\/2018\/10\/TANCAT-vacances-001-1024x724.jpg\" alt=\"TANCAT vacances-001\" width=\"630\" height=\"445\" srcset=\"https:\/\/bisbalpenedes.com\/web\/wp-content\/uploads\/2018\/10\/TANCAT-vacances-001-1024x724.jpg 1024w, https:\/\/bisbalpenedes.com\/web\/wp-content\/uploads\/2018\/10\/TANCAT-vacances-001-600x424.jpg 600w, https:\/\/bisbalpenedes.com\/web\/wp-content\/uploads\/2018\/10\/TANCAT-vacances-001-300x212.jpg 300w, https:\/\/bisbalpenedes.com\/web\/wp-content\/uploads\/2018\/10\/TANCAT-vacances-001-768x543.jpg 768w, https:\/\/bisbalpenedes.com\/web\/wp-content\/uploads\/2018\/10\/TANCAT-vacances-001.jpg 1684w\" sizes=\"(max-width: 630px) 100vw, 630px\" \/><\/a><a href=\"http:\/\/bisbalpenedes.com\/web\/wp-content\/uploads\/2018\/10\/TANCAT-vacances-001.jpg\"><br \/>\n<\/a><\/p>\n","protected":false},"excerpt":{"rendered":"<p>La\u00a0Biblioteca p\u00fablica de la Bisbal del Pened\u00e8s\u00a0tancar\u00e0 els dies 24, 26, 27 i 31 d&#8217;octubre i els dies 2 i 3 de novembre per vacances del personal. Disculpeu les mol\u00e8sties. &hellip; <a href=\"https:\/\/bisbalpenedes.com\/web\/2018\/10\/22\/modificacio-puntual-dels-horaris-i-dies-dobertura-de-la-biblioteca\/\" class=\"more-link\">Read More<\/a><\/p>\n","protected":false},"author":4,"featured_media":5063,"comment_status":"closed","ping_status":"closed","sticky":false,"template":"","format":"standard","meta":[],"categories":[2478,13],"tags":[180,784,2479,1868],"_links":{"self":[{"href":"https:\/\/bisbalpenedes.com\/web\/wp-json\/wp\/v2\/posts\/7486"}],"collection":[{"href":"https:\/\/bisbalpenedes.com\/web\/wp-json\/wp\/v2\/posts"}],"about":[{"href":"https:\/\/bisbalpenedes.com\/web\/wp-json\/wp\/v2\/types\/post"}],"author":[{"embeddable":true,"href":"https:\/\/bisbalpenedes.com\/web\/wp-json\/wp\/v2\/users\/4"}],"replies":[{"embeddable":true,"href":"https:\/\/bisbalpenedes.com\/web\/wp-json\/wp\/v2\/comments?post=7486"}],"version-history":[{"count":1,"href":"https:\/\/bisbalpenedes.com\/web\/wp-json\/wp\/v2\/posts\/7486\/revisions"}],"predecessor-version":[{"id":7488,"href":"https:\/\/bisbalpenedes.com\/web\/wp-json\/wp\/v2\/posts\/7486\/revisions\/7488"}],"wp:featuredmedia":[{"embeddable":true,"href":"https:\/\/bisbalpenedes.com\/web\/wp-json\/wp\/v2\/media\/5063"}],"wp:attachment":[{"href":"https:\/\/bisbalpenedes.com\/web\/wp-json\/wp\/v2\/media?parent=7486"}],"wp:term":[{"taxonomy":"category","embeddable":true,"href":"https:\/\/bisbalpenedes.com\/web\/wp-json\/wp\/v2\/categories?post=7486"},{"taxonomy":"post_tag","embeddable":true,"href":"https:\/\/bisbalpenedes.com\/web\/wp-json\/wp\/v2\/tags?post=7486"}],"curies":[{"name":"wp","href":"https:\/\/api.w.org\/{rel}","templated":true}]}}