{"id":7482,"date":"2018-10-19T08:54:30","date_gmt":"2018-10-19T07:54:30","guid":{"rendered":"http:\/\/bisbalpenedes.com\/web\/?p=7482"},"modified":"2018-10-19T08:54:30","modified_gmt":"2018-10-19T07:54:30","slug":"vols-aprendre-com-funciona-whatsapp-i-coneixer-altres-aplicacions-per-al-teu-mobil-no-et-perdis-aquest-taller","status":"publish","type":"post","link":"https:\/\/bisbalpenedes.com\/web\/2018\/10\/19\/vols-aprendre-com-funciona-whatsapp-i-coneixer-altres-aplicacions-per-al-teu-mobil-no-et-perdis-aquest-taller\/","title":{"rendered":"Vols aprendre com funciona Whatsapp i con\u00e8ixer altres aplicacions per al teu m\u00f2bil? No et perdis aquest taller!"},"content":{"rendered":"<p><a href=\"http:\/\/bisbalpenedes.com\/web\/wp-content\/uploads\/2018\/10\/cartell-WhatsApp-001.jpg\"><img loading=\"lazy\" class=\"aligncenter size-medium wp-image-7483\" src=\"http:\/\/bisbalpenedes.com\/web\/wp-content\/uploads\/2018\/10\/cartell-WhatsApp-001-212x300.jpg\" alt=\"CARTELL WHATSAPP\" width=\"212\" height=\"300\" srcset=\"https:\/\/bisbalpenedes.com\/web\/wp-content\/uploads\/2018\/10\/cartell-WhatsApp-001-212x300.jpg 212w, https:\/\/bisbalpenedes.com\/web\/wp-content\/uploads\/2018\/10\/cartell-WhatsApp-001-600x849.jpg 600w, https:\/\/bisbalpenedes.com\/web\/wp-content\/uploads\/2018\/10\/cartell-WhatsApp-001-768x1087.jpg 768w, https:\/\/bisbalpenedes.com\/web\/wp-content\/uploads\/2018\/10\/cartell-WhatsApp-001-724x1024.jpg 724w, https:\/\/bisbalpenedes.com\/web\/wp-content\/uploads\/2018\/10\/cartell-WhatsApp-001.jpg 1190w\" sizes=\"(max-width: 212px) 100vw, 212px\" \/><\/a><\/p>\n<p><span style=\"color: #000000;\">Els dimecres 7 i 14 de novembre, de 19 a 21h, s&#8217;impartir\u00e0 un taller de 4 hores de durada, en total, adre\u00e7at a majors de 55 anys. Durant aquesta formaci\u00f3 gratu\u00efta aprendrem a descarregar aquesta i altres aplicacions per al tel\u00e8fon m\u00f2bil, crear un perfil, parlar pel xat, crear grups i compartir fotografies, \u00e0udios i altres complements. Les inscripcions s&#8217;han de fer a la Biblioteca, que ser\u00e0 el lloc que acollir\u00e0 el taller. \u00c9s una activitat de la Regidoria de Cultura amb col\u00b7laboraci\u00f3 amb la Fundaci\u00f3n Vodafone Espa\u00f1a i la Fundaci\u00f3 Pere Tarr\u00e9s.<\/span><\/p>\n<hr \/>\n<p><span style=\"color: #000000;\"><strong>CASTELLANO |<\/strong> Los mi\u00e9rcoles 7 y 14 de noviembre, de 19 a 21h, se impartir\u00e1 un taller de 4 horas de duraci\u00f3n, en total, dirigido a mayores de 55 a\u00f1os. Durante esta formaci\u00f3n gratuita aprenderemos a descargar esta y otras aplicaciones para el tel\u00e9fono m\u00f3bil, crear un perfil, hablar por el chat, crear grupos y compartir fotograf\u00edas, audios y otros complementos. Las inscripciones deben hacerse en la Biblioteca, que ser\u00e1 el lugar que acoger\u00e1 el taller. Se trata de una actividad de la Regidoria de Cultura con la colaboraci\u00f3n de la Fundaci\u00f3n Vodafone Espa\u00f1a y la Fundaci\u00f3 Pere Tarr\u00e9s.<\/span><\/p>\n","protected":false},"excerpt":{"rendered":"<p>Els dimecres 7 i 14 de novembre, de 19 a 21h, s&#8217;impartir\u00e0 un taller de 4 hores de durada, en total, adre\u00e7at a majors de 55 anys. Durant aquesta formaci\u00f3 &hellip; <a href=\"https:\/\/bisbalpenedes.com\/web\/2018\/10\/19\/vols-aprendre-com-funciona-whatsapp-i-coneixer-altres-aplicacions-per-al-teu-mobil-no-et-perdis-aquest-taller\/\" class=\"more-link\">Read More<\/a><\/p>\n","protected":false},"author":4,"featured_media":7483,"comment_status":"closed","ping_status":"closed","sticky":false,"template":"","format":"standard","meta":[],"categories":[13],"tags":[1864,1865,172,2477],"_links":{"self":[{"href":"https:\/\/bisbalpenedes.com\/web\/wp-json\/wp\/v2\/posts\/7482"}],"collection":[{"href":"https:\/\/bisbalpenedes.com\/web\/wp-json\/wp\/v2\/posts"}],"about":[{"href":"https:\/\/bisbalpenedes.com\/web\/wp-json\/wp\/v2\/types\/post"}],"author":[{"embeddable":true,"href":"https:\/\/bisbalpenedes.com\/web\/wp-json\/wp\/v2\/users\/4"}],"replies":[{"embeddable":true,"href":"https:\/\/bisbalpenedes.com\/web\/wp-json\/wp\/v2\/comments?post=7482"}],"version-history":[{"count":1,"href":"https:\/\/bisbalpenedes.com\/web\/wp-json\/wp\/v2\/posts\/7482\/revisions"}],"predecessor-version":[{"id":7484,"href":"https:\/\/bisbalpenedes.com\/web\/wp-json\/wp\/v2\/posts\/7482\/revisions\/7484"}],"wp:featuredmedia":[{"embeddable":true,"href":"https:\/\/bisbalpenedes.com\/web\/wp-json\/wp\/v2\/media\/7483"}],"wp:attachment":[{"href":"https:\/\/bisbalpenedes.com\/web\/wp-json\/wp\/v2\/media?parent=7482"}],"wp:term":[{"taxonomy":"category","embeddable":true,"href":"https:\/\/bisbalpenedes.com\/web\/wp-json\/wp\/v2\/categories?post=7482"},{"taxonomy":"post_tag","embeddable":true,"href":"https:\/\/bisbalpenedes.com\/web\/wp-json\/wp\/v2\/tags?post=7482"}],"curies":[{"name":"wp","href":"https:\/\/api.w.org\/{rel}","templated":true}]}}