{"id":7477,"date":"2018-10-19T08:27:30","date_gmt":"2018-10-19T07:27:30","guid":{"rendered":"http:\/\/bisbalpenedes.com\/web\/?p=7477"},"modified":"2018-10-19T08:54:52","modified_gmt":"2018-10-19T07:54:52","slug":"el-dilluns-22-doctubre-a-les-19h-la-biblioteca-acollira-un-taller-sobre-planificacio-de-menus-saludables","status":"publish","type":"post","link":"https:\/\/bisbalpenedes.com\/web\/2018\/10\/19\/el-dilluns-22-doctubre-a-les-19h-la-biblioteca-acollira-un-taller-sobre-planificacio-de-menus-saludables\/","title":{"rendered":"El dilluns 22 d&#8217;octubre a les 19h la Biblioteca acollir\u00e0 un taller sobre &#8216;Planificaci\u00f3 de men\u00fas saludables&#8217;"},"content":{"rendered":"<p style=\"text-align: justify;\"><a href=\"http:\/\/bisbalpenedes.com\/web\/wp-content\/uploads\/2018\/10\/pindoles-de-salut.jpg\"><img loading=\"lazy\" class=\"aligncenter size-medium wp-image-7479\" src=\"http:\/\/bisbalpenedes.com\/web\/wp-content\/uploads\/2018\/10\/pindoles-de-salut-212x300.jpg\" alt=\"pindoles de salut\" width=\"212\" height=\"300\" srcset=\"https:\/\/bisbalpenedes.com\/web\/wp-content\/uploads\/2018\/10\/pindoles-de-salut-212x300.jpg 212w, https:\/\/bisbalpenedes.com\/web\/wp-content\/uploads\/2018\/10\/pindoles-de-salut-600x848.jpg 600w, https:\/\/bisbalpenedes.com\/web\/wp-content\/uploads\/2018\/10\/pindoles-de-salut.jpg 679w\" sizes=\"(max-width: 212px) 100vw, 212px\" \/><\/a><\/p>\n<p style=\"text-align: justify;\"><span style=\"color: #000000;\">El dilluns 22 d&#8217;octubre a les 19h, la Biblioteca acollir\u00e0 una nova edici\u00f3 de les P\u00edndoles de Salut.\u00a0En aquest cas s&#8217;oferir\u00e0 un taller sobre &#8220;Planificaci\u00f3 de men\u00fas saludables&#8221;,\u00a0a c\u00e0rrec del doctor Rafel Balanz\u00e0, de la Unitat de Nutrici\u00f3 Humana, FMCS-Reus URV. L&#8217;activitat \u00e9s gratu\u00efta amb inscripci\u00f3 pr\u00e8via a la Biblioteca. Places limitades.<\/span><\/p>\n<hr \/>\n<p style=\"text-align: justify;\"><span style=\"color: #000000;\"><strong>CASTELLANO |<\/strong> El lunes 22 de octubre a las 19h, la Biblioteca acoger\u00e1 una nueva edici\u00f3n de las P\u00edldoras de Salud. En este caso ofrecer\u00e1 un taller sobre &#8220;Planificaci\u00f3n de men\u00fas saludables&#8221; a cargo del doctor Rafel Balanz\u00e0, de la Unitat de Nutrici\u00f3 Humana, FMCS-Reus URV. La actividad es gratuita con inscripci\u00f3n previa en la Biblioteca. Plazas limitadas.<\/span><\/p>\n","protected":false},"excerpt":{"rendered":"<p>El dilluns 22 d&#8217;octubre a les 19h, la Biblioteca acollir\u00e0 una nova edici\u00f3 de les P\u00edndoles de Salut.\u00a0En aquest cas s&#8217;oferir\u00e0 un taller sobre &#8220;Planificaci\u00f3 de men\u00fas saludables&#8221;,\u00a0a c\u00e0rrec del &hellip; <a href=\"https:\/\/bisbalpenedes.com\/web\/2018\/10\/19\/el-dilluns-22-doctubre-a-les-19h-la-biblioteca-acollira-un-taller-sobre-planificacio-de-menus-saludables\/\" class=\"more-link\">Read More<\/a><\/p>\n","protected":false},"author":4,"featured_media":7479,"comment_status":"closed","ping_status":"closed","sticky":false,"template":"","format":"standard","meta":[],"categories":[13],"tags":[152,180,1186,2476,2475,145],"_links":{"self":[{"href":"https:\/\/bisbalpenedes.com\/web\/wp-json\/wp\/v2\/posts\/7477"}],"collection":[{"href":"https:\/\/bisbalpenedes.com\/web\/wp-json\/wp\/v2\/posts"}],"about":[{"href":"https:\/\/bisbalpenedes.com\/web\/wp-json\/wp\/v2\/types\/post"}],"author":[{"embeddable":true,"href":"https:\/\/bisbalpenedes.com\/web\/wp-json\/wp\/v2\/users\/4"}],"replies":[{"embeddable":true,"href":"https:\/\/bisbalpenedes.com\/web\/wp-json\/wp\/v2\/comments?post=7477"}],"version-history":[{"count":2,"href":"https:\/\/bisbalpenedes.com\/web\/wp-json\/wp\/v2\/posts\/7477\/revisions"}],"predecessor-version":[{"id":7481,"href":"https:\/\/bisbalpenedes.com\/web\/wp-json\/wp\/v2\/posts\/7477\/revisions\/7481"}],"wp:featuredmedia":[{"embeddable":true,"href":"https:\/\/bisbalpenedes.com\/web\/wp-json\/wp\/v2\/media\/7479"}],"wp:attachment":[{"href":"https:\/\/bisbalpenedes.com\/web\/wp-json\/wp\/v2\/media?parent=7477"}],"wp:term":[{"taxonomy":"category","embeddable":true,"href":"https:\/\/bisbalpenedes.com\/web\/wp-json\/wp\/v2\/categories?post=7477"},{"taxonomy":"post_tag","embeddable":true,"href":"https:\/\/bisbalpenedes.com\/web\/wp-json\/wp\/v2\/tags?post=7477"}],"curies":[{"name":"wp","href":"https:\/\/api.w.org\/{rel}","templated":true}]}}