{"id":7467,"date":"2018-10-18T16:10:35","date_gmt":"2018-10-18T15:10:35","guid":{"rendered":"http:\/\/bisbalpenedes.com\/web\/?p=7467"},"modified":"2018-10-18T16:10:35","modified_gmt":"2018-10-18T15:10:35","slug":"avis-per-pluja-i-vent-al-baix-penedes","status":"publish","type":"post","link":"https:\/\/bisbalpenedes.com\/web\/2018\/10\/18\/avis-per-pluja-i-vent-al-baix-penedes\/","title":{"rendered":"Av\u00eds per pluja i vent al Baix Pened\u00e8s"},"content":{"rendered":"<p>El Meteocat ha em\u00e8s avisos per pluja i vent per a la nostra comarca. Tamb\u00e9 hi ha activats avisos per intensitat i acumulaci\u00f3 de pluja en les comarques del sud, a partir del Tarragon\u00e8s i fins al Montsi\u00e0. Extremeu les precaucions.<br \/>\nPodeu consultar la predicci\u00f3 en aquest enlla\u00e7. M\u00e9s informaci\u00f3 a l&#8217;enlla\u00e7:\u00a0<a href=\"http:\/\/www.meteo.cat\/prediccio\/general\/?fbclid=IwAR0bHjNc7uuvtOAKA3TLD-jRKLvz6e_yxDUUiXnYRx0ko47RUnbMu6TR9N4\" target=\"_blank\" rel=\"noopener nofollow\" data-ft=\"{&quot;tn&quot;:&quot;-U&quot;}\" data-lynx-mode=\"async\" data-lynx-uri=\"https:\/\/l.facebook.com\/l.php?u=http%3A%2F%2Fwww.meteo.cat%2Fprediccio%2Fgeneral%2F%3Ffbclid%3DIwAR0bHjNc7uuvtOAKA3TLD-jRKLvz6e_yxDUUiXnYRx0ko47RUnbMu6TR9N4&amp;h=AT18CSft2flmnk1Nc2G4R_1jJrisj0SeMUWC9Py5UT8FONnmBzeE4lEBJuqV9YnLj8oN1_EV-GTCJEcdDLJZd2h4x07l8a7v_5_RZnOP7M35-BdCyzr0hRUHqdLJdd-Onjxy5sRQ8rkuaIEXvYVDr374BBIewgagXkTdYSwlpU2Z2kb_e2nfMX1FjsIMytBLJpi5bkSWTsELPRqolSL3rgTRT26_GYjKbtOEJr7Lp--6R721Uy2QRhSx-kKwJblAj9JWD5DZ0gA7luKZzDqCyj8xEA5tF6PyBs0EekNWG3v11BOIfBH1T6NvF83iKM8C2AMpWwH2TjZChlOKIZXAJzxLAsj9aQMn3dFDD7TqKQAxyH6WmEDatP90qbAA9M577WStII1f51XpFCgdt0f65VbdXq5gDeYBxxP-6boRptduka7GVan6w5CBXoBx\">http:\/\/www.meteo.cat\/prediccio\/general\/<\/a><\/p>\n<p>&#8212;<\/p>\n<div class=\"text_exposed_show\">\n<p><b>CASTELLANO |<\/b>\u00a0El Meteocat ha emitido avisos por lluvia y viento en nuestra comarca. Tambi\u00e9n est\u00e1n activados los avisos por intensidad y acumulaci\u00f3n de lluvia en las comarcas del sur, a partir del Tarragon\u00e8s y hasta el Montsi\u00e0. Extremad las precauciones.<br \/>\nPod\u00e9is consultar la predicci\u00f3n en este enlace. M\u00e1s informaci\u00f3n en el enlace:\u00a0<a href=\"http:\/\/www.meteo.cat\/prediccio\/general\/?fbclid=IwAR094HqFRaHHwhgrIdTyu1EQoAPmL99zmkPXxMf2JETtio_Olz-nkdus6S4\" target=\"_blank\" rel=\"noopener nofollow\" data-ft=\"{&quot;tn&quot;:&quot;-U&quot;}\" data-lynx-mode=\"async\" data-lynx-uri=\"https:\/\/l.facebook.com\/l.php?u=http%3A%2F%2Fwww.meteo.cat%2Fprediccio%2Fgeneral%2F%3Ffbclid%3DIwAR094HqFRaHHwhgrIdTyu1EQoAPmL99zmkPXxMf2JETtio_Olz-nkdus6S4&amp;h=AT3J9g2pqn0v2VC_DvPqkrRpVBe1BXj6KKwnPbqKThWliNha8q-CgT8DOtGnywRnypzl99JDPI6upyQiwV41Kk5jvmrrIDYsEjArOCUVRVP3F6Am6k_RAbv1W1D8tZs3ivt6e5AF90HJgkxwmj3YVfeXQQRCyUfj1j2eDp3fMz21umTZC0G6KkqpznQyHBYQbJFHTgb12LW_p6xy9YR7EN2K6tneMr-EwEawyC7tPp1pCfALaIpAk-l_tmoKu5KrF2vCW-_zVW-yKGoHux9lvv0uf1YkmWOWHxrvGGJtGS7xqHrHet7eBHimcUe0op5d5U4uFcpH9wRaC6eWsgVvCMnA885FsoBK_1dJ9or8VidG3P9zljXA8Hc8VRFk9oYW6KR90ofdkQkWyK56mdTXC1cDXASj5BWgg221nWKjmhz-5-fHJVGFETDDgQq-\">http:\/\/www.meteo.cat\/prediccio\/general\/<\/a><\/p>\n<\/div>\n","protected":false},"excerpt":{"rendered":"<p>El Meteocat ha em\u00e8s avisos per pluja i vent per a la nostra comarca. Tamb\u00e9 hi ha activats avisos per intensitat i acumulaci\u00f3 de pluja en les comarques del sud, &hellip; <a href=\"https:\/\/bisbalpenedes.com\/web\/2018\/10\/18\/avis-per-pluja-i-vent-al-baix-penedes\/\" class=\"more-link\">Read More<\/a><\/p>\n","protected":false},"author":4,"featured_media":7468,"comment_status":"closed","ping_status":"closed","sticky":false,"template":"","format":"standard","meta":[],"categories":[1628],"tags":[129,2050,2474,1187],"_links":{"self":[{"href":"https:\/\/bisbalpenedes.com\/web\/wp-json\/wp\/v2\/posts\/7467"}],"collection":[{"href":"https:\/\/bisbalpenedes.com\/web\/wp-json\/wp\/v2\/posts"}],"about":[{"href":"https:\/\/bisbalpenedes.com\/web\/wp-json\/wp\/v2\/types\/post"}],"author":[{"embeddable":true,"href":"https:\/\/bisbalpenedes.com\/web\/wp-json\/wp\/v2\/users\/4"}],"replies":[{"embeddable":true,"href":"https:\/\/bisbalpenedes.com\/web\/wp-json\/wp\/v2\/comments?post=7467"}],"version-history":[{"count":1,"href":"https:\/\/bisbalpenedes.com\/web\/wp-json\/wp\/v2\/posts\/7467\/revisions"}],"predecessor-version":[{"id":7469,"href":"https:\/\/bisbalpenedes.com\/web\/wp-json\/wp\/v2\/posts\/7467\/revisions\/7469"}],"wp:featuredmedia":[{"embeddable":true,"href":"https:\/\/bisbalpenedes.com\/web\/wp-json\/wp\/v2\/media\/7468"}],"wp:attachment":[{"href":"https:\/\/bisbalpenedes.com\/web\/wp-json\/wp\/v2\/media?parent=7467"}],"wp:term":[{"taxonomy":"category","embeddable":true,"href":"https:\/\/bisbalpenedes.com\/web\/wp-json\/wp\/v2\/categories?post=7467"},{"taxonomy":"post_tag","embeddable":true,"href":"https:\/\/bisbalpenedes.com\/web\/wp-json\/wp\/v2\/tags?post=7467"}],"curies":[{"name":"wp","href":"https:\/\/api.w.org\/{rel}","templated":true}]}}