{"id":7455,"date":"2018-10-18T13:32:18","date_gmt":"2018-10-18T12:32:18","guid":{"rendered":"http:\/\/bisbalpenedes.com\/web\/?p=7455"},"modified":"2018-10-23T15:37:41","modified_gmt":"2018-10-23T14:37:41","slug":"el-proxim-divendres-26-doctubre-se-celebrara-el-4t-congres-de-dones-dempresa","status":"publish","type":"post","link":"https:\/\/bisbalpenedes.com\/web\/2018\/10\/18\/el-proxim-divendres-26-doctubre-se-celebrara-el-4t-congres-de-dones-dempresa\/","title":{"rendered":"El divendres 26 d&#8217;octubre tindr\u00e0 lloc el 4t Congr\u00e9s de Dones d&#8217;Empresa"},"content":{"rendered":"<p style=\"text-align: justify;\"><span style=\"color: #000000;\">Dones d&#8217;Empresa, el col\u00b7lectiu format per dones emprenedores, empres\u00e0ries, directives i executives, ha organitzat el 4t Congr\u00e9s de Dones d&#8217;Empresa que tindr\u00e0 lloc el pr\u00f2xim divendres 26 d&#8217;octubre, al mat\u00ed i a la tarda, a Vilanova i la Geltr\u00fa (Auditori de Ne\u00e0polis). L&#8217;acte, organitzat des de Dones d&#8217;Empresa i la Federaci\u00f3 Empresarial del Gran Pened\u00e8s (FEGP), inclour\u00e0 una trentena de pon\u00e8ncies sobre les noves tend\u00e8ncies en l&#8217;operativa i l&#8217;estrat\u00e8gia empresarials. A m\u00e9s, es promour\u00e0 la interrelaci\u00f3 professional entre els i les congressistes. El programa inclou un dinar <em>convivial<\/em>, a peu dret, al mateix edifici del Ne\u00e0polis. Consulta el programa:<a href=\"http:\/\/donesdempresa.cat\/4tcongres\/181016_congres.html\" target=\"_blank\">\u00a0http:\/\/donesdempresa.cat\/4tcongres\/181016_congres.html<\/a><\/span><\/p>\n<p style=\"text-align: justify;\"><span style=\"color: #000000;\">Per participar en l&#8217;acte cal abonar la quantitat de 50 \u20ac en el cas de membres de Dones d&#8217;Empresa o la FEGP i 65\u20ac en la resta de casos. Per confirmar l&#8217;assist\u00e8ncia cal que empleneu el formulari que trobareu a l&#8217;enlla\u00e7:\u00a0<a href=\"http:\/\/donesdempresa.cat\/20-i-21-doctubre-de-20173r-congres-de-dones-dempresa\/\" target=\"_blank\">http:\/\/donesdempresa.cat\/20-i-21-doctubre-de-20173r-congres-de-dones-dempresa\/<\/a><\/span><\/p>\n<p style=\"text-align: justify;\"><a href=\"http:\/\/bisbalpenedes.com\/web\/wp-content\/uploads\/2018\/10\/dones-dempresa-arantzazu-longares.jpg\"><img loading=\"lazy\" class=\"aligncenter wp-image-7457 size-large\" src=\"http:\/\/bisbalpenedes.com\/web\/wp-content\/uploads\/2018\/10\/dones-dempresa-arantzazu-longares-1024x575.jpg\" alt=\"dones d'empresa arantzazu longares\" width=\"630\" height=\"354\" srcset=\"https:\/\/bisbalpenedes.com\/web\/wp-content\/uploads\/2018\/10\/dones-dempresa-arantzazu-longares-1024x575.jpg 1024w, https:\/\/bisbalpenedes.com\/web\/wp-content\/uploads\/2018\/10\/dones-dempresa-arantzazu-longares-600x337.jpg 600w, https:\/\/bisbalpenedes.com\/web\/wp-content\/uploads\/2018\/10\/dones-dempresa-arantzazu-longares-300x168.jpg 300w, https:\/\/bisbalpenedes.com\/web\/wp-content\/uploads\/2018\/10\/dones-dempresa-arantzazu-longares-768x431.jpg 768w, https:\/\/bisbalpenedes.com\/web\/wp-content\/uploads\/2018\/10\/dones-dempresa-arantzazu-longares.jpg 1600w\" sizes=\"(max-width: 630px) 100vw, 630px\" \/><\/a><\/p>\n<p style=\"text-align: justify;\"><strong><span style=\"color: #000000;\">La Regidoria d&#8217;Ocupaci\u00f3 de l&#8217;Ajuntament de la Bisbal del Pened\u00e8s ser\u00e0 present al Congr\u00e9s. Aquest dijous 18 d&#8217;octubre, al mat\u00ed, la t\u00e8cnica d&#8217;Ocupaci\u00f3 de l&#8217;Ajuntament de la Bisbal, Arantzazu Longares, ha participat en una tert\u00falia que s&#8217;ha realitzat a R\u00e0dio Vilafranca en el marc del programa &#8220;Pened\u00e8s en Xarxa&#8221;, juntament amb l&#8217;Elena Trilla, <em>coach<\/em> i impulsora de Dones d&#8217;Empresa; Cinta Fondarella de CYP Assessors; i Eva Gallego del departament de comunicaci\u00f3 de la FEGP.\u00a0<\/span><\/strong><\/p>\n<p style=\"padding-left: 210px;\"><iframe loading=\"lazy\" src=\"https:\/\/www.rtvvilafranca.cat\/programa\/penedes-en-xarxa\/f\/187594-20181018b\/embed\" width=\"560\" height=\"315\" frameborder=\"0\" allowfullscreen=\"allowfullscreen\"><\/iframe><\/p>\n<hr \/>\n<p style=\"text-align: justify;\"><span style=\"color: #000000;\"><strong>CASTELLANO |<\/strong> Dones d&#8217;Empresa, el colectivo formado por mujeres emprendedoras, empresarias, directivas y ejecutivas, ha organizado el 4t Congr\u00e9s de Dones d&#8217;Empresa que se celebrar\u00e1 el pr\u00f3ximo viernes 26 de octubre, por la ma\u00f1ana y por la tarde, en Vilanova i la Geltr\u00fa (Auditori de Ne\u00e0polis). El acto, organizado desde Dones d&#8217;Empresa y la Federaci\u00f3 Empresarial del Gran Pened\u00e8s (FEGP), incluir\u00e1 una trentena de ponencias sobre las nuevas tendencias en la operativa y la estrategia empresariales. Adem\u00e1s, se promover\u00e1 la interrelaci\u00f3n profesional entre los y las congresistas. El programa incluye una comida<em> convivial<\/em>, de pi\u00e9, en el mismo edificio del N\u00e8apolis. Consulta el programa:\u00a0<a href=\"http:\/\/donesdempresa.cat\/4tcongres\/181016_congres.html\" target=\"_blank\">http:\/\/donesdempresa.cat\/4tcongres\/181016_congres.html\u00a0<\/a><\/span><\/p>\n<p style=\"text-align: justify;\"><span style=\"color: #000000;\">Para participar en el acto hay que abonar la cantidad de 50\u20ac en el caso de miembros de Dones d&#8217;Empresa o la FEGP y 65\u20ac en cualquier otro caso. Para confirmar la asistencia deb\u00e9is rellenar el formulario que encontrar\u00e9is en el enlace:\u00a0\u00a0<a style=\"color: #000000;\" href=\"http:\/\/donesdempresa.cat\/20-i-21-doctubre-de-20173r-congres-de-dones-dempresa\/\" target=\"_blank\">http:\/\/donesdempresa.cat\/20-i-21-doctubre-de-20173r-congres-de-dones-dempresa\/<\/a><\/span><\/p>\n<p style=\"text-align: justify;\"><a href=\"http:\/\/bisbalpenedes.com\/web\/wp-content\/uploads\/2018\/10\/dones-dempresa-arantzazu-longares.jpg\"><img loading=\"lazy\" class=\"aligncenter size-large wp-image-7457\" src=\"http:\/\/bisbalpenedes.com\/web\/wp-content\/uploads\/2018\/10\/dones-dempresa-arantzazu-longares-1024x575.jpg\" alt=\"dones d'empresa arantzazu longares\" width=\"630\" height=\"354\" srcset=\"https:\/\/bisbalpenedes.com\/web\/wp-content\/uploads\/2018\/10\/dones-dempresa-arantzazu-longares-1024x575.jpg 1024w, https:\/\/bisbalpenedes.com\/web\/wp-content\/uploads\/2018\/10\/dones-dempresa-arantzazu-longares-600x337.jpg 600w, https:\/\/bisbalpenedes.com\/web\/wp-content\/uploads\/2018\/10\/dones-dempresa-arantzazu-longares-300x168.jpg 300w, https:\/\/bisbalpenedes.com\/web\/wp-content\/uploads\/2018\/10\/dones-dempresa-arantzazu-longares-768x431.jpg 768w, https:\/\/bisbalpenedes.com\/web\/wp-content\/uploads\/2018\/10\/dones-dempresa-arantzazu-longares.jpg 1600w\" sizes=\"(max-width: 630px) 100vw, 630px\" \/><\/a><\/p>\n<p style=\"text-align: justify;\"><strong><span style=\"color: #000000;\">La Regidoria d&#8217;Ocupaci\u00f3 del Ajuntament de la Bisbal del Pened\u00e8s estar\u00e1 presente en el congreso. Este jueves 18 de octubre, por la ma\u00f1ana, la t\u00e9cnica de Ocupaci\u00f3n del Ayuntamiento de la Bisbal, Arantzazu Longares, ha participado en una tertulia que se ha realizado en R\u00e0dio Vilafranca en el marco del programa &#8220;Pened\u00e8s en Xarxa&#8221;, junto con Elena Trilla, <em>coach<\/em> e impulsora de Dones d&#8217;Empresa; Cinta Fondarella de CYP Assessors; y Eva Gallego del departamento de comunicaci\u00f3n de la FEGP.<\/span><\/strong><\/p>\n<p style=\"padding-left: 210px;\"><iframe loading=\"lazy\" src=\"https:\/\/www.rtvvilafranca.cat\/programa\/penedes-en-xarxa\/f\/187594-20181018b\/embed\" width=\"560\" height=\"315\" frameborder=\"0\" allowfullscreen=\"allowfullscreen\"><\/iframe><\/p>\n","protected":false},"excerpt":{"rendered":"<p>Dones d&#8217;Empresa, el col\u00b7lectiu format per dones emprenedores, empres\u00e0ries, directives i executives, ha organitzat el 4t Congr\u00e9s de Dones d&#8217;Empresa que tindr\u00e0 lloc el pr\u00f2xim divendres 26 d&#8217;octubre, al mat\u00ed &hellip; <a href=\"https:\/\/bisbalpenedes.com\/web\/2018\/10\/18\/el-proxim-divendres-26-doctubre-se-celebrara-el-4t-congres-de-dones-dempresa\/\" class=\"more-link\">Read More<\/a><\/p>\n","protected":false},"author":4,"featured_media":7457,"comment_status":"closed","ping_status":"closed","sticky":false,"template":"","format":"standard","meta":[],"categories":[8,9],"tags":[1856,2467,1326,1324,2468,2471,1327,10,2469,2470],"_links":{"self":[{"href":"https:\/\/bisbalpenedes.com\/web\/wp-json\/wp\/v2\/posts\/7455"}],"collection":[{"href":"https:\/\/bisbalpenedes.com\/web\/wp-json\/wp\/v2\/posts"}],"about":[{"href":"https:\/\/bisbalpenedes.com\/web\/wp-json\/wp\/v2\/types\/post"}],"author":[{"embeddable":true,"href":"https:\/\/bisbalpenedes.com\/web\/wp-json\/wp\/v2\/users\/4"}],"replies":[{"embeddable":true,"href":"https:\/\/bisbalpenedes.com\/web\/wp-json\/wp\/v2\/comments?post=7455"}],"version-history":[{"count":8,"href":"https:\/\/bisbalpenedes.com\/web\/wp-json\/wp\/v2\/posts\/7455\/revisions"}],"predecessor-version":[{"id":7548,"href":"https:\/\/bisbalpenedes.com\/web\/wp-json\/wp\/v2\/posts\/7455\/revisions\/7548"}],"wp:featuredmedia":[{"embeddable":true,"href":"https:\/\/bisbalpenedes.com\/web\/wp-json\/wp\/v2\/media\/7457"}],"wp:attachment":[{"href":"https:\/\/bisbalpenedes.com\/web\/wp-json\/wp\/v2\/media?parent=7455"}],"wp:term":[{"taxonomy":"category","embeddable":true,"href":"https:\/\/bisbalpenedes.com\/web\/wp-json\/wp\/v2\/categories?post=7455"},{"taxonomy":"post_tag","embeddable":true,"href":"https:\/\/bisbalpenedes.com\/web\/wp-json\/wp\/v2\/tags?post=7455"}],"curies":[{"name":"wp","href":"https:\/\/api.w.org\/{rel}","templated":true}]}}