{"id":7385,"date":"2018-10-16T18:48:18","date_gmt":"2018-10-16T17:48:18","guid":{"rendered":"http:\/\/bisbalpenedes.com\/web\/?p=7385"},"modified":"2018-10-16T19:35:52","modified_gmt":"2018-10-16T18:35:52","slug":"lescriptor-i-periodista-llorenc-avino-presentara-la-seva-darrera-novella-a-la-bisbal-del-penedes","status":"publish","type":"post","link":"https:\/\/bisbalpenedes.com\/web\/2018\/10\/16\/lescriptor-i-periodista-llorenc-avino-presentara-la-seva-darrera-novella-a-la-bisbal-del-penedes\/","title":{"rendered":"L\u2019escriptor i periodista Lloren\u00e7 Avi\u00f1\u00f3 presentar\u00e0 la seva darrera novel\u00b7la a la Bisbal del Pened\u00e8s"},"content":{"rendered":"<p style=\"padding-left: 60px; text-align: justify;\"><img loading=\"lazy\" class=\"aligncenter size-large wp-image-7387\" src=\"http:\/\/bisbalpenedes.com\/web\/wp-content\/uploads\/2018\/10\/Invitacio-La-Bisbal-251018-El-llegat-del-Sauri-001-1024x512.jpg\" alt=\"Invitacio La Bisbal 251018 - El llegat del Sauri-001\" width=\"630\" height=\"315\" srcset=\"https:\/\/bisbalpenedes.com\/web\/wp-content\/uploads\/2018\/10\/Invitacio-La-Bisbal-251018-El-llegat-del-Sauri-001-1024x512.jpg 1024w, https:\/\/bisbalpenedes.com\/web\/wp-content\/uploads\/2018\/10\/Invitacio-La-Bisbal-251018-El-llegat-del-Sauri-001-600x300.jpg 600w, https:\/\/bisbalpenedes.com\/web\/wp-content\/uploads\/2018\/10\/Invitacio-La-Bisbal-251018-El-llegat-del-Sauri-001-300x150.jpg 300w, https:\/\/bisbalpenedes.com\/web\/wp-content\/uploads\/2018\/10\/Invitacio-La-Bisbal-251018-El-llegat-del-Sauri-001-768x384.jpg 768w, https:\/\/bisbalpenedes.com\/web\/wp-content\/uploads\/2018\/10\/Invitacio-La-Bisbal-251018-El-llegat-del-Sauri-001.jpg 1247w\" sizes=\"(max-width: 630px) 100vw, 630px\" \/><\/p>\n<p style=\"padding-left: 60px; text-align: justify;\"><span style=\"color: #999999;\">&#8220;La carta del notari Miravitlles el va desconcertar. No sabia qu\u00e8 anava a fer un dimecres de desembre del 1991 a Guissona, al bell mig de la Segarra, territori ocult per causa de la boira que s\u2019hi instal\u00b7la el novembre i no marxa fins al mar\u00e7. Tan sols podia relacionar la cita amb el Negre Forcada, un curi\u00f3s personatge amb qui tenia un negoci pendent. Per\u00f2 d\u2019aquella ins\u00f2lita amistat havien passat molts anys\u201d<\/span><\/p>\n<p style=\"text-align: justify;\"><span style=\"color: #000000;\">Aix\u00ed \u00e9s com comen\u00e7a \u201cEl llegat del saur\u00ed\u201d, el darrer llibre del periodista i escriptor Lloren\u00e7 Avi\u00f1\u00f3. El llibre, que segons l\u2019autor \u201c\u00e9s un homenatge al pare i l\u2019avi, que eren saur\u00eds\u201d, es presentar\u00e0 a la Biblioteca P\u00fablica de la Bisbal del Pened\u00e8s el pr\u00f2xim <strong>dijous 25 d\u2019octubre a les 19.30h.<\/strong><\/span><\/p>\n<p style=\"text-align: justify;\"><span style=\"color: #000000;\">\u201cEl llegat del saur\u00ed\u201d ha estat publicada per \u00d2nix Editor i \u201c\u00e9s la hist\u00f2ria d\u2019un any a la vida d\u2019un home normal que rep una fabulosa her\u00e8ncia inesperada. \u00c9s tamb\u00e9 dues grans hist\u00f2ries d\u2019amor molt diferents. \u00c9s un retrat de la Catalunya i de la Barcelona del 1992. \u00c9s una obra coral amb secundaris que tenen un paper rellevant a la trama. \u00c9s un relat de corrupci\u00f3, especulaci\u00f3 i amistat. \u00c9s una novel\u00b7la negra, un exercici de sarcasme i d\u2019empatia i \u00e9s tamb\u00e9 un homenatge a un m\u00f3n desaparegut, tan pr\u00f2xim en el temps i, a la vegada, quasi irreconeixible\u201d (text extret de la contraportada del llibre).<\/span><\/p>\n<p style=\"text-align: justify;\"><span style=\"color: #000000;\">Lloren\u00e7 Avi\u00f1\u00f3 va comen\u00e7ar a escriure fa 18 anys i, des d\u2019aleshores, ha guanyat diversos premis literaris. \u201cEl llegat del saur\u00ed&#8221; \u00e9s el seu quart llibre, abans va publicar la novel\u00b7la \u201cCam\u00ed de mar\u201d i els llibres de contes \u201cGangues de l\u2019ofici\u201d i \u201cPortes girat\u00f2ries\u201d. Com a periodista, ha treballat a R\u00e0dio Cubelles, el Diari del Baix Pened\u00e8s, el Diari de Vilanova, Calafell R\u00e0dio i, en l\u2019actualitat, treballa a RTV El Vendrell i Naci\u00f3 Digital.<\/span><\/p>\n<hr \/>\n<p style=\"padding-left: 60px; text-align: justify;\"><span style=\"color: #999999;\">&#8220;La carta del notari Miravitlles el va desconcertar. No sabia qu\u00e8 anava a fer un dimecres de desembre del 1991 a Guissona, al bell mig de la Segarra, territori ocult per causa de la boira que s\u2019hi instal\u00b7la el novembre i no marxa fins al mar\u00e7. Tan sols podia relacionar la cita amb el Negre Forcada, un curi\u00f3s personatge amb qui tenia un negoci pendent. Per\u00f2 d\u2019aquella ins\u00f2lita amistat havien passat molts anys\u201d<\/span><\/p>\n<p style=\"text-align: justify;\"><span style=\"color: #000000;\">As\u00ed es como empieza &#8220;El llegat del saur\u00ed&#8221;, el \u00faltimo libro del periodista y escritor Lloren\u00e7 Avi\u00f1\u00f3. El libro, que seg\u00fan el autor &#8220;es un homenaje a su padre y su abuelo, que eran zahor\u00eds&#8221;, se presentar\u00e1 en la Biblioteca P\u00fablica de la Bisbal del Pened\u00e8s el pr\u00f3ximo jueves <strong>25 de octubre a las 19.30h.<\/strong><\/span><\/p>\n<p style=\"text-align: justify;\"><span style=\"color: #000000;\">&#8220;El llegat del saur\u00ed&#8221; ha sido publicada por \u00d2nix Editors y &#8220;Es una historia de un a\u00f1o en la vida de un hombre normal que recibe una fabulosa herencia inesperada. Es tambi\u00e9n dos grandes historias de amor muy diferentes. Es un retrato de la Catalunya y de la Barcelona del 1992. Es una obra coral con secundarios que tienen un papel relevante en la trama. Es un relato de corrupci\u00f3n, especulaci\u00f3n y amistad. Es una novela negra, un ejercicio de sarcasmo y de empat\u00eda y es tambi\u00e9n un homenaje a un mundo desaparecido, tan pr\u00f3ximo en el tiempo y, a la vez, casi irreconocible&#8221; (texto extra\u00eddo de la contraportada del libro y traducido del catal\u00e1n por el equipo de comunicaci\u00f3n del Ayuntamiento).<\/span><\/p>\n<p style=\"text-align: justify;\"><span style=\"color: #000000;\">Llren\u00e7 Avi\u00f1\u00f3 empez\u00f3 a escribir hace 18 a\u00f1os y, desde entonces, ha ganado varios premios literarios. &#8220;El llegat del saur\u00ed&#8221; es suu cuarto libro, antes public\u00f3 la novela &#8220;Cam\u00ed de mar&#8221; y los libros de cuentos &#8220;Gangues de l&#8217;ofici&#8221; y &#8220;Portes girat\u00f2ries&#8221;. Como periodista, ha trabajado en R\u00e0dio Cubelles, el Diari del Baix Pened\u00e8s, el Diari de Vilanova, Calafell R\u00e0dio y, en la actualidad, trabaja en RTV El Vendrell y Naci\u00f3 Digital.\u00a0<\/span><\/p>\n","protected":false},"excerpt":{"rendered":"<p>&#8220;La carta del notari Miravitlles el va desconcertar. No sabia qu\u00e8 anava a fer un dimecres de desembre del 1991 a Guissona, al bell mig de la Segarra, territori ocult &hellip; <a href=\"https:\/\/bisbalpenedes.com\/web\/2018\/10\/16\/lescriptor-i-periodista-llorenc-avino-presentara-la-seva-darrera-novella-a-la-bisbal-del-penedes\/\" class=\"more-link\">Read More<\/a><\/p>\n","protected":false},"author":4,"featured_media":7304,"comment_status":"closed","ping_status":"closed","sticky":false,"template":"","format":"standard","meta":[],"categories":[13,8],"tags":[180,2457,47,2458,2459,48],"_links":{"self":[{"href":"https:\/\/bisbalpenedes.com\/web\/wp-json\/wp\/v2\/posts\/7385"}],"collection":[{"href":"https:\/\/bisbalpenedes.com\/web\/wp-json\/wp\/v2\/posts"}],"about":[{"href":"https:\/\/bisbalpenedes.com\/web\/wp-json\/wp\/v2\/types\/post"}],"author":[{"embeddable":true,"href":"https:\/\/bisbalpenedes.com\/web\/wp-json\/wp\/v2\/users\/4"}],"replies":[{"embeddable":true,"href":"https:\/\/bisbalpenedes.com\/web\/wp-json\/wp\/v2\/comments?post=7385"}],"version-history":[{"count":2,"href":"https:\/\/bisbalpenedes.com\/web\/wp-json\/wp\/v2\/posts\/7385\/revisions"}],"predecessor-version":[{"id":7388,"href":"https:\/\/bisbalpenedes.com\/web\/wp-json\/wp\/v2\/posts\/7385\/revisions\/7388"}],"wp:featuredmedia":[{"embeddable":true,"href":"https:\/\/bisbalpenedes.com\/web\/wp-json\/wp\/v2\/media\/7304"}],"wp:attachment":[{"href":"https:\/\/bisbalpenedes.com\/web\/wp-json\/wp\/v2\/media?parent=7385"}],"wp:term":[{"taxonomy":"category","embeddable":true,"href":"https:\/\/bisbalpenedes.com\/web\/wp-json\/wp\/v2\/categories?post=7385"},{"taxonomy":"post_tag","embeddable":true,"href":"https:\/\/bisbalpenedes.com\/web\/wp-json\/wp\/v2\/tags?post=7385"}],"curies":[{"name":"wp","href":"https:\/\/api.w.org\/{rel}","templated":true}]}}