{"id":7375,"date":"2018-10-15T13:08:36","date_gmt":"2018-10-15T12:08:36","guid":{"rendered":"http:\/\/bisbalpenedes.com\/web\/?p=7375"},"modified":"2018-10-17T10:31:41","modified_gmt":"2018-10-17T09:31:41","slug":"el-diumenge-28-doctubre-a-les-18h-podreu-veure-formentera-lady-al-cmc-en-el-marc-del-cicle-gaudi","status":"publish","type":"post","link":"https:\/\/bisbalpenedes.com\/web\/2018\/10\/15\/el-diumenge-28-doctubre-a-les-18h-podreu-veure-formentera-lady-al-cmc-en-el-marc-del-cicle-gaudi\/","title":{"rendered":"El diumenge 28 d&#8217;octubre a les 18h podreu veure \u2018Formentera lady\u2019 al CMC en el marc del Cicle Gaud\u00ed"},"content":{"rendered":"<p>El Diumenge 28 d&#8217;octubre a les 18h projectarem la pel\u00b7l\u00edcula Formentera Lady a l&#8217;Auditori Salb\u00e0 del CMC i comptarem amb la pres\u00e8ncia del director del film, Pau Dur\u00e0!<br \/>\n<img loading=\"lazy\" class=\"aligncenter size-medium wp-image-7429\" src=\"http:\/\/bisbalpenedes.com\/web\/wp-content\/uploads\/2018\/10\/VISUAL_A3_FORMENTERA_LADY_LA_BISBAL_PENEDES-pau-213x300.jpg\" alt=\"VISUAL_A3_FORMENTERA_LADY_LA_BISBAL_PENEDES-pau\" width=\"213\" height=\"300\" srcset=\"https:\/\/bisbalpenedes.com\/web\/wp-content\/uploads\/2018\/10\/VISUAL_A3_FORMENTERA_LADY_LA_BISBAL_PENEDES-pau-213x300.jpg 213w, https:\/\/bisbalpenedes.com\/web\/wp-content\/uploads\/2018\/10\/VISUAL_A3_FORMENTERA_LADY_LA_BISBAL_PENEDES-pau-600x843.jpg 600w, https:\/\/bisbalpenedes.com\/web\/wp-content\/uploads\/2018\/10\/VISUAL_A3_FORMENTERA_LADY_LA_BISBAL_PENEDES-pau-768x1080.jpg 768w, https:\/\/bisbalpenedes.com\/web\/wp-content\/uploads\/2018\/10\/VISUAL_A3_FORMENTERA_LADY_LA_BISBAL_PENEDES-pau-728x1024.jpg 728w, https:\/\/bisbalpenedes.com\/web\/wp-content\/uploads\/2018\/10\/VISUAL_A3_FORMENTERA_LADY_LA_BISBAL_PENEDES-pau.jpg 1146w\" sizes=\"(max-width: 213px) 100vw, 213px\" \/><\/p>\n<div class=\"wpb_text_column wpb_content_element \">\n<div class=\"wpb_wrapper\">\n<h4>FITXA\u00a0T\u00c8CNICA<\/h4>\n<\/div>\n<\/div>\n<div class=\"wpb_text_column wpb_content_element \">\n<div class=\"wpb_wrapper\">\n<p>\u00a0Direcci\u00f3:\u00a0<strong>Pau Dur\u00e0<\/strong><\/p>\n<p>Gui\u00f3:\u00a0<strong>Pau Dur\u00e0<\/strong><\/p>\n<p>Estrena:\u00a0<strong>Juny de 2018<\/strong><\/p>\n<p>Durada:\u00a0<strong>85\u00a0min.<\/strong><\/p>\n<p>G\u00e8nere:\u00a0<strong>Drama<\/strong><\/p>\n<p>Versi\u00f3:\u00a0<strong>Original en catal\u00e0<\/strong><\/p>\n<p>Int\u00e8rprets:\u00a0<strong>Jos\u00e9 Sacrist\u00e1n, Jordi S\u00e1nchez, Nora Navas, Ferran Ra\u00f1\u00e9, Sandro Ballesteros<\/strong><\/p>\n<p>Qualificaci\u00f3:\u00a0<strong>No recomanada per a menors de 7 anys<\/strong><\/p>\n<div class=\"wpb_text_column wpb_content_element \">\n<div class=\"wpb_wrapper\">\n<h4><span style=\"text-decoration: underline;\">SINOPSI<\/span><\/h4>\n<\/div>\n<\/div>\n<div class=\"wpb_text_column wpb_content_element \">\n<div class=\"wpb_wrapper\">\n<p><strong>En Samuel\u00a0<em>(Jos\u00e9 Sacrist\u00e1n)<\/em>\u00a0va arribar a la Formentera hippie dels 70 i s\u2019hi va quedar a viure, guanyant-se la vida tocant el banjo en un bar.<\/strong><\/p>\n<p>Un dia rep la visita de la seva filla Anna\u00a0<em>(Nora Navas)<\/em>\u00a0i del seu n\u00e9t Marc\u00a0<em>(Sandro Ballesteros)<\/em>. Sense feina des de fa temps, ha acceptat una oferta a Fran\u00e7a que l\u2019obliga a anar-se\u2019n sola. Despr\u00e9s del rebuig inicial, el vell hippie decideix fer-se c\u00e0rrec del seu n\u00e9t, i empr\u00e8n un viatge que el far\u00e0 transitar per les ombres del seu parad\u00eds acompanyat d\u2019altres singulars personatges: Toni\u00a0<em>(Jordi S\u00e1nchez)<\/em>, Greta (Pepa Juan) i Joan\u00a0<em>(Ferran Ra\u00f1\u00e9).<\/em><\/p>\n<p style=\"text-align: left;\">Un viatge crepuscular que ser\u00e0, alhora, esperan\u00e7ador i inici\u00e0tic.<\/p>\n<p style=\"text-align: center;\"><iframe loading=\"lazy\" src=\"https:\/\/www.youtube.com\/embed\/_4wP7rFJcT0\" width=\"560\" height=\"315\" frameborder=\"0\" allowfullscreen=\"allowfullscreen\"><\/iframe><\/p>\n<\/div>\n<p>El preu general de l\u2019entrada \u00e9s de 4,5\u20ac i s\u2019ofereix un preu redu\u00eft de 3\u20ac presentant el carnet de la Biblioteca Municipal de La Bisbal.<\/p>\n<p>Quant a la recaptaci\u00f3, aquesta es destinar\u00e0 a l\u2019entitat del poble que s\u2019encarregui de gestionar la taquilla en cadascuna de les projeccions, en aquest cas\u00a0l&#8217;Associaci\u00f3 de Cors Antistiana<\/p>\n<p>Per a m\u00e9s informaci\u00f3 podeu anar a l\u2019enlla\u00e7:\u00a0<a href=\"https:\/\/www.ciclegaudi.cat\/\" target=\"_blank\">https:\/\/www.ciclegaudi.cat\/<\/a><\/p>\n<\/div>\n<\/div>\n<\/div>\n<hr \/>\n<p>El domingo 28 de octubre a las 18h proyectaremos la pel\u00edcula Formentera Lady en el Auditori Salb\u00e0 y contaremos con la presencia del director del film, Pau Dur\u00e0!<\/p>\n<p><img loading=\"lazy\" class=\"aligncenter size-medium wp-image-7429\" src=\"http:\/\/bisbalpenedes.com\/web\/wp-content\/uploads\/2018\/10\/VISUAL_A3_FORMENTERA_LADY_LA_BISBAL_PENEDES-pau-213x300.jpg\" alt=\"VISUAL_A3_FORMENTERA_LADY_LA_BISBAL_PENEDES-pau\" width=\"213\" height=\"300\" srcset=\"https:\/\/bisbalpenedes.com\/web\/wp-content\/uploads\/2018\/10\/VISUAL_A3_FORMENTERA_LADY_LA_BISBAL_PENEDES-pau-213x300.jpg 213w, https:\/\/bisbalpenedes.com\/web\/wp-content\/uploads\/2018\/10\/VISUAL_A3_FORMENTERA_LADY_LA_BISBAL_PENEDES-pau-600x843.jpg 600w, https:\/\/bisbalpenedes.com\/web\/wp-content\/uploads\/2018\/10\/VISUAL_A3_FORMENTERA_LADY_LA_BISBAL_PENEDES-pau-768x1080.jpg 768w, https:\/\/bisbalpenedes.com\/web\/wp-content\/uploads\/2018\/10\/VISUAL_A3_FORMENTERA_LADY_LA_BISBAL_PENEDES-pau-728x1024.jpg 728w, https:\/\/bisbalpenedes.com\/web\/wp-content\/uploads\/2018\/10\/VISUAL_A3_FORMENTERA_LADY_LA_BISBAL_PENEDES-pau.jpg 1146w\" sizes=\"(max-width: 213px) 100vw, 213px\" \/><\/p>\n<p>FICHA T\u00c9CNICA<\/p>\n<p>Direcci\u00f3n:\u00a0<strong>Pau Dur\u00e0<\/strong><\/p>\n<p>Gui\u00f3n:\u00a0<strong>Pau Dur\u00e0<\/strong><\/p>\n<p>Estreno:\u00a0<strong>Junio del 2018<\/strong><\/p>\n<p>Duraci\u00f3n:\u00a0<strong>85\u00a0min.<\/strong><\/p>\n<p>G\u00e9nero:\u00a0<strong>Drama<\/strong><\/p>\n<p>Versi\u00f3n:\u00a0<strong>Original en catal\u00e1n<\/strong><\/p>\n<p>Int\u00e9rpretes:\u00a0<strong>Jos\u00e9 Sacrist\u00e1n, Jordi S\u00e1nchez, Nora Navas, Ferran Ra\u00f1\u00e9, Sandro Ballesteros<\/strong><\/p>\n<p>Calificaci\u00f3n:\u00a0<strong>No recomendada para menores\u00a0de 7 a\u00f1os<\/strong><\/p>\n<p>&nbsp;<\/p>\n<div class=\"wpb_text_column wpb_content_element \">\n<div class=\"wpb_wrapper\">\n<h4><span style=\"text-decoration: underline;\">SINOPSIS<\/span><\/h4>\n<\/div>\n<\/div>\n<div class=\"wpb_text_column wpb_content_element \">\n<div class=\"wpb_wrapper\">\n<p>Samuel (Jos\u00e9 Sacrist\u00e1n) lleg\u00f3 a la Formentera hippie de los 70 y se qued\u00f3 all\u00ed a vivir, gan\u00e1ndose la vida tocando el banjo en un bar.<\/p>\n<p>Un d\u00eda recibe la visita de su hija Anna (Nora Navas) y de su nieto Marc (Sandro Ballesteros). Sin trabajo desde hace tiempo, acepta una oferta en Francia que le obliga a irse sola. Despu\u00e9s del rechazo inicial, el viejo hippie decide hacerse cargo de su nieto, y emprende un viaje que lo har\u00e1 transitar por las sobras de su para\u00edso acompa\u00f1ado de otros singulares personajes: Toni (Jordi S\u00e1nchez), Greta (Pepa Juan) y Joan (Ferran Ra\u00f1\u00e9).<\/p>\n<p>Un viaje crepuscular que ser\u00e1, a la vez, esperanzador e inici\u00e1tico.<\/p>\n<p style=\"text-align: center;\"><iframe loading=\"lazy\" src=\"https:\/\/www.youtube.com\/embed\/_4wP7rFJcT0\" width=\"560\" height=\"315\" frameborder=\"0\" allowfullscreen=\"allowfullscreen\"><\/iframe><\/p>\n<\/div>\n<p>El precio general de la entrada es de 4,5\u20ac y se ofrece un precio reducido de 3\u20ac presentando el carn\u00e9 de la Biblioteca Municipal de la Bisbal.<\/p>\n<p>En cuanto a la recaudaci\u00f3n, esta se destinar\u00e1 a la entidad del municipio que se encargue de gestionar la taquilla en cada una de las proyecciones, en este caso la Associaci\u00f3 de Cors Antistiana<\/p>\n<p>Para m\u00e1s informaci\u00f3n pod\u00e9is ir al enlace:\u00a0<a href=\"https:\/\/www.ciclegaudi.cat\/\" target=\"_blank\">https:\/\/www.ciclegaudi.cat\/<\/a><\/p>\n<\/div>\n","protected":false},"excerpt":{"rendered":"<p>El Diumenge 28 d&#8217;octubre a les 18h projectarem la pel\u00b7l\u00edcula Formentera Lady a l&#8217;Auditori Salb\u00e0 del CMC i comptarem amb la pres\u00e8ncia del director del film, Pau Dur\u00e0! FITXA\u00a0T\u00c8CNICA \u00a0Direcci\u00f3:\u00a0Pau &hellip; <a href=\"https:\/\/bisbalpenedes.com\/web\/2018\/10\/15\/el-diumenge-28-doctubre-a-les-18h-podreu-veure-formentera-lady-al-cmc-en-el-marc-del-cicle-gaudi\/\" class=\"more-link\">Read More<\/a><\/p>\n","protected":false},"author":4,"featured_media":7429,"comment_status":"closed","ping_status":"closed","sticky":false,"template":"","format":"standard","meta":[],"categories":[13],"tags":[2455,308,307,2262,2263,771],"_links":{"self":[{"href":"https:\/\/bisbalpenedes.com\/web\/wp-json\/wp\/v2\/posts\/7375"}],"collection":[{"href":"https:\/\/bisbalpenedes.com\/web\/wp-json\/wp\/v2\/posts"}],"about":[{"href":"https:\/\/bisbalpenedes.com\/web\/wp-json\/wp\/v2\/types\/post"}],"author":[{"embeddable":true,"href":"https:\/\/bisbalpenedes.com\/web\/wp-json\/wp\/v2\/users\/4"}],"replies":[{"embeddable":true,"href":"https:\/\/bisbalpenedes.com\/web\/wp-json\/wp\/v2\/comments?post=7375"}],"version-history":[{"count":4,"href":"https:\/\/bisbalpenedes.com\/web\/wp-json\/wp\/v2\/posts\/7375\/revisions"}],"predecessor-version":[{"id":7432,"href":"https:\/\/bisbalpenedes.com\/web\/wp-json\/wp\/v2\/posts\/7375\/revisions\/7432"}],"wp:featuredmedia":[{"embeddable":true,"href":"https:\/\/bisbalpenedes.com\/web\/wp-json\/wp\/v2\/media\/7429"}],"wp:attachment":[{"href":"https:\/\/bisbalpenedes.com\/web\/wp-json\/wp\/v2\/media?parent=7375"}],"wp:term":[{"taxonomy":"category","embeddable":true,"href":"https:\/\/bisbalpenedes.com\/web\/wp-json\/wp\/v2\/categories?post=7375"},{"taxonomy":"post_tag","embeddable":true,"href":"https:\/\/bisbalpenedes.com\/web\/wp-json\/wp\/v2\/tags?post=7375"}],"curies":[{"name":"wp","href":"https:\/\/api.w.org\/{rel}","templated":true}]}}