{"id":737,"date":"2014-01-14T15:06:20","date_gmt":"2014-01-14T09:06:20","guid":{"rendered":"http:\/\/bisbalpenedes.com\/web\/?p=737"},"modified":"2014-01-14T15:06:20","modified_gmt":"2014-01-14T09:06:20","slug":"proces-constituent-del-baix-penedes","status":"publish","type":"post","link":"https:\/\/bisbalpenedes.com\/web\/2014\/01\/14\/proces-constituent-del-baix-penedes\/","title":{"rendered":"Proc\u00e9s constituent del Baix Pened\u00e8s"},"content":{"rendered":"<p>Dijous 16 de gener a les 19h al Centre Municipal de Cultura<\/p>\n<p>Xerrada-debat<\/p>\n<p>Expropiaci\u00f3 de la banca privada, defensa d&#8217;una banca p\u00fablica i \u00e8tica, fre a l&#8217;especulaci\u00f3 financera, fiscalitat justa, auditoria del deute i impagament del deute il.legitim<\/p>\n<p>A c\u00e0rrec de S\u00f2nia Farre, de la Plataforma Auditoria ciutadana del Deute \u00a0i Pere Codina<br \/>\n&nbsp;<\/p>\n<p>en acabar es passar\u00e0 un documental<a href=\"http:\/\/bisbalpenedes.com\/web\/wp-content\/uploads\/2014\/01\/proces-constituent1.jpg\"><img loading=\"lazy\" class=\"alignleft size-large wp-image-739\" title=\"proces-constituent1\" src=\"http:\/\/bisbalpenedes.com\/web\/wp-content\/uploads\/2014\/01\/proces-constituent1-738x1024.jpg\" alt=\"\" width=\"630\" height=\"874\" srcset=\"https:\/\/bisbalpenedes.com\/web\/wp-content\/uploads\/2014\/01\/proces-constituent1-738x1024.jpg 738w, https:\/\/bisbalpenedes.com\/web\/wp-content\/uploads\/2014\/01\/proces-constituent1-600x832.jpg 600w, https:\/\/bisbalpenedes.com\/web\/wp-content\/uploads\/2014\/01\/proces-constituent1-216x300.jpg 216w, https:\/\/bisbalpenedes.com\/web\/wp-content\/uploads\/2014\/01\/proces-constituent1.jpg 1150w\" sizes=\"(max-width: 630px) 100vw, 630px\" \/><\/a><\/p>\n","protected":false},"excerpt":{"rendered":"<p>Dijous 16 de gener a les 19h al Centre Municipal de Cultura Xerrada-debat Expropiaci\u00f3 de la banca privada, defensa d&#8217;una banca p\u00fablica i \u00e8tica, fre a l&#8217;especulaci\u00f3 financera, fiscalitat justa, &hellip; <a href=\"https:\/\/bisbalpenedes.com\/web\/2014\/01\/14\/proces-constituent-del-baix-penedes\/\" class=\"more-link\">Read More<\/a><\/p>\n","protected":false},"author":1,"featured_media":738,"comment_status":"closed","ping_status":"open","sticky":false,"template":"","format":"standard","meta":[],"categories":[13],"tags":[45],"_links":{"self":[{"href":"https:\/\/bisbalpenedes.com\/web\/wp-json\/wp\/v2\/posts\/737"}],"collection":[{"href":"https:\/\/bisbalpenedes.com\/web\/wp-json\/wp\/v2\/posts"}],"about":[{"href":"https:\/\/bisbalpenedes.com\/web\/wp-json\/wp\/v2\/types\/post"}],"author":[{"embeddable":true,"href":"https:\/\/bisbalpenedes.com\/web\/wp-json\/wp\/v2\/users\/1"}],"replies":[{"embeddable":true,"href":"https:\/\/bisbalpenedes.com\/web\/wp-json\/wp\/v2\/comments?post=737"}],"version-history":[{"count":2,"href":"https:\/\/bisbalpenedes.com\/web\/wp-json\/wp\/v2\/posts\/737\/revisions"}],"predecessor-version":[{"id":741,"href":"https:\/\/bisbalpenedes.com\/web\/wp-json\/wp\/v2\/posts\/737\/revisions\/741"}],"wp:featuredmedia":[{"embeddable":true,"href":"https:\/\/bisbalpenedes.com\/web\/wp-json\/wp\/v2\/media\/738"}],"wp:attachment":[{"href":"https:\/\/bisbalpenedes.com\/web\/wp-json\/wp\/v2\/media?parent=737"}],"wp:term":[{"taxonomy":"category","embeddable":true,"href":"https:\/\/bisbalpenedes.com\/web\/wp-json\/wp\/v2\/categories?post=737"},{"taxonomy":"post_tag","embeddable":true,"href":"https:\/\/bisbalpenedes.com\/web\/wp-json\/wp\/v2\/tags?post=737"}],"curies":[{"name":"wp","href":"https:\/\/api.w.org\/{rel}","templated":true}]}}