{"id":7363,"date":"2018-10-15T11:35:45","date_gmt":"2018-10-15T10:35:45","guid":{"rendered":"http:\/\/bisbalpenedes.com\/web\/?p=7363"},"modified":"2018-10-15T11:49:09","modified_gmt":"2018-10-15T10:49:09","slug":"les-obres-de-rehabilitacio-del-poliesportiu-municipal-son-cada-vegada-mes-a-prop","status":"publish","type":"post","link":"https:\/\/bisbalpenedes.com\/web\/2018\/10\/15\/les-obres-de-rehabilitacio-del-poliesportiu-municipal-son-cada-vegada-mes-a-prop\/","title":{"rendered":"Les obres de rehabilitaci\u00f3 del Poliesportiu Municipal, cada vegada m\u00e9s a prop"},"content":{"rendered":"<p style=\"text-align: justify;\"><span style=\"color: #000000;\">La Junta de Govern celebrada aquest divendres 11 d\u2019octubre ha aprovat definitivament* el projecte de rehabilitaci\u00f3 del Poliesportiu Municipal. Es tracta del projecte b\u00e0sic del Poliesportiu Municipal i el projecte executiu de la 1a Fase.<\/span><\/p>\n<p style=\"text-align: justify;\"><span style=\"color: #000000;\">El projecte b\u00e0sic del Poliesportiu Municipal ha estat redactat per l\u2019equip de l\u2019UTE Anton P\u00e0mies, Josep Angl\u00e8s i Albert P\u00e0mies i \u00e9s un projecte que es basa en la idea guanyadora del concurs d\u2019idees que es va realitzar l\u2019any 2016. El projecte compr\u00e8n el conjunt de tot el complex: el nou edifici de vestidors, el pavell\u00f3 remodelat i l\u2019edifici annex del bar, que inclou despatxos per a les entitats a la planta semisoterrani i dues sales a la planta coberta. El cost total d\u2019aquest projecte \u00e9s d\u20191.411.470\u20ac (IVA incl\u00f2s).<\/span><\/p>\n<p style=\"text-align: justify;\"><span style=\"color: #000000;\">La 1a fase del projecte compr\u00e8n els vestidors i el vest\u00edbul del pavell\u00f3, amb un cost total de 545.091,18\u20ac (IVA incl\u00f2s), un import que s\u2019inclou al preu total del projecte. El pagament d\u2019aquest import es far\u00e0 amb fons propis de l\u2019Ajuntament per un import de 394.339\u201918\u20ac (IVA incl\u00f2s) i una subvenci\u00f3 del PAM de la Diputaci\u00f3 de Tarragona per 150.752\u20ac (IVA incl\u00f2s).<\/span><\/p>\n<p style=\"text-align: justify;\"><span style=\"color: #000000;\">Una vegada es publiqui al BOP l\u2019aprovaci\u00f3 definitiva, ja es podran licitar les obres de la 1a fase del Poliesportiu Municipal i comen\u00e7ar les obres de rehabilitaci\u00f3 de la primera fase, que comprenen 364,60m2 i les seg\u00fcents \u00e0rees: porxo d\u2019acc\u00e9s; vest\u00edbul, administraci\u00f3 i control d\u2019acc\u00e9s, lavabos per al p\u00fablic, vestidors per als equips, vestidor per als t\u00e8cnics i \u00e0rbitres, infermeria, local de neteja, passadissos de peus nets i peus bruts i l\u2019acc\u00e9s a les grades.<\/span><\/p>\n<p style=\"text-align: justify;\"><span style=\"color: #808080;\">*Val a dir que durant el per\u00edode d\u2019exposici\u00f3 p\u00fablica s\u2019ha fet una al\u00b7legaci\u00f3 que s\u2019ha resolt i, per tant, no s\u2019ha adm\u00e9s a tr\u00e0mit, aprovant-se definitivament el projecte.<\/span><\/p>\n<hr \/>\n<p style=\"text-align: justify;\"><span style=\"color: #000000;\"><strong>CASTELLANO |<\/strong> La Junta de Gobierno celebrada este viernes 11 de octubre ha aprobado definitivamente* el proyecto de rehabilitaci\u00f3n del Polideportivo Municipal. Se trata del proyecto b\u00e1sico del Polideportivo Municipal y el proyecto ejecutivo de la 1a Fase.<\/span><\/p>\n<p style=\"text-align: justify;\"><span style=\"color: #000000;\">El proyecto b\u00e1sico del Polideportivo Municipal ha sido redactado por el equipo de la UTE Anton P\u00e0mies, Josep Angl\u00e8s y Albert P\u00e0mies y es un proyecto que se basa en la idea ganadora del concurso de ideas que se realiz\u00f3 en el a\u00f1o 2016. El proyecto comprende el conjunto de todo el complejo: el nuevo edificio de vestidores, el pabell\u00f3n remodelado y el edificio anexo del bar, que incluye despachos para las entidades en la planta semisubterr\u00e1neo y dos salas en la planta cubierta. El coste total de este proyecto es de 1.411.470\u20ac (IVA incluido).<\/span><\/p>\n<p style=\"text-align: justify;\"><span style=\"color: #000000;\">La 1a fase del proyecto comprende los vestidores y el vest\u00edbulo del pabell\u00f3n, con un coste total de 545.091,18\u20ac (IVA incluido), un importe que se incluye en el precio total del proyecto. El pago de este importe se har\u00e1 con fondos propios del Ayuntamiento por un importe de 394.339,18\u20ac (IVA incluido) y una subvenci\u00f3n del PAM de la Diputaci\u00f3n de Tarragona por 150.752\u20ac (IVA incluido).<\/span><\/p>\n<p style=\"text-align: justify;\"><span style=\"color: #000000;\">Una vez se publique en el BOP la aprobaci\u00f3n definitiva, ya se podr\u00e1n licitar las obras de la 1a fase del Polideportivo Municipal y empezar las obras de rehabilitaci\u00f3n de la primera fase, que comprenden 365,60m2 y las siguientes \u00e1reas: porche de acceso; vest\u00edbulo, administraci\u00f3n y control de acceso, lavabos para el p\u00fablico, vestidores para los equipos, vestidor para los t\u00e9cnicos y los \u00e1rbitros, enfermer\u00eda, local de limpieza, pasillos de pies limpios y pies sucios y acceso a las gradas.<\/span><\/p>\n<p style=\"text-align: justify;\"><span style=\"color: #808080;\">*Cabe decir que durante el periodo de exposici\u00f3n p\u00fablica se ha hecho una alegaci\u00f3n que se ha resuelto y, por lo tanto, o se ha admitido a tr\u00e1mite, aprob\u00e1ndose definitivamente el proyecto.<\/span><\/p>\n<div id='gallery-1' class='gallery galleryid-7363 gallery-columns-3 gallery-size-medium'><figure class='gallery-item'>\n\t\t\t<div class='gallery-icon landscape'>\n\t\t\t\t<a href='https:\/\/bisbalpenedes.com\/web\/2018\/08\/03\/la-rehabilitacio-del-poliesportiu-municipal-esta-cada-vegada-mes-a-prop\/proj_poli_ret_04\/'><img width=\"300\" height=\"155\" src=\"https:\/\/bisbalpenedes.com\/web\/wp-content\/uploads\/2018\/08\/PROJ_POLI_RET_04-300x155.jpg\" class=\"attachment-medium size-medium\" alt=\"\" loading=\"lazy\" srcset=\"https:\/\/bisbalpenedes.com\/web\/wp-content\/uploads\/2018\/08\/PROJ_POLI_RET_04-300x155.jpg 300w, https:\/\/bisbalpenedes.com\/web\/wp-content\/uploads\/2018\/08\/PROJ_POLI_RET_04-600x310.jpg 600w, https:\/\/bisbalpenedes.com\/web\/wp-content\/uploads\/2018\/08\/PROJ_POLI_RET_04-768x397.jpg 768w, https:\/\/bisbalpenedes.com\/web\/wp-content\/uploads\/2018\/08\/PROJ_POLI_RET_04-1024x529.jpg 1024w\" sizes=\"(max-width: 300px) 100vw, 300px\" \/><\/a>\n\t\t\t<\/div><\/figure><figure class='gallery-item'>\n\t\t\t<div class='gallery-icon landscape'>\n\t\t\t\t<a href='https:\/\/bisbalpenedes.com\/web\/2018\/08\/03\/la-rehabilitacio-del-poliesportiu-municipal-esta-cada-vegada-mes-a-prop\/proj_poli_ret_02\/'><img width=\"300\" height=\"162\" src=\"https:\/\/bisbalpenedes.com\/web\/wp-content\/uploads\/2018\/08\/PROJ_POLI_RET_02-300x162.jpg\" class=\"attachment-medium size-medium\" alt=\"\" loading=\"lazy\" srcset=\"https:\/\/bisbalpenedes.com\/web\/wp-content\/uploads\/2018\/08\/PROJ_POLI_RET_02-300x162.jpg 300w, https:\/\/bisbalpenedes.com\/web\/wp-content\/uploads\/2018\/08\/PROJ_POLI_RET_02-600x323.jpg 600w, https:\/\/bisbalpenedes.com\/web\/wp-content\/uploads\/2018\/08\/PROJ_POLI_RET_02-768x414.jpg 768w, https:\/\/bisbalpenedes.com\/web\/wp-content\/uploads\/2018\/08\/PROJ_POLI_RET_02-1024x552.jpg 1024w\" sizes=\"(max-width: 300px) 100vw, 300px\" \/><\/a>\n\t\t\t<\/div><\/figure><figure class='gallery-item'>\n\t\t\t<div class='gallery-icon landscape'>\n\t\t\t\t<a href='https:\/\/bisbalpenedes.com\/web\/2018\/08\/03\/la-rehabilitacio-del-poliesportiu-municipal-esta-cada-vegada-mes-a-prop\/proj_poli_ret_03\/'><img width=\"300\" height=\"160\" src=\"https:\/\/bisbalpenedes.com\/web\/wp-content\/uploads\/2018\/08\/PROJ_POLI_RET_03-300x160.jpg\" class=\"attachment-medium size-medium\" alt=\"\" loading=\"lazy\" srcset=\"https:\/\/bisbalpenedes.com\/web\/wp-content\/uploads\/2018\/08\/PROJ_POLI_RET_03-300x160.jpg 300w, https:\/\/bisbalpenedes.com\/web\/wp-content\/uploads\/2018\/08\/PROJ_POLI_RET_03-600x321.jpg 600w, https:\/\/bisbalpenedes.com\/web\/wp-content\/uploads\/2018\/08\/PROJ_POLI_RET_03-768x411.jpg 768w, https:\/\/bisbalpenedes.com\/web\/wp-content\/uploads\/2018\/08\/PROJ_POLI_RET_03-1024x548.jpg 1024w\" sizes=\"(max-width: 300px) 100vw, 300px\" \/><\/a>\n\t\t\t<\/div><\/figure>\n\t\t<\/div>\n\n","protected":false},"excerpt":{"rendered":"<p>La Junta de Govern celebrada aquest divendres 11 d\u2019octubre ha aprovat definitivament* el projecte de rehabilitaci\u00f3 del Poliesportiu Municipal. Es tracta del projecte b\u00e0sic del Poliesportiu Municipal i el projecte &hellip; <a href=\"https:\/\/bisbalpenedes.com\/web\/2018\/10\/15\/les-obres-de-rehabilitacio-del-poliesportiu-municipal-son-cada-vegada-mes-a-prop\/\" class=\"more-link\">Read More<\/a><\/p>\n","protected":false},"author":4,"featured_media":6708,"comment_status":"closed","ping_status":"closed","sticky":false,"template":"","format":"standard","meta":[],"categories":[2218,19,15],"tags":[890,725,2444,484,394,2445,2223],"_links":{"self":[{"href":"https:\/\/bisbalpenedes.com\/web\/wp-json\/wp\/v2\/posts\/7363"}],"collection":[{"href":"https:\/\/bisbalpenedes.com\/web\/wp-json\/wp\/v2\/posts"}],"about":[{"href":"https:\/\/bisbalpenedes.com\/web\/wp-json\/wp\/v2\/types\/post"}],"author":[{"embeddable":true,"href":"https:\/\/bisbalpenedes.com\/web\/wp-json\/wp\/v2\/users\/4"}],"replies":[{"embeddable":true,"href":"https:\/\/bisbalpenedes.com\/web\/wp-json\/wp\/v2\/comments?post=7363"}],"version-history":[{"count":4,"href":"https:\/\/bisbalpenedes.com\/web\/wp-json\/wp\/v2\/posts\/7363\/revisions"}],"predecessor-version":[{"id":7367,"href":"https:\/\/bisbalpenedes.com\/web\/wp-json\/wp\/v2\/posts\/7363\/revisions\/7367"}],"wp:featuredmedia":[{"embeddable":true,"href":"https:\/\/bisbalpenedes.com\/web\/wp-json\/wp\/v2\/media\/6708"}],"wp:attachment":[{"href":"https:\/\/bisbalpenedes.com\/web\/wp-json\/wp\/v2\/media?parent=7363"}],"wp:term":[{"taxonomy":"category","embeddable":true,"href":"https:\/\/bisbalpenedes.com\/web\/wp-json\/wp\/v2\/categories?post=7363"},{"taxonomy":"post_tag","embeddable":true,"href":"https:\/\/bisbalpenedes.com\/web\/wp-json\/wp\/v2\/tags?post=7363"}],"curies":[{"name":"wp","href":"https:\/\/api.w.org\/{rel}","templated":true}]}}