{"id":7354,"date":"2018-10-11T17:27:51","date_gmt":"2018-10-11T16:27:51","guid":{"rendered":"http:\/\/bisbalpenedes.com\/web\/?p=7354"},"modified":"2018-10-11T17:27:51","modified_gmt":"2018-10-11T16:27:51","slug":"la-biblioteca-publica-de-la-bisbal-ampliara-lequipament-informatic","status":"publish","type":"post","link":"https:\/\/bisbalpenedes.com\/web\/2018\/10\/11\/la-biblioteca-publica-de-la-bisbal-ampliara-lequipament-informatic\/","title":{"rendered":"La Biblioteca p\u00fablica de la Bisbal ampliar\u00e0 l&#8217;equipament inform\u00e0tic"},"content":{"rendered":"<p style=\"text-align: justify;\"><img loading=\"lazy\" class=\"aligncenter size-large wp-image-7357\" src=\"http:\/\/bisbalpenedes.com\/web\/wp-content\/uploads\/2018\/10\/fotos-pcs-biblio-1024x578.jpg\" alt=\"fotos pcs biblio\" width=\"630\" height=\"356\" srcset=\"https:\/\/bisbalpenedes.com\/web\/wp-content\/uploads\/2018\/10\/fotos-pcs-biblio-1024x578.jpg 1024w, https:\/\/bisbalpenedes.com\/web\/wp-content\/uploads\/2018\/10\/fotos-pcs-biblio-600x339.jpg 600w, https:\/\/bisbalpenedes.com\/web\/wp-content\/uploads\/2018\/10\/fotos-pcs-biblio-300x169.jpg 300w, https:\/\/bisbalpenedes.com\/web\/wp-content\/uploads\/2018\/10\/fotos-pcs-biblio-768x433.jpg 768w, https:\/\/bisbalpenedes.com\/web\/wp-content\/uploads\/2018\/10\/fotos-pcs-biblio.jpg 1600w\" sizes=\"(max-width: 630px) 100vw, 630px\" \/><\/p>\n<p style=\"text-align: justify;\"><span style=\"color: #000000;\">La Junta de Govern ha aprovat l\u2019adquisici\u00f3 de nou equipament inform\u00e0tic per a la biblioteca p\u00fablica a trav\u00e9s de la Central de compres de l\u2019Associaci\u00f3 Catalana de Municipis per un total de 6.109,19\u20ac. El material que s\u2019ha adquirit \u00e9s el seg\u00fcent:<\/span><\/p>\n<p style=\"padding-left: 30px; text-align: justify;\"><span style=\"color: #000000;\">-4 ordinadors de sobretaula<\/span><\/p>\n<p style=\"padding-left: 30px; text-align: justify;\"><span style=\"color: #000000;\">-2 ordinadors port\u00e0tils<\/span><\/p>\n<p style=\"padding-left: 30px; text-align: justify;\"><span style=\"color: #000000;\">-L\u2019equipament complementari corresponent (teclats, ratolins&#8230;)<\/span><\/p>\n<p style=\"text-align: justify;\"><span style=\"color: #000000;\">El nou equipament s\u2019ha adquirit perqu\u00e8 el puguin fer servir tant la ciutadania (realitzaci\u00f3 de treballs, cerca d\u2019informaci\u00f3&#8230;) com l\u2019administraci\u00f3, les entitats i les associacions.<\/span><\/p>\n<p style=\"text-align: justify;\"><span style=\"color: #000000;\">Val a dir que l\u2019Ajuntament pagar\u00e0 2.534,19\u20ac amb fons propis i la resta, 3.575\u20ac, seran subvencionats per Cultura de la Generalitat de Catalunya.<\/span><\/p>\n<hr \/>\n<p style=\"text-align: justify;\"><span style=\"color: #000000;\"><strong>CASTELLANO |<\/strong> La Junta de Gobierno ha aprobado la adquisici\u00f3n de nuevo equipamiento inform\u00e1tico para la biblioteca p\u00fablica a trav\u00e9s de la Central de compras de la Associaci\u00f3 Catalana de Municipis por un total de 6.109,19\u20ac. El material que se ha adquirido es el siguiente:<\/span><\/p>\n<p style=\"padding-left: 30px; text-align: justify;\"><span style=\"color: #000000;\">-4 ordenadores de sobremesa<\/span><\/p>\n<p style=\"padding-left: 30px; text-align: justify;\"><span style=\"color: #000000;\">-2 ordenadores port\u00e1tiles<\/span><\/p>\n<p style=\"padding-left: 30px; text-align: justify;\"><span style=\"color: #000000;\">-El equipamiento complementario correspondiente (teclados, ratones&#8230;)<\/span><\/p>\n<p style=\"text-align: justify;\"><span style=\"color: #000000;\">El nuevo equipamiento se ha adquirido para que lo puedan utilizar los ciudadanos (realizaci\u00f3n de trabajos, b\u00fasqueda de informaci\u00f3n&#8230;) como la administraci\u00f3n, las entidades y las asociaciones.<\/span><\/p>\n<p style=\"text-align: justify;\"><span style=\"color: #000000;\">Cabe decir que el Ayuntamiento pagar\u00e1 2.534,19\u20ac con fondos propios y el resto, 3.575\u20ac, ser\u00e1n subvencionados por Cultura de la Generalitat de Catalunya.<\/span><\/p>\n","protected":false},"excerpt":{"rendered":"<p>La Junta de Govern ha aprovat l\u2019adquisici\u00f3 de nou equipament inform\u00e0tic per a la biblioteca p\u00fablica a trav\u00e9s de la Central de compres de l\u2019Associaci\u00f3 Catalana de Municipis per un &hellip; <a href=\"https:\/\/bisbalpenedes.com\/web\/2018\/10\/11\/la-biblioteca-publica-de-la-bisbal-ampliara-lequipament-informatic\/\" class=\"more-link\">Read More<\/a><\/p>\n","protected":false},"author":4,"featured_media":7357,"comment_status":"closed","ping_status":"closed","sticky":false,"template":"","format":"standard","meta":[],"categories":[13],"tags":[180,2443,1532],"_links":{"self":[{"href":"https:\/\/bisbalpenedes.com\/web\/wp-json\/wp\/v2\/posts\/7354"}],"collection":[{"href":"https:\/\/bisbalpenedes.com\/web\/wp-json\/wp\/v2\/posts"}],"about":[{"href":"https:\/\/bisbalpenedes.com\/web\/wp-json\/wp\/v2\/types\/post"}],"author":[{"embeddable":true,"href":"https:\/\/bisbalpenedes.com\/web\/wp-json\/wp\/v2\/users\/4"}],"replies":[{"embeddable":true,"href":"https:\/\/bisbalpenedes.com\/web\/wp-json\/wp\/v2\/comments?post=7354"}],"version-history":[{"count":4,"href":"https:\/\/bisbalpenedes.com\/web\/wp-json\/wp\/v2\/posts\/7354\/revisions"}],"predecessor-version":[{"id":7359,"href":"https:\/\/bisbalpenedes.com\/web\/wp-json\/wp\/v2\/posts\/7354\/revisions\/7359"}],"wp:featuredmedia":[{"embeddable":true,"href":"https:\/\/bisbalpenedes.com\/web\/wp-json\/wp\/v2\/media\/7357"}],"wp:attachment":[{"href":"https:\/\/bisbalpenedes.com\/web\/wp-json\/wp\/v2\/media?parent=7354"}],"wp:term":[{"taxonomy":"category","embeddable":true,"href":"https:\/\/bisbalpenedes.com\/web\/wp-json\/wp\/v2\/categories?post=7354"},{"taxonomy":"post_tag","embeddable":true,"href":"https:\/\/bisbalpenedes.com\/web\/wp-json\/wp\/v2\/tags?post=7354"}],"curies":[{"name":"wp","href":"https:\/\/api.w.org\/{rel}","templated":true}]}}