{"id":7350,"date":"2018-10-11T15:13:35","date_gmt":"2018-10-11T14:13:35","guid":{"rendered":"http:\/\/bisbalpenedes.com\/web\/?p=7350"},"modified":"2018-10-11T15:13:35","modified_gmt":"2018-10-11T14:13:35","slug":"la-junta-de-govern-ha-prorrogat-el-servei-de-lescola-de-musica-amb-lempresa-que-lha-gestionat-els-dos-cursos-anteriors","status":"publish","type":"post","link":"https:\/\/bisbalpenedes.com\/web\/2018\/10\/11\/la-junta-de-govern-ha-prorrogat-el-servei-de-lescola-de-musica-amb-lempresa-que-lha-gestionat-els-dos-cursos-anteriors\/","title":{"rendered":"La Junta de Govern ha prorrogat el servei de l&#8217;Escola de M\u00fasica amb l&#8217;empresa que l&#8217;ha gestionat els dos cursos anteriors"},"content":{"rendered":"<p style=\"text-align: justify;\"><span style=\"color: #000000;\">La Regidoria de Cultura ha prorrogat el contracte del servei de l\u2019Escola de M\u00fasica. L\u2019any 2016 l\u2019empresa Quart Minvant SCP va guanyar el contracte de gesti\u00f3 del servei de l\u2019Escola de M\u00fasica per dos anys m\u00e9s un de pr\u00f2rroga. L\u2019empresa ha ofert el servei durant els cursos 2016\/2017 i 2017\/2018 i ara ha sol\u00b7licitat la pr\u00f2rroga per al curs 2018\/2019, que ha estat aprovada per Junta de Govern.<\/span><\/p>\n<hr \/>\n<p style=\"text-align: justify;\"><span style=\"color: #000000;\"><strong>CASTELLANO |<\/strong> La Regidoria de Cultura ha prorrogado el contrato del servicio de la Escola de M\u00fasica. El a\u00f1o 2016 la empresa Quart Minvant SCP gan\u00f3 el contrato de gesti\u00f3n del servicio de la Escuela de M\u00fasica por dos a\u00f1os m\u00e1s uno de pr\u00f3rroga. La empresa ha ofrecido el servicio durante los cursos 2016\/2017 y 2017\/2019 y ahora ha solicitado la pr\u00f3rroga para el curso 2018\/2019, que ha sido aprobada por Junta de Gobierno.<\/span><\/p>\n","protected":false},"excerpt":{"rendered":"<p>La Regidoria de Cultura ha prorrogat el contracte del servei de l\u2019Escola de M\u00fasica. L\u2019any 2016 l\u2019empresa Quart Minvant SCP va guanyar el contracte de gesti\u00f3 del servei de l\u2019Escola &hellip; <a href=\"https:\/\/bisbalpenedes.com\/web\/2018\/10\/11\/la-junta-de-govern-ha-prorrogat-el-servei-de-lescola-de-musica-amb-lempresa-que-lha-gestionat-els-dos-cursos-anteriors\/\" class=\"more-link\">Read More<\/a><\/p>\n","protected":false},"author":4,"featured_media":6485,"comment_status":"closed","ping_status":"closed","sticky":false,"template":"","format":"standard","meta":[],"categories":[13],"tags":[974,781,686,1089],"_links":{"self":[{"href":"https:\/\/bisbalpenedes.com\/web\/wp-json\/wp\/v2\/posts\/7350"}],"collection":[{"href":"https:\/\/bisbalpenedes.com\/web\/wp-json\/wp\/v2\/posts"}],"about":[{"href":"https:\/\/bisbalpenedes.com\/web\/wp-json\/wp\/v2\/types\/post"}],"author":[{"embeddable":true,"href":"https:\/\/bisbalpenedes.com\/web\/wp-json\/wp\/v2\/users\/4"}],"replies":[{"embeddable":true,"href":"https:\/\/bisbalpenedes.com\/web\/wp-json\/wp\/v2\/comments?post=7350"}],"version-history":[{"count":1,"href":"https:\/\/bisbalpenedes.com\/web\/wp-json\/wp\/v2\/posts\/7350\/revisions"}],"predecessor-version":[{"id":7351,"href":"https:\/\/bisbalpenedes.com\/web\/wp-json\/wp\/v2\/posts\/7350\/revisions\/7351"}],"wp:featuredmedia":[{"embeddable":true,"href":"https:\/\/bisbalpenedes.com\/web\/wp-json\/wp\/v2\/media\/6485"}],"wp:attachment":[{"href":"https:\/\/bisbalpenedes.com\/web\/wp-json\/wp\/v2\/media?parent=7350"}],"wp:term":[{"taxonomy":"category","embeddable":true,"href":"https:\/\/bisbalpenedes.com\/web\/wp-json\/wp\/v2\/categories?post=7350"},{"taxonomy":"post_tag","embeddable":true,"href":"https:\/\/bisbalpenedes.com\/web\/wp-json\/wp\/v2\/tags?post=7350"}],"curies":[{"name":"wp","href":"https:\/\/api.w.org\/{rel}","templated":true}]}}