{"id":7345,"date":"2018-10-11T13:29:09","date_gmt":"2018-10-11T12:29:09","guid":{"rendered":"http:\/\/bisbalpenedes.com\/web\/?p=7345"},"modified":"2018-10-15T07:16:32","modified_gmt":"2018-10-15T06:16:32","slug":"els-dilluns-15-i-22-doctubre-vine-a-les-xerrades-de-la-regidoria-docupacio","status":"publish","type":"post","link":"https:\/\/bisbalpenedes.com\/web\/2018\/10\/11\/els-dilluns-15-i-22-doctubre-vine-a-les-xerrades-de-la-regidoria-docupacio\/","title":{"rendered":"Els dilluns 15 i 22 d&#8217;octubre: Vine a les xerrades de la Regidoria d&#8217;Ocupaci\u00f3!"},"content":{"rendered":"<p>La Regidoria d&#8217;Ocupaci\u00f3 i el SOM Bisbal han organitzat dues xerrades en col\u00b7laboraci\u00f3 amb la Federaci\u00f3 Empresarial del Gran Pened\u00e8s (FEGP).<\/p>\n<p style=\"padding-left: 30px; text-align: justify;\"><span style=\"color: #000000;\"><strong>-Dilluns 15 d&#8217;octubre a les 20h:<\/strong>\u00a0<\/span><span style=\"color: #000000;\"><strong>Comer\u00e7 electr\u00f2nic: oportunitats i amenaces per al pertit comer\u00e7<\/strong><\/span><\/p>\n<p style=\"padding-left: 60px; text-align: justify;\"><span style=\"color: #000000;\">A c\u00e0rrec de Marisol Garcia, de Marisol Comunicaci\u00f3, especialista en comer\u00e7 electr\u00f2nic i col\u00b7laboradora de la FEGP.\u00a0<\/span><span style=\"color: #000000;\">La xerrada es far\u00e0 a l&#8217;<strong>Hotel d&#8217;Entitats<\/strong>\u00a0i s&#8217;adre\u00e7a als comerciants i botiguers locals i a totes aquelles persones que vulguin posar en marxa un negoci virtual.<\/span><\/p>\n<p style=\"padding-left: 30px; text-align: justify;\"><span style=\"color: #000000;\"><strong>-Dilluns 22 d&#8217;octubre a les 18.00h (hi ha una errada al cartell, per\u00f2 l\u2019hora correcta \u00e9s aquesta):\u00a0<\/strong><\/span><span style=\"color: #000000;\"><strong>Com crear o formar part d&#8217;una cooperativa.<\/strong>\u00a0<\/span><\/p>\n<p style=\"padding-left: 60px; text-align: justify;\"><span style=\"color: #000000;\">La xerrada es far\u00e0 a l&#8217;auditori del\u00a0<strong>CMC<\/strong>\u00a0i est\u00e0 destinada a col\u00b7lectius, agrupacions o persones que estiguin interessades a formar part d&#8217;una cooperativa.<\/span><\/p>\n<hr \/>\n<p style=\"text-align: justify;\"><span style=\"color: #000000;\"><strong>CASTELLENO |<\/strong> La Regidoria de Ocupaci\u00f3 y el SOM Bisbal han organizado dos charlas en colaboraci\u00f3n con la Federaci\u00f3 Empresarial del Gran Pened\u00e8s.<\/span><\/p>\n<p style=\"padding-left: 30px; text-align: justify;\"><strong><span style=\"color: #000000;\">-Lunes 15 de octubre a las 20h: Comercio electr\u00f3nico: oportunidades y amenazas para el peque\u00f1o comercio<\/span><\/strong><\/p>\n<p style=\"padding-left: 60px; text-align: justify;\"><span style=\"color: #000000;\">A cargo de Marisol Garcia, de Marisol Comunicaci\u00f3, especialista en comercio electr\u00f3nico y colaboradora de la FEGP. La charla se har\u00e1 en el <strong>Hotel d&#8217;Entitats<\/strong> y se dirige a los comerciantes y tenderos locales y a todas aquellas personas que quieran poner en marcha un negocio virtual.<\/span><\/p>\n<p style=\"padding-left: 30px; text-align: justify;\"><strong><span style=\"color: #000000;\">-Lunes 22 de octubre a las 18.00h (hay un error en el cartel, pero la hora correcta es esta): Como crear o formar parte de una cooperativa.<\/span><\/strong><\/p>\n<p style=\"padding-left: 60px; text-align: justify;\"><span style=\"color: #000000;\">La charla se har\u00e1 en el auditorio del <strong>CMC<\/strong> y est\u00e1 destinada a los colectivos, agrupaciones o personas que est\u00e9n interesadas en formar parte de una cooperativa.<\/span><\/p>\n<p style=\"padding-left: 30px; text-align: justify;\"><img loading=\"lazy\" class=\"aligncenter size-large wp-image-7343\" src=\"http:\/\/bisbalpenedes.com\/web\/wp-content\/uploads\/2018\/02\/COMERC_ELEC_COOP_2018_OCTUBREDEF2-724x1024.jpg\" alt=\"xerrades ocupacio comerc electronic cooperativa\" width=\"630\" height=\"891\" srcset=\"https:\/\/bisbalpenedes.com\/web\/wp-content\/uploads\/2018\/02\/COMERC_ELEC_COOP_2018_OCTUBREDEF2-724x1024.jpg 724w, https:\/\/bisbalpenedes.com\/web\/wp-content\/uploads\/2018\/02\/COMERC_ELEC_COOP_2018_OCTUBREDEF2-600x848.jpg 600w, https:\/\/bisbalpenedes.com\/web\/wp-content\/uploads\/2018\/02\/COMERC_ELEC_COOP_2018_OCTUBREDEF2-212x300.jpg 212w, https:\/\/bisbalpenedes.com\/web\/wp-content\/uploads\/2018\/02\/COMERC_ELEC_COOP_2018_OCTUBREDEF2-768x1086.jpg 768w, https:\/\/bisbalpenedes.com\/web\/wp-content\/uploads\/2018\/02\/COMERC_ELEC_COOP_2018_OCTUBREDEF2.jpg 827w\" sizes=\"(max-width: 630px) 100vw, 630px\" \/><\/p>\n","protected":false},"excerpt":{"rendered":"<p>La Regidoria d&#8217;Ocupaci\u00f3 i el SOM Bisbal han organitzat dues xerrades en col\u00b7laboraci\u00f3 amb la Federaci\u00f3 Empresarial del Gran Pened\u00e8s (FEGP). -Dilluns 15 d&#8217;octubre a les 20h:\u00a0Comer\u00e7 electr\u00f2nic: oportunitats i &hellip; <a href=\"https:\/\/bisbalpenedes.com\/web\/2018\/10\/11\/els-dilluns-15-i-22-doctubre-vine-a-les-xerrades-de-la-regidoria-docupacio\/\" class=\"more-link\">Read More<\/a><\/p>\n","protected":false},"author":4,"featured_media":7343,"comment_status":"closed","ping_status":"closed","sticky":false,"template":"","format":"standard","meta":[],"categories":[9],"tags":[2301,953,1327,2437,2438,2436,271,45],"_links":{"self":[{"href":"https:\/\/bisbalpenedes.com\/web\/wp-json\/wp\/v2\/posts\/7345"}],"collection":[{"href":"https:\/\/bisbalpenedes.com\/web\/wp-json\/wp\/v2\/posts"}],"about":[{"href":"https:\/\/bisbalpenedes.com\/web\/wp-json\/wp\/v2\/types\/post"}],"author":[{"embeddable":true,"href":"https:\/\/bisbalpenedes.com\/web\/wp-json\/wp\/v2\/users\/4"}],"replies":[{"embeddable":true,"href":"https:\/\/bisbalpenedes.com\/web\/wp-json\/wp\/v2\/comments?post=7345"}],"version-history":[{"count":4,"href":"https:\/\/bisbalpenedes.com\/web\/wp-json\/wp\/v2\/posts\/7345\/revisions"}],"predecessor-version":[{"id":7361,"href":"https:\/\/bisbalpenedes.com\/web\/wp-json\/wp\/v2\/posts\/7345\/revisions\/7361"}],"wp:featuredmedia":[{"embeddable":true,"href":"https:\/\/bisbalpenedes.com\/web\/wp-json\/wp\/v2\/media\/7343"}],"wp:attachment":[{"href":"https:\/\/bisbalpenedes.com\/web\/wp-json\/wp\/v2\/media?parent=7345"}],"wp:term":[{"taxonomy":"category","embeddable":true,"href":"https:\/\/bisbalpenedes.com\/web\/wp-json\/wp\/v2\/categories?post=7345"},{"taxonomy":"post_tag","embeddable":true,"href":"https:\/\/bisbalpenedes.com\/web\/wp-json\/wp\/v2\/tags?post=7345"}],"curies":[{"name":"wp","href":"https:\/\/api.w.org\/{rel}","templated":true}]}}