{"id":7275,"date":"2018-10-09T13:35:03","date_gmt":"2018-10-09T12:35:03","guid":{"rendered":"http:\/\/bisbalpenedes.com\/web\/?p=7275"},"modified":"2018-10-09T13:53:02","modified_gmt":"2018-10-09T12:53:02","slug":"un-centenar-de-persones-van-assistir-a-la-inauguracio-del-raco-de-la-gent-gran","status":"publish","type":"post","link":"https:\/\/bisbalpenedes.com\/web\/2018\/10\/09\/un-centenar-de-persones-van-assistir-a-la-inauguracio-del-raco-de-la-gent-gran\/","title":{"rendered":"Un centenar de persones van assistir dissabte a la inauguraci\u00f3 del Rac\u00f3 de la Gent Gran"},"content":{"rendered":"<p style=\"text-align: justify;\"><span style=\"color: #000000;\">La Regidoria de la Gent Gran del Ayuntamiento de la Bisbal del Pened\u00e8s i l&#8217;Associaci\u00f3 de la Gent Gran van inaugurar, el passat dissabte 6 d&#8217;octubre, el Rac\u00f3 de la Gent Gran.\u00a0L&#8217;acte va comptar amb l&#8217;assist\u00e8ncia d&#8217;un centenar de persones que van gaudir de l&#8217;actuaci\u00f3 musical de &#8220;La Veu Humana&#8221; i d&#8217;un berenar. L&#8217;espai est\u00e0 pensat perqu\u00e8 la gent gran del municipi pugui disposar d&#8217;un espai on realitzar activitats per lliure (llegir, jugar, cosir&#8230;) o participar en les activitats di\u00e0ries que la Regidoria de la Gent Gran ha programat.\u00a0<\/span><\/p>\n<div id='gallery-1' class='gallery galleryid-7275 gallery-columns-3 gallery-size-medium'><figure class='gallery-item'>\n\t\t\t<div class='gallery-icon landscape'>\n\t\t\t\t<a href='https:\/\/bisbalpenedes.com\/web\/2018\/10\/09\/un-centenar-de-persones-van-assistir-a-la-inauguracio-del-raco-de-la-gent-gran\/formatfactoryimg_9509\/'><img width=\"300\" height=\"200\" src=\"https:\/\/bisbalpenedes.com\/web\/wp-content\/uploads\/2018\/10\/FormatFactoryIMG_9509-300x200.jpg\" class=\"attachment-medium size-medium\" alt=\"\" loading=\"lazy\" srcset=\"https:\/\/bisbalpenedes.com\/web\/wp-content\/uploads\/2018\/10\/FormatFactoryIMG_9509-300x200.jpg 300w, https:\/\/bisbalpenedes.com\/web\/wp-content\/uploads\/2018\/10\/FormatFactoryIMG_9509-600x400.jpg 600w, https:\/\/bisbalpenedes.com\/web\/wp-content\/uploads\/2018\/10\/FormatFactoryIMG_9509-768x512.jpg 768w, https:\/\/bisbalpenedes.com\/web\/wp-content\/uploads\/2018\/10\/FormatFactoryIMG_9509-1024x683.jpg 1024w\" sizes=\"(max-width: 300px) 100vw, 300px\" \/><\/a>\n\t\t\t<\/div><\/figure><figure class='gallery-item'>\n\t\t\t<div class='gallery-icon landscape'>\n\t\t\t\t<a href='https:\/\/bisbalpenedes.com\/web\/2018\/10\/09\/un-centenar-de-persones-van-assistir-a-la-inauguracio-del-raco-de-la-gent-gran\/formatfactoryimg_9562\/'><img width=\"300\" height=\"200\" src=\"https:\/\/bisbalpenedes.com\/web\/wp-content\/uploads\/2018\/10\/FormatFactoryIMG_9562-300x200.jpg\" class=\"attachment-medium size-medium\" alt=\"\" loading=\"lazy\" srcset=\"https:\/\/bisbalpenedes.com\/web\/wp-content\/uploads\/2018\/10\/FormatFactoryIMG_9562-300x200.jpg 300w, https:\/\/bisbalpenedes.com\/web\/wp-content\/uploads\/2018\/10\/FormatFactoryIMG_9562-600x400.jpg 600w, https:\/\/bisbalpenedes.com\/web\/wp-content\/uploads\/2018\/10\/FormatFactoryIMG_9562-768x512.jpg 768w, https:\/\/bisbalpenedes.com\/web\/wp-content\/uploads\/2018\/10\/FormatFactoryIMG_9562-1024x683.jpg 1024w\" sizes=\"(max-width: 300px) 100vw, 300px\" \/><\/a>\n\t\t\t<\/div><\/figure><figure class='gallery-item'>\n\t\t\t<div class='gallery-icon landscape'>\n\t\t\t\t<a href='https:\/\/bisbalpenedes.com\/web\/2018\/10\/09\/un-centenar-de-persones-van-assistir-a-la-inauguracio-del-raco-de-la-gent-gran\/formatfactoryimg_9624\/'><img width=\"300\" height=\"200\" src=\"https:\/\/bisbalpenedes.com\/web\/wp-content\/uploads\/2018\/10\/FormatFactoryIMG_9624-300x200.jpg\" class=\"attachment-medium size-medium\" alt=\"\" loading=\"lazy\" srcset=\"https:\/\/bisbalpenedes.com\/web\/wp-content\/uploads\/2018\/10\/FormatFactoryIMG_9624-300x200.jpg 300w, https:\/\/bisbalpenedes.com\/web\/wp-content\/uploads\/2018\/10\/FormatFactoryIMG_9624-600x400.jpg 600w, https:\/\/bisbalpenedes.com\/web\/wp-content\/uploads\/2018\/10\/FormatFactoryIMG_9624-768x512.jpg 768w, https:\/\/bisbalpenedes.com\/web\/wp-content\/uploads\/2018\/10\/FormatFactoryIMG_9624-1024x683.jpg 1024w\" sizes=\"(max-width: 300px) 100vw, 300px\" \/><\/a>\n\t\t\t<\/div><\/figure><figure class='gallery-item'>\n\t\t\t<div class='gallery-icon landscape'>\n\t\t\t\t<a href='https:\/\/bisbalpenedes.com\/web\/2018\/10\/09\/un-centenar-de-persones-van-assistir-a-la-inauguracio-del-raco-de-la-gent-gran\/formatfactoryimg_9650\/'><img width=\"300\" height=\"200\" src=\"https:\/\/bisbalpenedes.com\/web\/wp-content\/uploads\/2018\/10\/FormatFactoryIMG_9650-300x200.jpg\" class=\"attachment-medium size-medium\" alt=\"\" loading=\"lazy\" srcset=\"https:\/\/bisbalpenedes.com\/web\/wp-content\/uploads\/2018\/10\/FormatFactoryIMG_9650-300x200.jpg 300w, https:\/\/bisbalpenedes.com\/web\/wp-content\/uploads\/2018\/10\/FormatFactoryIMG_9650-600x400.jpg 600w, https:\/\/bisbalpenedes.com\/web\/wp-content\/uploads\/2018\/10\/FormatFactoryIMG_9650-768x512.jpg 768w, https:\/\/bisbalpenedes.com\/web\/wp-content\/uploads\/2018\/10\/FormatFactoryIMG_9650-1024x683.jpg 1024w\" sizes=\"(max-width: 300px) 100vw, 300px\" \/><\/a>\n\t\t\t<\/div><\/figure><figure class='gallery-item'>\n\t\t\t<div class='gallery-icon landscape'>\n\t\t\t\t<a href='https:\/\/bisbalpenedes.com\/web\/2018\/10\/09\/un-centenar-de-persones-van-assistir-a-la-inauguracio-del-raco-de-la-gent-gran\/formatfactoryimg_9682\/'><img width=\"300\" height=\"200\" src=\"https:\/\/bisbalpenedes.com\/web\/wp-content\/uploads\/2018\/10\/FormatFactoryIMG_9682-300x200.jpg\" class=\"attachment-medium size-medium\" alt=\"\" loading=\"lazy\" srcset=\"https:\/\/bisbalpenedes.com\/web\/wp-content\/uploads\/2018\/10\/FormatFactoryIMG_9682-300x200.jpg 300w, https:\/\/bisbalpenedes.com\/web\/wp-content\/uploads\/2018\/10\/FormatFactoryIMG_9682-600x400.jpg 600w, https:\/\/bisbalpenedes.com\/web\/wp-content\/uploads\/2018\/10\/FormatFactoryIMG_9682-768x512.jpg 768w, https:\/\/bisbalpenedes.com\/web\/wp-content\/uploads\/2018\/10\/FormatFactoryIMG_9682-1024x683.jpg 1024w\" sizes=\"(max-width: 300px) 100vw, 300px\" \/><\/a>\n\t\t\t<\/div><\/figure><figure class='gallery-item'>\n\t\t\t<div class='gallery-icon landscape'>\n\t\t\t\t<a href='https:\/\/bisbalpenedes.com\/web\/2018\/10\/09\/un-centenar-de-persones-van-assistir-a-la-inauguracio-del-raco-de-la-gent-gran\/formatfactoryimg_9734\/'><img width=\"300\" height=\"200\" src=\"https:\/\/bisbalpenedes.com\/web\/wp-content\/uploads\/2018\/10\/FormatFactoryIMG_9734-300x200.jpg\" class=\"attachment-medium size-medium\" alt=\"\" loading=\"lazy\" srcset=\"https:\/\/bisbalpenedes.com\/web\/wp-content\/uploads\/2018\/10\/FormatFactoryIMG_9734-300x200.jpg 300w, https:\/\/bisbalpenedes.com\/web\/wp-content\/uploads\/2018\/10\/FormatFactoryIMG_9734-600x400.jpg 600w, https:\/\/bisbalpenedes.com\/web\/wp-content\/uploads\/2018\/10\/FormatFactoryIMG_9734-768x512.jpg 768w, https:\/\/bisbalpenedes.com\/web\/wp-content\/uploads\/2018\/10\/FormatFactoryIMG_9734-1024x683.jpg 1024w\" sizes=\"(max-width: 300px) 100vw, 300px\" \/><\/a>\n\t\t\t<\/div><\/figure>\n\t\t<\/div>\n\n<p style=\"text-align: justify;\"><span style=\"color: #000000;\">L&#8217;espai compta amb un t\u00e8cnic especialitzat durant les tardes que, a m\u00e9s, ofereix el servei d&#8217;escolta als usuaris i les fam\u00edlies.\u00a0L&#8217;equipament es comparteix amb l&#8217;Associaci\u00f3 de la Gent Gran i t\u00e9 com a objectiu esdevenir un punt de trobada per al col\u00b7lectiu de persones de m\u00e9s edat de la Bisbal.\u00a0<\/span><\/p>\n<p style=\"text-align: justify;\"><span style=\"color: #000000;\">Si teniu suggeriments o propostes a fer per millorar l&#8217;espai, les podeu fer arribar a la Regidoria de la Gent Gran. De fet, fruit de la comunicaci\u00f3 amb les persones, la Regidoria de la Gent Gran ha modificat la programaci\u00f3 di\u00e0ria per poder acollir les activitats en les quals diversos usuaris s&#8217;havien mostrat interessats. Aquesta \u00e9s la nova programaci\u00f3. Recordem que les activitats que s&#8217;ofereixen a les tardes s\u00f3n gratu\u00eftes.<\/span><\/p>\n<p><a href=\"http:\/\/bisbalpenedes.com\/web\/wp-content\/uploads\/2018\/10\/RACO_GENT_GRAN_18_ACTIVITATS_CARTELL3.jpg\"><img loading=\"lazy\" class=\"aligncenter size-large wp-image-7276\" src=\"http:\/\/bisbalpenedes.com\/web\/wp-content\/uploads\/2018\/10\/RACO_GENT_GRAN_18_ACTIVITATS_CARTELL3-724x1024.jpg\" alt=\"RACO_GENT_GRAN_18_ACTIVITATS_CARTELL3\" width=\"630\" height=\"891\" srcset=\"https:\/\/bisbalpenedes.com\/web\/wp-content\/uploads\/2018\/10\/RACO_GENT_GRAN_18_ACTIVITATS_CARTELL3-724x1024.jpg 724w, https:\/\/bisbalpenedes.com\/web\/wp-content\/uploads\/2018\/10\/RACO_GENT_GRAN_18_ACTIVITATS_CARTELL3-600x849.jpg 600w, https:\/\/bisbalpenedes.com\/web\/wp-content\/uploads\/2018\/10\/RACO_GENT_GRAN_18_ACTIVITATS_CARTELL3-212x300.jpg 212w, https:\/\/bisbalpenedes.com\/web\/wp-content\/uploads\/2018\/10\/RACO_GENT_GRAN_18_ACTIVITATS_CARTELL3-768x1086.jpg 768w, https:\/\/bisbalpenedes.com\/web\/wp-content\/uploads\/2018\/10\/RACO_GENT_GRAN_18_ACTIVITATS_CARTELL3-scaled.jpg 1810w\" sizes=\"(max-width: 630px) 100vw, 630px\" \/><\/a><\/p>\n<p>&nbsp;<\/p>\n<hr \/>\n<p><span style=\"color: #000000;\"><strong>CASTELLANO |<\/strong>\u00a0La Regidoria de la Gent Gran del Ayuntamiento de la Bisbal del Pened\u00e8s y la Associaci\u00f3 de la Gent Gran inauguraron, el s\u00e1bado 6 de octubre, el Rac\u00f3 de la Gent Gran.\u00a0El acto cont\u00f3 con la asistencia de un centenar de personas que disfrutaron de la actuaci\u00f3n musical de &#8220;La Veu Humana&#8221; y de una merienda. El Rac\u00f3 de la Gent Gran est\u00e1 pensado para que la gente mayor del municipio pueda disponer de un espacio donde realizar actividades por libre (leer, jugar, coser&#8230;) o participar en las actividades diarias que la Regidoria de la Gent Gran ha programado.\u00a0<\/span><\/p>\n<p>&nbsp;<\/p>\n<div id='gallery-2' class='gallery galleryid-7275 gallery-columns-3 gallery-size-medium'><figure class='gallery-item'>\n\t\t\t<div class='gallery-icon landscape'>\n\t\t\t\t<a href='https:\/\/bisbalpenedes.com\/web\/2018\/10\/09\/un-centenar-de-persones-van-assistir-a-la-inauguracio-del-raco-de-la-gent-gran\/formatfactoryimg_9509\/'><img width=\"300\" height=\"200\" src=\"https:\/\/bisbalpenedes.com\/web\/wp-content\/uploads\/2018\/10\/FormatFactoryIMG_9509-300x200.jpg\" class=\"attachment-medium size-medium\" alt=\"\" loading=\"lazy\" srcset=\"https:\/\/bisbalpenedes.com\/web\/wp-content\/uploads\/2018\/10\/FormatFactoryIMG_9509-300x200.jpg 300w, https:\/\/bisbalpenedes.com\/web\/wp-content\/uploads\/2018\/10\/FormatFactoryIMG_9509-600x400.jpg 600w, https:\/\/bisbalpenedes.com\/web\/wp-content\/uploads\/2018\/10\/FormatFactoryIMG_9509-768x512.jpg 768w, https:\/\/bisbalpenedes.com\/web\/wp-content\/uploads\/2018\/10\/FormatFactoryIMG_9509-1024x683.jpg 1024w\" sizes=\"(max-width: 300px) 100vw, 300px\" \/><\/a>\n\t\t\t<\/div><\/figure><figure class='gallery-item'>\n\t\t\t<div class='gallery-icon landscape'>\n\t\t\t\t<a href='https:\/\/bisbalpenedes.com\/web\/2018\/10\/09\/un-centenar-de-persones-van-assistir-a-la-inauguracio-del-raco-de-la-gent-gran\/formatfactoryimg_9562\/'><img width=\"300\" height=\"200\" src=\"https:\/\/bisbalpenedes.com\/web\/wp-content\/uploads\/2018\/10\/FormatFactoryIMG_9562-300x200.jpg\" class=\"attachment-medium size-medium\" alt=\"\" loading=\"lazy\" srcset=\"https:\/\/bisbalpenedes.com\/web\/wp-content\/uploads\/2018\/10\/FormatFactoryIMG_9562-300x200.jpg 300w, https:\/\/bisbalpenedes.com\/web\/wp-content\/uploads\/2018\/10\/FormatFactoryIMG_9562-600x400.jpg 600w, https:\/\/bisbalpenedes.com\/web\/wp-content\/uploads\/2018\/10\/FormatFactoryIMG_9562-768x512.jpg 768w, https:\/\/bisbalpenedes.com\/web\/wp-content\/uploads\/2018\/10\/FormatFactoryIMG_9562-1024x683.jpg 1024w\" sizes=\"(max-width: 300px) 100vw, 300px\" \/><\/a>\n\t\t\t<\/div><\/figure><figure class='gallery-item'>\n\t\t\t<div class='gallery-icon landscape'>\n\t\t\t\t<a href='https:\/\/bisbalpenedes.com\/web\/2018\/10\/09\/un-centenar-de-persones-van-assistir-a-la-inauguracio-del-raco-de-la-gent-gran\/formatfactoryimg_9624\/'><img width=\"300\" height=\"200\" src=\"https:\/\/bisbalpenedes.com\/web\/wp-content\/uploads\/2018\/10\/FormatFactoryIMG_9624-300x200.jpg\" class=\"attachment-medium size-medium\" alt=\"\" loading=\"lazy\" srcset=\"https:\/\/bisbalpenedes.com\/web\/wp-content\/uploads\/2018\/10\/FormatFactoryIMG_9624-300x200.jpg 300w, https:\/\/bisbalpenedes.com\/web\/wp-content\/uploads\/2018\/10\/FormatFactoryIMG_9624-600x400.jpg 600w, https:\/\/bisbalpenedes.com\/web\/wp-content\/uploads\/2018\/10\/FormatFactoryIMG_9624-768x512.jpg 768w, https:\/\/bisbalpenedes.com\/web\/wp-content\/uploads\/2018\/10\/FormatFactoryIMG_9624-1024x683.jpg 1024w\" sizes=\"(max-width: 300px) 100vw, 300px\" \/><\/a>\n\t\t\t<\/div><\/figure><figure class='gallery-item'>\n\t\t\t<div class='gallery-icon landscape'>\n\t\t\t\t<a href='https:\/\/bisbalpenedes.com\/web\/2018\/10\/09\/un-centenar-de-persones-van-assistir-a-la-inauguracio-del-raco-de-la-gent-gran\/formatfactoryimg_9650\/'><img width=\"300\" height=\"200\" src=\"https:\/\/bisbalpenedes.com\/web\/wp-content\/uploads\/2018\/10\/FormatFactoryIMG_9650-300x200.jpg\" class=\"attachment-medium size-medium\" alt=\"\" loading=\"lazy\" srcset=\"https:\/\/bisbalpenedes.com\/web\/wp-content\/uploads\/2018\/10\/FormatFactoryIMG_9650-300x200.jpg 300w, https:\/\/bisbalpenedes.com\/web\/wp-content\/uploads\/2018\/10\/FormatFactoryIMG_9650-600x400.jpg 600w, https:\/\/bisbalpenedes.com\/web\/wp-content\/uploads\/2018\/10\/FormatFactoryIMG_9650-768x512.jpg 768w, https:\/\/bisbalpenedes.com\/web\/wp-content\/uploads\/2018\/10\/FormatFactoryIMG_9650-1024x683.jpg 1024w\" sizes=\"(max-width: 300px) 100vw, 300px\" \/><\/a>\n\t\t\t<\/div><\/figure><figure class='gallery-item'>\n\t\t\t<div class='gallery-icon landscape'>\n\t\t\t\t<a href='https:\/\/bisbalpenedes.com\/web\/2018\/10\/09\/un-centenar-de-persones-van-assistir-a-la-inauguracio-del-raco-de-la-gent-gran\/formatfactoryimg_9682\/'><img width=\"300\" height=\"200\" src=\"https:\/\/bisbalpenedes.com\/web\/wp-content\/uploads\/2018\/10\/FormatFactoryIMG_9682-300x200.jpg\" class=\"attachment-medium size-medium\" alt=\"\" loading=\"lazy\" srcset=\"https:\/\/bisbalpenedes.com\/web\/wp-content\/uploads\/2018\/10\/FormatFactoryIMG_9682-300x200.jpg 300w, https:\/\/bisbalpenedes.com\/web\/wp-content\/uploads\/2018\/10\/FormatFactoryIMG_9682-600x400.jpg 600w, https:\/\/bisbalpenedes.com\/web\/wp-content\/uploads\/2018\/10\/FormatFactoryIMG_9682-768x512.jpg 768w, https:\/\/bisbalpenedes.com\/web\/wp-content\/uploads\/2018\/10\/FormatFactoryIMG_9682-1024x683.jpg 1024w\" sizes=\"(max-width: 300px) 100vw, 300px\" \/><\/a>\n\t\t\t<\/div><\/figure><figure class='gallery-item'>\n\t\t\t<div class='gallery-icon landscape'>\n\t\t\t\t<a href='https:\/\/bisbalpenedes.com\/web\/2018\/10\/09\/un-centenar-de-persones-van-assistir-a-la-inauguracio-del-raco-de-la-gent-gran\/formatfactoryimg_9734\/'><img width=\"300\" height=\"200\" src=\"https:\/\/bisbalpenedes.com\/web\/wp-content\/uploads\/2018\/10\/FormatFactoryIMG_9734-300x200.jpg\" class=\"attachment-medium size-medium\" alt=\"\" loading=\"lazy\" srcset=\"https:\/\/bisbalpenedes.com\/web\/wp-content\/uploads\/2018\/10\/FormatFactoryIMG_9734-300x200.jpg 300w, https:\/\/bisbalpenedes.com\/web\/wp-content\/uploads\/2018\/10\/FormatFactoryIMG_9734-600x400.jpg 600w, https:\/\/bisbalpenedes.com\/web\/wp-content\/uploads\/2018\/10\/FormatFactoryIMG_9734-768x512.jpg 768w, https:\/\/bisbalpenedes.com\/web\/wp-content\/uploads\/2018\/10\/FormatFactoryIMG_9734-1024x683.jpg 1024w\" sizes=\"(max-width: 300px) 100vw, 300px\" \/><\/a>\n\t\t\t<\/div><\/figure>\n\t\t<\/div>\n\n<p style=\"text-align: justify;\">El espacio cuenta con un t\u00e9cnico especializado durante las tardes que, adem\u00e1s, ofrece el servicio de escucha a los usuarios y a las familias.\u00a0El equipamiento se comparte con la Associaci\u00f3 de la Gent Gran y tiene como objetivo convertirse en un punto de encuentro para el colectivo de personas de m\u00e1s edad del municipio.<\/p>\n<p style=\"text-align: justify;\">Si ten\u00e9is sugerencias o propuestas a hacer para mejorar el espacio, las pod\u00e9is hacer llegar a la Regidoria de la Gent Gran. De hecho, fruto de la comunicaci\u00f3n con las personas, la Regidoria de la Gent Gran ha modificado la programaci\u00f3n diaria para poder acoger las actividades en las cuales diversos usuarios hab\u00edan mostrado inter\u00e9s. Esta es la nueva programaci\u00f3n. Recordamos que las actividades que se ofrecen por las tardes son gratuitas:<\/p>\n<p><a href=\"http:\/\/bisbalpenedes.com\/web\/wp-content\/uploads\/2018\/10\/RACO_GENT_GRAN_18_ACTIVITATS_CARTELL3.jpg\"><img loading=\"lazy\" class=\"aligncenter size-large wp-image-7276\" src=\"http:\/\/bisbalpenedes.com\/web\/wp-content\/uploads\/2018\/10\/RACO_GENT_GRAN_18_ACTIVITATS_CARTELL3-724x1024.jpg\" alt=\"RACO_GENT_GRAN_18_ACTIVITATS_CARTELL3\" width=\"630\" height=\"891\" srcset=\"https:\/\/bisbalpenedes.com\/web\/wp-content\/uploads\/2018\/10\/RACO_GENT_GRAN_18_ACTIVITATS_CARTELL3-724x1024.jpg 724w, https:\/\/bisbalpenedes.com\/web\/wp-content\/uploads\/2018\/10\/RACO_GENT_GRAN_18_ACTIVITATS_CARTELL3-600x849.jpg 600w, https:\/\/bisbalpenedes.com\/web\/wp-content\/uploads\/2018\/10\/RACO_GENT_GRAN_18_ACTIVITATS_CARTELL3-212x300.jpg 212w, https:\/\/bisbalpenedes.com\/web\/wp-content\/uploads\/2018\/10\/RACO_GENT_GRAN_18_ACTIVITATS_CARTELL3-768x1086.jpg 768w, https:\/\/bisbalpenedes.com\/web\/wp-content\/uploads\/2018\/10\/RACO_GENT_GRAN_18_ACTIVITATS_CARTELL3-scaled.jpg 1810w\" sizes=\"(max-width: 630px) 100vw, 630px\" \/><\/a><\/p>\n","protected":false},"excerpt":{"rendered":"<p>La Regidoria de la Gent Gran del Ayuntamiento de la Bisbal del Pened\u00e8s i l&#8217;Associaci\u00f3 de la Gent Gran van inaugurar, el passat dissabte 6 d&#8217;octubre, el Rac\u00f3 de la &hellip; <a href=\"https:\/\/bisbalpenedes.com\/web\/2018\/10\/09\/un-centenar-de-persones-van-assistir-a-la-inauguracio-del-raco-de-la-gent-gran\/\" class=\"more-link\">Read More<\/a><\/p>\n","protected":false},"author":4,"featured_media":7278,"comment_status":"closed","ping_status":"closed","sticky":false,"template":"","format":"standard","meta":[],"categories":[464],"tags":[230,950,129,410,2115],"_links":{"self":[{"href":"https:\/\/bisbalpenedes.com\/web\/wp-json\/wp\/v2\/posts\/7275"}],"collection":[{"href":"https:\/\/bisbalpenedes.com\/web\/wp-json\/wp\/v2\/posts"}],"about":[{"href":"https:\/\/bisbalpenedes.com\/web\/wp-json\/wp\/v2\/types\/post"}],"author":[{"embeddable":true,"href":"https:\/\/bisbalpenedes.com\/web\/wp-json\/wp\/v2\/users\/4"}],"replies":[{"embeddable":true,"href":"https:\/\/bisbalpenedes.com\/web\/wp-json\/wp\/v2\/comments?post=7275"}],"version-history":[{"count":6,"href":"https:\/\/bisbalpenedes.com\/web\/wp-json\/wp\/v2\/posts\/7275\/revisions"}],"predecessor-version":[{"id":7288,"href":"https:\/\/bisbalpenedes.com\/web\/wp-json\/wp\/v2\/posts\/7275\/revisions\/7288"}],"wp:featuredmedia":[{"embeddable":true,"href":"https:\/\/bisbalpenedes.com\/web\/wp-json\/wp\/v2\/media\/7278"}],"wp:attachment":[{"href":"https:\/\/bisbalpenedes.com\/web\/wp-json\/wp\/v2\/media?parent=7275"}],"wp:term":[{"taxonomy":"category","embeddable":true,"href":"https:\/\/bisbalpenedes.com\/web\/wp-json\/wp\/v2\/categories?post=7275"},{"taxonomy":"post_tag","embeddable":true,"href":"https:\/\/bisbalpenedes.com\/web\/wp-json\/wp\/v2\/tags?post=7275"}],"curies":[{"name":"wp","href":"https:\/\/api.w.org\/{rel}","templated":true}]}}