{"id":7272,"date":"2018-10-09T13:03:33","date_gmt":"2018-10-09T12:03:33","guid":{"rendered":"http:\/\/bisbalpenedes.com\/web\/?p=7272"},"modified":"2018-10-09T13:03:33","modified_gmt":"2018-10-09T12:03:33","slug":"video-de-la-xerrada-sobre-gestio-de-conflictes-que-es-va-fer-al-cmc-el-passat-mes-de-juliol","status":"publish","type":"post","link":"https:\/\/bisbalpenedes.com\/web\/2018\/10\/09\/video-de-la-xerrada-sobre-gestio-de-conflictes-que-es-va-fer-al-cmc-el-passat-mes-de-juliol\/","title":{"rendered":"V\u00eddeo de la xerrada sobre gesti\u00f3 de conflictes que es va fer al CMC el passat mes de juliol"},"content":{"rendered":"<div class=\"\" data-block=\"true\" data-editor=\"a74ac\" data-offset-key=\"60a1n-0-0\">\n<div class=\"_1mf _1mj\" data-offset-key=\"60a1n-0-0\"><span style=\"color: #000000;\">El passat mes de juliol vau poder gaudir de cinc xerrades inspiradores en l\u2019\u00e0mbit personal o professional al CMC de la Bisbal. Ara, l&#8217;empresa que les va dur a terme (Creixem Crecemos) ha publicat el primer v\u00eddeo amb una de les xerrades:<\/span><\/div>\n<ul>\n<li class=\"_1mf _1mj\" data-offset-key=\"60a1n-0-0\"><span style=\"color: #000000;\">Gesti\u00f3 de conflictes.<\/span><\/li>\n<\/ul>\n<\/div>\n<div class=\"\" data-block=\"true\" data-editor=\"a74ac\" data-offset-key=\"8ipuv-0-0\">\n<div class=\"_1mf _1mj\" data-offset-key=\"8ipuv-0-0\"><span style=\"color: #000000;\">Us n&#8217;enllacem el v\u00eddeo:\u00a0<a style=\"color: #000000;\" href=\"https:\/\/www.youtube.com\/watch?v=Z3s53_VKkRM\" target=\"_blank\">https:\/\/www.youtube.com\/watch?v=Z3s53_VKkRM<\/a><\/span><\/div>\n<p><iframe loading=\"lazy\" src=\"https:\/\/www.youtube.com\/embed\/Z3s53_VKkRM\" width=\"560\" height=\"315\" frameborder=\"0\" allowfullscreen=\"allowfullscreen\"><\/iframe><\/p>\n<\/div>\n<div class=\"\" data-block=\"true\" data-editor=\"a74ac\" data-offset-key=\"c3s1k-0-0\">\n<div class=\"_1mf _1mj\" data-offset-key=\"c3s1k-0-0\"><\/div>\n<\/div>\n<div class=\"\" data-block=\"true\" data-editor=\"a74ac\" data-offset-key=\"3ui76-0-0\">\n<div class=\"_1mf _1mj\" data-offset-key=\"3ui76-0-0\"><\/div>\n<\/div>\n<div class=\"\" data-block=\"true\" data-editor=\"a74ac\" data-offset-key=\"1r0v9-0-0\">\n<div class=\"_1mf _1mj\" data-offset-key=\"1r0v9-0-0\"><span style=\"color: #000000;\">&#8212;<\/span><\/div>\n<\/div>\n<div class=\"\" data-block=\"true\" data-editor=\"a74ac\" data-offset-key=\"8hrbr-0-0\">\n<div class=\"_1mf _1mj\" data-offset-key=\"8hrbr-0-0\"><\/div>\n<\/div>\n<div class=\"\" data-block=\"true\" data-editor=\"a74ac\" data-offset-key=\"3q8id-0-0\">\n<div class=\"_1mf _1mj\" data-offset-key=\"3q8id-0-0\"><span style=\"color: #000000;\">CASTELLANO | El pasado mes de julio pudist\u00e9is disfrutar de cinco charlas inspiradoras en el \u00e1mbito personal o profesional en el CMC de la Bisbal. Ahora, la empresa que las llev\u00f3 a cabo (Creixem Crecemos) ha publicado el primer v\u00eddeo con una de las charlas:<\/span><\/div>\n<ul>\n<li class=\"_1mf _1mj\" data-offset-key=\"3q8id-0-0\"><span style=\"color: #000000;\">Gesti\u00f3n de conflictos.<\/span><\/li>\n<\/ul>\n<\/div>\n<div class=\"\" data-block=\"true\" data-editor=\"a74ac\" data-offset-key=\"8rio4-0-0\">\n<div class=\"_1mf _1mj\" data-offset-key=\"8rio4-0-0\"><span style=\"color: #000000;\">Os enlazamos el v\u00eddeo:\u00a0<a style=\"color: #000000;\" href=\"https:\/\/www.youtube.com\/watch?v=Z3s53_VKkRM\" target=\"_blank\">https:\/\/www.youtube.com\/watch?v=Z3s53_VKkRM<\/a><\/span><\/div>\n<\/div>\n<p><iframe loading=\"lazy\" src=\"https:\/\/www.youtube.com\/embed\/Z3s53_VKkRM\" width=\"560\" height=\"315\" frameborder=\"0\" allowfullscreen=\"allowfullscreen\"><\/iframe><\/p>\n","protected":false},"excerpt":{"rendered":"<p>El passat mes de juliol vau poder gaudir de cinc xerrades inspiradores en l\u2019\u00e0mbit personal o professional al CMC de la Bisbal. Ara, l&#8217;empresa que les va dur a terme &hellip; <a href=\"https:\/\/bisbalpenedes.com\/web\/2018\/10\/09\/video-de-la-xerrada-sobre-gestio-de-conflictes-que-es-va-fer-al-cmc-el-passat-mes-de-juliol\/\" class=\"more-link\">Read More<\/a><\/p>\n","protected":false},"author":4,"featured_media":7273,"comment_status":"closed","ping_status":"closed","sticky":false,"template":"","format":"standard","meta":[],"categories":[9],"tags":[2418,12,2417,2419,10,271,1218],"_links":{"self":[{"href":"https:\/\/bisbalpenedes.com\/web\/wp-json\/wp\/v2\/posts\/7272"}],"collection":[{"href":"https:\/\/bisbalpenedes.com\/web\/wp-json\/wp\/v2\/posts"}],"about":[{"href":"https:\/\/bisbalpenedes.com\/web\/wp-json\/wp\/v2\/types\/post"}],"author":[{"embeddable":true,"href":"https:\/\/bisbalpenedes.com\/web\/wp-json\/wp\/v2\/users\/4"}],"replies":[{"embeddable":true,"href":"https:\/\/bisbalpenedes.com\/web\/wp-json\/wp\/v2\/comments?post=7272"}],"version-history":[{"count":1,"href":"https:\/\/bisbalpenedes.com\/web\/wp-json\/wp\/v2\/posts\/7272\/revisions"}],"predecessor-version":[{"id":7274,"href":"https:\/\/bisbalpenedes.com\/web\/wp-json\/wp\/v2\/posts\/7272\/revisions\/7274"}],"wp:featuredmedia":[{"embeddable":true,"href":"https:\/\/bisbalpenedes.com\/web\/wp-json\/wp\/v2\/media\/7273"}],"wp:attachment":[{"href":"https:\/\/bisbalpenedes.com\/web\/wp-json\/wp\/v2\/media?parent=7272"}],"wp:term":[{"taxonomy":"category","embeddable":true,"href":"https:\/\/bisbalpenedes.com\/web\/wp-json\/wp\/v2\/categories?post=7272"},{"taxonomy":"post_tag","embeddable":true,"href":"https:\/\/bisbalpenedes.com\/web\/wp-json\/wp\/v2\/tags?post=7272"}],"curies":[{"name":"wp","href":"https:\/\/api.w.org\/{rel}","templated":true}]}}