{"id":7269,"date":"2018-10-09T12:00:01","date_gmt":"2018-10-09T11:00:01","guid":{"rendered":"http:\/\/bisbalpenedes.com\/web\/?p=7269"},"modified":"2018-10-09T12:00:01","modified_gmt":"2018-10-09T11:00:01","slug":"oberta-la-seleccio-de-33-joves-del-programa-de-garantia-juvenil-per-fer-practiques-a-la-comarca","status":"publish","type":"post","link":"https:\/\/bisbalpenedes.com\/web\/2018\/10\/09\/oberta-la-seleccio-de-33-joves-del-programa-de-garantia-juvenil-per-fer-practiques-a-la-comarca\/","title":{"rendered":"Oberta la selecci\u00f3 de 33 joves del Programa de Garantia Juvenil per fer pr\u00e0ctiques a la comarca"},"content":{"rendered":"<p style=\"text-align: justify;\">\n<p style=\"text-align: justify;\"><span style=\"color: #000000;\">La Regidoria d&#8217;ocupaci\u00f3 informa que s&#8217;han obert les inscripcions per al proc\u00e9s de selecci\u00f3 de 33 joves del programa de Garantia Juvenil per poder accedir a contractes en pr\u00e0ctiques en diferents municipis de la comarca. El 19 d&#8217;octubre es tanquen les inscripcions i el termini l\u00edmit de contractaci\u00f3 \u00e9s el 31 d&#8217;octubre. Per a m\u00e9s informaci\u00f3 us podeu adre\u00e7ar al SOM Bisbal o als ajuntaments i serveis d&#8217;ocupaci\u00f3 dels diversos municipis de la comarca; al Consell Comarcal del Baix Pened\u00e8s o l&#8217;OTG del Vendrell.\u00a0<\/span><\/p>\n<hr \/>\n<p style=\"text-align: justify;\"><span style=\"color: #000000;\"><strong>CASTELLANO |<\/strong>\u00a0La Regidoria d&#8217;Ocupaci\u00f3 informa que se han abierto las inscripciones para el proceso de selecci\u00f3n de 33 j\u00f3venes del programa de Garant\u00eda Juvenil para poder acceder a contratos en pr\u00e1cticas en diferentes municipios de la comarca. El 19 de octubre se cierran las inscripciones y el plazo l\u00edmite de contrataci\u00f3n es el 31 de octubre. Para m\u00e1s informaci\u00f3n os pod\u00e9is dirigir al SOM Bisbal o a los ayuntamientos y servicios de ocupaci\u00f3n de los diferentes municipios la comarca; al Consell Comarcal del Baix Pened\u00e8s o a la OTG del Vendrell.<\/span><\/p>\n<p style=\"text-align: justify;\"><a href=\"http:\/\/bisbalpenedes.com\/web\/wp-content\/uploads\/2018\/10\/cartellJENP19comarcaldef_-001.jpg\"><img loading=\"lazy\" class=\"aligncenter size-large wp-image-7270\" src=\"http:\/\/bisbalpenedes.com\/web\/wp-content\/uploads\/2018\/10\/cartellJENP19comarcaldef_-001-724x1024.jpg\" alt=\"cartellJENP19comarcaldef_-001\" width=\"630\" height=\"891\" srcset=\"https:\/\/bisbalpenedes.com\/web\/wp-content\/uploads\/2018\/10\/cartellJENP19comarcaldef_-001-724x1024.jpg 724w, https:\/\/bisbalpenedes.com\/web\/wp-content\/uploads\/2018\/10\/cartellJENP19comarcaldef_-001-600x848.jpg 600w, https:\/\/bisbalpenedes.com\/web\/wp-content\/uploads\/2018\/10\/cartellJENP19comarcaldef_-001-212x300.jpg 212w, https:\/\/bisbalpenedes.com\/web\/wp-content\/uploads\/2018\/10\/cartellJENP19comarcaldef_-001-768x1086.jpg 768w, https:\/\/bisbalpenedes.com\/web\/wp-content\/uploads\/2018\/10\/cartellJENP19comarcaldef_-001.jpg 1684w\" sizes=\"(max-width: 630px) 100vw, 630px\" \/><\/a><\/p>\n","protected":false},"excerpt":{"rendered":"<p>La Regidoria d&#8217;ocupaci\u00f3 informa que s&#8217;han obert les inscripcions per al proc\u00e9s de selecci\u00f3 de 33 joves del programa de Garantia Juvenil per poder accedir a contractes en pr\u00e0ctiques en &hellip; <a href=\"https:\/\/bisbalpenedes.com\/web\/2018\/10\/09\/oberta-la-seleccio-de-33-joves-del-programa-de-garantia-juvenil-per-fer-practiques-a-la-comarca\/\" class=\"more-link\">Read More<\/a><\/p>\n","protected":false},"author":4,"featured_media":1415,"comment_status":"closed","ping_status":"closed","sticky":false,"template":"","format":"standard","meta":[],"categories":[9],"tags":[641,1067,1448,1561,10,848,271],"_links":{"self":[{"href":"https:\/\/bisbalpenedes.com\/web\/wp-json\/wp\/v2\/posts\/7269"}],"collection":[{"href":"https:\/\/bisbalpenedes.com\/web\/wp-json\/wp\/v2\/posts"}],"about":[{"href":"https:\/\/bisbalpenedes.com\/web\/wp-json\/wp\/v2\/types\/post"}],"author":[{"embeddable":true,"href":"https:\/\/bisbalpenedes.com\/web\/wp-json\/wp\/v2\/users\/4"}],"replies":[{"embeddable":true,"href":"https:\/\/bisbalpenedes.com\/web\/wp-json\/wp\/v2\/comments?post=7269"}],"version-history":[{"count":1,"href":"https:\/\/bisbalpenedes.com\/web\/wp-json\/wp\/v2\/posts\/7269\/revisions"}],"predecessor-version":[{"id":7271,"href":"https:\/\/bisbalpenedes.com\/web\/wp-json\/wp\/v2\/posts\/7269\/revisions\/7271"}],"wp:featuredmedia":[{"embeddable":true,"href":"https:\/\/bisbalpenedes.com\/web\/wp-json\/wp\/v2\/media\/1415"}],"wp:attachment":[{"href":"https:\/\/bisbalpenedes.com\/web\/wp-json\/wp\/v2\/media?parent=7269"}],"wp:term":[{"taxonomy":"category","embeddable":true,"href":"https:\/\/bisbalpenedes.com\/web\/wp-json\/wp\/v2\/categories?post=7269"},{"taxonomy":"post_tag","embeddable":true,"href":"https:\/\/bisbalpenedes.com\/web\/wp-json\/wp\/v2\/tags?post=7269"}],"curies":[{"name":"wp","href":"https:\/\/api.w.org\/{rel}","templated":true}]}}