{"id":7245,"date":"2018-10-06T10:30:12","date_gmt":"2018-10-06T09:30:12","guid":{"rendered":"http:\/\/bisbalpenedes.com\/web\/?p=7245"},"modified":"2018-10-06T10:31:18","modified_gmt":"2018-10-06T09:31:18","slug":"aquest-divendres-ha-comencat-el-curs-gratuit-sobre-el-correu-electronic-adrecat-a-persones-aturades","status":"publish","type":"post","link":"https:\/\/bisbalpenedes.com\/web\/2018\/10\/06\/aquest-divendres-ha-comencat-el-curs-gratuit-sobre-el-correu-electronic-adrecat-a-persones-aturades\/","title":{"rendered":"Aquest divendres ha comen\u00e7at el curs gratu\u00eft sobre el correu electr\u00f2nic adre\u00e7at a persones aturades"},"content":{"rendered":"<p style=\"text-align: justify;\"><a href=\"http:\/\/bisbalpenedes.com\/web\/wp-content\/uploads\/2018\/10\/PHOTO-2018-10-05-10-57-25.jpg\"><img loading=\"lazy\" class=\"aligncenter size-large wp-image-7246\" src=\"http:\/\/bisbalpenedes.com\/web\/wp-content\/uploads\/2018\/10\/PHOTO-2018-10-05-10-57-25-1024x768.jpg\" alt=\"UGT CURS ATURATS\" width=\"630\" height=\"473\" srcset=\"https:\/\/bisbalpenedes.com\/web\/wp-content\/uploads\/2018\/10\/PHOTO-2018-10-05-10-57-25-1024x768.jpg 1024w, https:\/\/bisbalpenedes.com\/web\/wp-content\/uploads\/2018\/10\/PHOTO-2018-10-05-10-57-25-600x450.jpg 600w, https:\/\/bisbalpenedes.com\/web\/wp-content\/uploads\/2018\/10\/PHOTO-2018-10-05-10-57-25-300x225.jpg 300w, https:\/\/bisbalpenedes.com\/web\/wp-content\/uploads\/2018\/10\/PHOTO-2018-10-05-10-57-25-768x576.jpg 768w, https:\/\/bisbalpenedes.com\/web\/wp-content\/uploads\/2018\/10\/PHOTO-2018-10-05-10-57-25.jpg 1599w\" sizes=\"(max-width: 630px) 100vw, 630px\" \/><\/a><\/p>\n<p style=\"text-align: justify;\"><span style=\"color: #000000;\">Aquest divendres 5 d&#8217;octubre ha comen\u00e7at la primera sessi\u00f3 de formaci\u00f3 del conveni amb UGT que l\u2019Ajuntament de la Bisbal ha aprovat recentment. Es tracta d\u2019un curs gratu\u00eft, de quatre sessions, dedicat al correu electr\u00f2nic.<\/span><\/p>\n<p style=\"text-align: justify;\"><span style=\"color: #000000;\">El curs, que s\u2019ofereix a quatre grups diferents de cinc persones cadascun, va adre\u00e7at a aturats sense correu electr\u00f2nic i es realitza a la Biblioteca Municipal, en concret a la zona d\u2019ordinadors. L\u2019objectiu que persegueix aquesta formaci\u00f3 \u00e9s que, \u00a0els participants, en acabar el curs, siguin capa\u00e7os de crear un compte de correu electr\u00f2nic i de saber-lo utilitzar per a la recerca activa de feina.<\/span><\/p>\n<p style=\"text-align: justify;\"><span style=\"color: #000000;\">La Junta de Govern del passat 28 de setembre va aprovar un conveni de formaci\u00f3 ocupacional amb UGT de Catalunya, entitat impulsora de formacions i orientacions per a desocupats i tamb\u00e9 dedicada a la formaci\u00f3 de treballadors i treballadores p\u00fabliques. Segons la regidora d\u2019Ocupaci\u00f3 i alcaldessa de la Bisbal del Pened\u00e8s, Agn\u00e8s Ferr\u00e9, \u201cel conveni \u00e9s una de les eines que ens permeten millorar les condicions d\u2019ocupaci\u00f3 de les persones, ja que les formem i motivem, fent-les cada vegada m\u00e9s autosuficients, perqu\u00e8 puguin cercar i trobar feina amb m\u00e9s recursos\u201d.<\/span><\/p>\n<p style=\"text-align: justify;\"><span style=\"color: #000000;\">El conveni inclou el curs de correu electr\u00f2nic que ha comen\u00e7at aquest divendres, dues sessions de 3 hores de la Jornada sobre drets i deures dels treballadors (adre\u00e7at als treballadors municipals) i un curs formatiu de coach\/intel\u00b7lig\u00e8ncia emocional (adre\u00e7at tamb\u00e9 als treballadors municipals) que es far\u00e0 durant el primer trimestre del 2019. A m\u00e9s, es crear\u00e0 una comissi\u00f3 de seguiment formada per representants de l\u2019Ajuntament i de la UGT de Tarragona que es reuniran a l\u2019inici i al final de les c\u00e0psules formatives amb la voluntat d\u2019avaluar els resultats de la implantaci\u00f3 i d\u2019estudiar propostes o iniciatives que es puguin desenvolupar a l\u2019Ajuntament. El cost total, per a l\u2019Ajuntament, de les activitats que deriven del conveni, ser\u00e0 de 577,76\u20ac.<\/span><\/p>\n<hr \/>\n<p style=\"text-align: justify;\"><span style=\"color: #000000;\"><strong>CASTELLANO |<\/strong> Este viernes 5 de octubre ha empezado la primera sesi\u00f3n de formaci\u00f3n del convenio con UGT que el Ayuntamiento de la Bisbal ha aprobado recientemente. Se trata de un curso gratuito, de cuatro sesiones, dedicado al correo electr\u00f3nico.<\/span><\/p>\n<p style=\"text-align: justify;\"><span style=\"color: #000000;\">El curso, que se ofrece a cuatro grupos diferentes de cinco personas cada uno, va dirigido a los parados sin correo electr\u00f3nico y se realiza en la Biblioteca Municipal, en concreto en la zona de ordenadores. El objetivo que persigue esta formaci\u00f3n es que, los participantes, a la finalizaci\u00f3n del curso, sean capaces de crear una cuenta de correo electr\u00f3nico y de saberlo utilizar para la b\u00fasqueda activa de trabajo.<\/span><\/p>\n<p style=\"text-align: justify;\"><span style=\"color: #000000;\">La Junta de Gobierno del pasado 28 de septiembre aprob\u00f3 un convenio de formaci\u00f3n ocupacional con UGT de Catalunya, entidad impulsora de formaciones y orientaciones para desocupados y tambi\u00e9n dedicada a la formaci\u00f3n de trabajadores y trabajadoras p\u00fablicas. Seg\u00fan la regidora de Ocupaci\u00f3 y alcaldesa de la Bisbal del Pened\u00e8s, Agn\u00e8s Ferr\u00e9, \u201cel convenio es una de las herramientas que nos permitir\u00e1n mejorar las condiciones de ocupaci\u00f3n de las personas, ya que las formamos y motivamos, haciendo que cada vez sean m\u00e1s autosuficientes, para que puedan buscar y encontrar trabajo con m\u00e1s recursos\u201d.<\/span><\/p>\n<p style=\"text-align: justify;\"><span style=\"color: #000000;\">El convenio incluye el curso de correo electr\u00f3nico que ha empezado este viernes, dos sesiones de 3 horas de la Jornada sobre derechos y deberes de los trabajadores (dirigido a los trabajadores municipales) y un curso formativo de coach\/inteligencia emocional (dirigido tambi\u00e9n a los trabajadores municipales) que ser har\u00e1 durante el primer trimestre del 2019. Adem\u00e1s, se crear\u00e1 una comisi\u00f3n de seguimiento formada por representantes del Ayuntamiento y de la UGT de Tarragona que se reunir\u00e1n al inicio y a la finalizaci\u00f3n de las c\u00e1psulas formativas con la voluntad de evaluar los resultados de la implantaci\u00f3n y de estudiar propuestas o iniciativas que se puedan desarrollar en el Ayuntamiento. El coste total, para el Ayuntamiento, de las actividades que se derivan del convenio, ser\u00e1 de 577,76\u20ac.<\/span><\/p>\n","protected":false},"excerpt":{"rendered":"<p>Aquest divendres 5 d&#8217;octubre ha comen\u00e7at la primera sessi\u00f3 de formaci\u00f3 del conveni amb UGT que l\u2019Ajuntament de la Bisbal ha aprovat recentment. Es tracta d\u2019un curs gratu\u00eft, de quatre &hellip; <a href=\"https:\/\/bisbalpenedes.com\/web\/2018\/10\/06\/aquest-divendres-ha-comencat-el-curs-gratuit-sobre-el-correu-electronic-adrecat-a-persones-aturades\/\" class=\"more-link\">Read More<\/a><\/p>\n","protected":false},"author":4,"featured_media":7246,"comment_status":"closed","ping_status":"closed","sticky":false,"template":"","format":"standard","meta":[],"categories":[9],"tags":[262,2415,440,2324,62,12,2414,10,271,749,1159,2413],"_links":{"self":[{"href":"https:\/\/bisbalpenedes.com\/web\/wp-json\/wp\/v2\/posts\/7245"}],"collection":[{"href":"https:\/\/bisbalpenedes.com\/web\/wp-json\/wp\/v2\/posts"}],"about":[{"href":"https:\/\/bisbalpenedes.com\/web\/wp-json\/wp\/v2\/types\/post"}],"author":[{"embeddable":true,"href":"https:\/\/bisbalpenedes.com\/web\/wp-json\/wp\/v2\/users\/4"}],"replies":[{"embeddable":true,"href":"https:\/\/bisbalpenedes.com\/web\/wp-json\/wp\/v2\/comments?post=7245"}],"version-history":[{"count":1,"href":"https:\/\/bisbalpenedes.com\/web\/wp-json\/wp\/v2\/posts\/7245\/revisions"}],"predecessor-version":[{"id":7247,"href":"https:\/\/bisbalpenedes.com\/web\/wp-json\/wp\/v2\/posts\/7245\/revisions\/7247"}],"wp:featuredmedia":[{"embeddable":true,"href":"https:\/\/bisbalpenedes.com\/web\/wp-json\/wp\/v2\/media\/7246"}],"wp:attachment":[{"href":"https:\/\/bisbalpenedes.com\/web\/wp-json\/wp\/v2\/media?parent=7245"}],"wp:term":[{"taxonomy":"category","embeddable":true,"href":"https:\/\/bisbalpenedes.com\/web\/wp-json\/wp\/v2\/categories?post=7245"},{"taxonomy":"post_tag","embeddable":true,"href":"https:\/\/bisbalpenedes.com\/web\/wp-json\/wp\/v2\/tags?post=7245"}],"curies":[{"name":"wp","href":"https:\/\/api.w.org\/{rel}","templated":true}]}}