{"id":7215,"date":"2018-10-05T10:28:54","date_gmt":"2018-10-05T09:28:54","guid":{"rendered":"http:\/\/bisbalpenedes.com\/web\/?p=7215"},"modified":"2018-10-05T11:00:38","modified_gmt":"2018-10-05T10:00:38","slug":"la-junta-de-govern-ha-aprovat-concedir-la-subvencio-per-a-nous-autonoms-a-tres-sollicitants","status":"publish","type":"post","link":"https:\/\/bisbalpenedes.com\/web\/2018\/10\/05\/la-junta-de-govern-ha-aprovat-concedir-la-subvencio-per-a-nous-autonoms-a-tres-sollicitants\/","title":{"rendered":"La Junta de Govern ha aprovat concedir la subvenci\u00f3 per a nous aut\u00f2noms a tres sol\u00b7licitants"},"content":{"rendered":"<p style=\"text-align: justify;\"><span style=\"color: #000000;\">L\u2019Ajuntament de la Bisbal del Pened\u00e8s ha posat en marxa, un any m\u00e9s, la convocat\u00f2ria de subvencions per a nous aut\u00f2noms, uns ajuts pensats per a \u00a0aquelles persones procedents de l\u2019atur, que estiguin empadronades a la Bisbal i que hagin iniciat una activitat econ\u00f2mica com a aut\u00f2nom\/a o que s\u2019hagin incorporat a una activitat econ\u00f2mica, preexistent o de nova creaci\u00f3, com a socis d\u2019una societat civil o mercantil, que els obliga a estar donats d\u2019alta al r\u00e8gim d\u2019aut\u00f2noms.<\/span><\/p>\n<p style=\"text-align: justify;\"><span style=\"color: #000000;\">L\u2019import m\u00e0xim que es concedeix a cada persona \u00e9s de 2.800\u20ac, que \u00e9s l\u2019import que la Junta de Govern, reunida el 28 de setembre, ha aprovat concedir a cadascun dels tres aut\u00f2noms que rebran aquesta subvenci\u00f3.<\/span><\/p>\n<p style=\"text-align: justify;\"><span style=\"color: #000000;\">La Regidoria d\u2019Ocupaci\u00f3, amb aquesta convocat\u00f2ria, subvenciona: els pagaments de les quotes d\u2019aut\u00f2noms del primer any; les despeses de tributs i preus p\u00fablics locals, auton\u00f2mics i estatals relacionats amb l\u2019inici de l\u2019activitat i el primer establiment; els informes t\u00e8cnics obligatoris per a la legalitzaci\u00f3 de la nova activitat; les despeses de gestoria\/assessoria per a la posada en marxa de la nova activitat i les despeses d\u2019arrendament del primer any dels locals destinats a realitzar l\u2019activitat.<\/span><\/p>\n<hr \/>\n<p style=\"text-align: justify;\"><span style=\"color: #000000;\">CASTELLANO | El Ayuntamiento de la Bisbal del Pened\u00e8s ha puesto en marcha, un a\u00f1o m\u00e1s, la convocatoria de subvenciones para nuevos aut\u00f3nomos, unas ayudas pensadas para aquellas personas procedentes del paro, que est\u00e9n empadronadas en la Bisbal y que hayan iniciado una actividad econ\u00f3mica como aut\u00f3nomo\/a o que se hayan incorporado en una actividad econ\u00f3mica, preexistente o de nueva creaci\u00f3n, como socios de una sociedad civil o mercantil, que les obliga a estar dados de alta en el r\u00e9gimen de aut\u00f3nomos.<\/span><\/p>\n<p style=\"text-align: justify;\"><span style=\"color: #000000;\">El importe m\u00e1ximo que se concede a cada persona es de 2.800\u20ac, que es el importe que la Junta de Gobierno, reunida el 28 de septiembre, ha aprobado conceder a cada uno de los tres aut\u00f3nomos que recibir\u00e1n esta subvenci\u00f3n.<\/span><\/p>\n<p style=\"text-align: justify;\"><span style=\"color: #000000;\">La Regidoria d\u2019Ocupaci\u00f3, con esta convocatoria, subvenciona: los pagos de las cuotas de aut\u00f3nomos del primer a\u00f1o; los gastos de tributos y precios p\u00fablicos locales, auton\u00f3micos y estatales relacionados con el inicio de la actividad y el primer establecimiento; los informes t\u00e9cnicos obligatorios para la legalizaci\u00f3n de la nueva actividad; los gastos de gestor\u00eda\/asesor\u00eda para la puesta en marcha de la nueva actividad y los gastos de arrendamiento del primer a\u00f1o de los locales destinados a realizar la actividad.<\/span><\/p>\n","protected":false},"excerpt":{"rendered":"<p>L\u2019Ajuntament de la Bisbal del Pened\u00e8s ha posat en marxa, un any m\u00e9s, la convocat\u00f2ria de subvencions per a nous aut\u00f2noms, uns ajuts pensats per a \u00a0aquelles persones procedents de &hellip; <a href=\"https:\/\/bisbalpenedes.com\/web\/2018\/10\/05\/la-junta-de-govern-ha-aprovat-concedir-la-subvencio-per-a-nous-autonoms-a-tres-sollicitants\/\" class=\"more-link\">Read More<\/a><\/p>\n","protected":false},"author":4,"featured_media":5683,"comment_status":"closed","ping_status":"closed","sticky":false,"template":"","format":"standard","meta":[],"categories":[9,1578],"tags":[163,102],"_links":{"self":[{"href":"https:\/\/bisbalpenedes.com\/web\/wp-json\/wp\/v2\/posts\/7215"}],"collection":[{"href":"https:\/\/bisbalpenedes.com\/web\/wp-json\/wp\/v2\/posts"}],"about":[{"href":"https:\/\/bisbalpenedes.com\/web\/wp-json\/wp\/v2\/types\/post"}],"author":[{"embeddable":true,"href":"https:\/\/bisbalpenedes.com\/web\/wp-json\/wp\/v2\/users\/4"}],"replies":[{"embeddable":true,"href":"https:\/\/bisbalpenedes.com\/web\/wp-json\/wp\/v2\/comments?post=7215"}],"version-history":[{"count":3,"href":"https:\/\/bisbalpenedes.com\/web\/wp-json\/wp\/v2\/posts\/7215\/revisions"}],"predecessor-version":[{"id":7234,"href":"https:\/\/bisbalpenedes.com\/web\/wp-json\/wp\/v2\/posts\/7215\/revisions\/7234"}],"wp:featuredmedia":[{"embeddable":true,"href":"https:\/\/bisbalpenedes.com\/web\/wp-json\/wp\/v2\/media\/5683"}],"wp:attachment":[{"href":"https:\/\/bisbalpenedes.com\/web\/wp-json\/wp\/v2\/media?parent=7215"}],"wp:term":[{"taxonomy":"category","embeddable":true,"href":"https:\/\/bisbalpenedes.com\/web\/wp-json\/wp\/v2\/categories?post=7215"},{"taxonomy":"post_tag","embeddable":true,"href":"https:\/\/bisbalpenedes.com\/web\/wp-json\/wp\/v2\/tags?post=7215"}],"curies":[{"name":"wp","href":"https:\/\/api.w.org\/{rel}","templated":true}]}}