{"id":7213,"date":"2018-10-05T10:28:44","date_gmt":"2018-10-05T09:28:44","guid":{"rendered":"http:\/\/bisbalpenedes.com\/web\/?p=7213"},"modified":"2018-10-05T10:38:49","modified_gmt":"2018-10-05T09:38:49","slug":"lajuntament-de-la-bisbal-oferira-el-servei-dacompanyament-socioeducatiu-per-a-adolescents-en-situacio-de-risc","status":"publish","type":"post","link":"https:\/\/bisbalpenedes.com\/web\/2018\/10\/05\/lajuntament-de-la-bisbal-oferira-el-servei-dacompanyament-socioeducatiu-per-a-adolescents-en-situacio-de-risc\/","title":{"rendered":"L&#8217;Ajuntament de la Bisbal oferir\u00e0 el servei d&#8217;acompanyament socioeducatiu per a adolescents en situaci\u00f3 de risc"},"content":{"rendered":"<p>L\u2019\u00c0rea d\u2019Acci\u00f3 Social del Consell Comarcal ha creat el servei d\u2019acompanyament socioeducatiu per a adolescents en situacions de risc i la Bisbal \u00e9s un dels municipis que forma part d\u2019aquest projecte. L\u2019equip de Govern considera prioritari poder oferir aquest servei d\u2019atenci\u00f3 individualitzada i en grups a adolescents, donant-los suport i guiant-los en la recerca amb la finalitat d\u2019afavorir la seva integraci\u00f3 social i laboral.<\/p>\n<p>En el Ple Ordinari del passat 17 de setembre, l\u2019equip de Govern va presentar una proposta per crear una partida de pressupost i, aix\u00ed, poder comptar amb aquest servei per als joves, especialment per als m\u00e9s vulnerables. Aquest punt no es va aprovar perqu\u00e8 els 5 regidors d\u2019ERC i la regidora no adscrita van votar en contra de la modificaci\u00f3 de cr\u00e8dit.<\/p>\n<p>Ara, l\u2019equip de Govern ha decidit incloure un annex al Conveni de Serveis Socials del Consell Comarcal del Baix Pened\u00e8s i, aix\u00ed, no haver de dependre de l\u2019aprovaci\u00f3 per part del Ple per tirar endavant aquest projecte. L\u2019aprovaci\u00f3 d\u2019aquest annex s\u2019ha aprovat a la Junta de Govern del 28 de setembre.<\/p>\n<p>Aquest servei s\u2019oferir\u00e0 a les tardes de dilluns a divendres, a medi obert i a la Cova Jove, des de finals d\u2019octubre fins al desembre de 2019.<\/p>\n<p>Es tracta d\u2019un projecte regulat al Contracte-Programa 2016-2019 entre el Departament de Treball, Afers Socials i Fam\u00edlies i el Consell Comarcal del Baix Pened\u00e8s. Es finan\u00e7a des del Departament de Treball, Afers Socials i Fam\u00edlies i des dels Ajuntaments de la comarca que hi participem.<\/p>\n<hr \/>\n<p>CASTELLANO | El Area de Acci\u00f3 Social del Consell Comarcal ha creado el servicio de acompa\u00f1amiento socioeducativo para adolescentes en situaciones de riesgo y la Bisbal es uno de los municipios que forma parte de este proyecto. El equipo de Gobierno considera prioritario ofrecer este servicio de atenci\u00f3n individualizada y en grupos a adolescentes, prest\u00e1ndoles soporte y gui\u00e1ndolos en su b\u00fasqueda con la finalidad de favorecer su integraci\u00f3n social y laboral.<\/p>\n<p>En el Pleno Ordinario del pasado 17 de septiembre, el equipo de Gobierno present\u00f3 una propuesta para crear una partida de presupuesto y, as\u00ed, poder contar con este servicio para los j\u00f3venes, especialmente para los m\u00e1s vulnerables. Este punto no se aprob\u00f3 porqu\u00e9 los 5 concejales de ERC y la concejala no adscrita votaron en contra de la modificaci\u00f3n de cr\u00e9dito.<\/p>\n<p>Ahora, el equipo de Gobierno ha decidido incluir un anexo en el Convenio de Servicios Sociales del Consell Comarcal del Baix Pened\u00e8s y, as\u00ed, no depender de la aprobaci\u00f3n por parte del Pleno para llevar a cabo este proyecto. La aprobaci\u00f3n de este anexo se ha aprobado en la Junta de Gobierno del 28 de septiembre.<\/p>\n<p>Este servicio se ofrecer\u00e1 por las tardes de lunes a viernes, a medio abierto y en la Cova Jove, desde finales de octubre y hasta diciembre del 2019.<\/p>\n<p>Se trata de un proyecto regulado en el Contrato-Programa 2016-2019 entre el Departament de Treball, Afers Socials i Fam\u00edlies y el Consell Comarcal del Baix Pened\u00e8s. Se financia desde el Departament de Treball, Afers Socials i Fam\u00edlies y desde los Ayuntamientos de la comarca que participamos en la iniciativa.<\/p>\n","protected":false},"excerpt":{"rendered":"<p>L\u2019\u00c0rea d\u2019Acci\u00f3 Social del Consell Comarcal ha creat el servei d\u2019acompanyament socioeducatiu per a adolescents en situacions de risc i la Bisbal \u00e9s un dels municipis que forma part d\u2019aquest &hellip; <a href=\"https:\/\/bisbalpenedes.com\/web\/2018\/10\/05\/lajuntament-de-la-bisbal-oferira-el-servei-dacompanyament-socioeducatiu-per-a-adolescents-en-situacio-de-risc\/\" class=\"more-link\">Read More<\/a><\/p>\n","protected":false},"author":4,"featured_media":7232,"comment_status":"closed","ping_status":"closed","sticky":false,"template":"","format":"standard","meta":[],"categories":[1486,8],"tags":[2404,2406,2405,396,865,210,1509,484],"_links":{"self":[{"href":"https:\/\/bisbalpenedes.com\/web\/wp-json\/wp\/v2\/posts\/7213"}],"collection":[{"href":"https:\/\/bisbalpenedes.com\/web\/wp-json\/wp\/v2\/posts"}],"about":[{"href":"https:\/\/bisbalpenedes.com\/web\/wp-json\/wp\/v2\/types\/post"}],"author":[{"embeddable":true,"href":"https:\/\/bisbalpenedes.com\/web\/wp-json\/wp\/v2\/users\/4"}],"replies":[{"embeddable":true,"href":"https:\/\/bisbalpenedes.com\/web\/wp-json\/wp\/v2\/comments?post=7213"}],"version-history":[{"count":3,"href":"https:\/\/bisbalpenedes.com\/web\/wp-json\/wp\/v2\/posts\/7213\/revisions"}],"predecessor-version":[{"id":7239,"href":"https:\/\/bisbalpenedes.com\/web\/wp-json\/wp\/v2\/posts\/7213\/revisions\/7239"}],"wp:featuredmedia":[{"embeddable":true,"href":"https:\/\/bisbalpenedes.com\/web\/wp-json\/wp\/v2\/media\/7232"}],"wp:attachment":[{"href":"https:\/\/bisbalpenedes.com\/web\/wp-json\/wp\/v2\/media?parent=7213"}],"wp:term":[{"taxonomy":"category","embeddable":true,"href":"https:\/\/bisbalpenedes.com\/web\/wp-json\/wp\/v2\/categories?post=7213"},{"taxonomy":"post_tag","embeddable":true,"href":"https:\/\/bisbalpenedes.com\/web\/wp-json\/wp\/v2\/tags?post=7213"}],"curies":[{"name":"wp","href":"https:\/\/api.w.org\/{rel}","templated":true}]}}