{"id":7211,"date":"2018-10-03T06:10:02","date_gmt":"2018-10-03T05:10:02","guid":{"rendered":"http:\/\/bisbalpenedes.com\/web\/?p=7211"},"modified":"2018-10-03T06:10:02","modified_gmt":"2018-10-03T05:10:02","slug":"lajuntament-de-la-bisbal-del-penedes-fara-una-convocatoria-de-promocio-interna-per-al-personal-de-lajuntament","status":"publish","type":"post","link":"https:\/\/bisbalpenedes.com\/web\/2018\/10\/03\/lajuntament-de-la-bisbal-del-penedes-fara-una-convocatoria-de-promocio-interna-per-al-personal-de-lajuntament\/","title":{"rendered":"L\u2019Ajuntament de la Bisbal del Pened\u00e8s far\u00e0 una convocat\u00f2ria de promoci\u00f3 interna per al personal de l\u2019Ajuntament"},"content":{"rendered":"<p style=\"text-align: justify;\"><span style=\"color: #000000;\">La Junta de Govern del passat 28 de setembre va aprovar les bases i la convocat\u00f2ria per a la provisi\u00f3 de quatre places d\u2019administratiu en r\u00e8gim de funcionari de carrera via concurs de m\u00e8rits mitjan\u00e7ant promoci\u00f3 interna de l\u2019escala d\u2019administraci\u00f3 general, subescala administrativa del Grup C, subgrup C1. Es tracta d\u2019una promoci\u00f3 interna i, per tant, nom\u00e9s hi pot accedir el personal actual de l\u2019Ajuntament que reuneixi els requisits de la convocat\u00f2ria que, pr\u00f2ximament, es publicar\u00e0 al Butllet\u00ed Oficial de la Prov\u00edncia (BOP), al tauler d\u2019anuncis de l\u2019Ajuntament a trav\u00e9s de la seu electr\u00f2nica, al Diari Oficial de la Generalitat de Catalunya (DOGC) i al BOE (Butllet\u00ed Oficial de l\u2019Estat).<\/span><\/p>\n<hr \/>\n<p style=\"text-align: justify;\"><span style=\"color: #000000;\"><strong>CASTELLANO |<\/strong> La Junta de Gobierno del pasado 28 de septiembre aprob\u00f3 las bases y la convocatoria para la provisi\u00f3n de cuatro plazas de administrativo en r\u00e9gimen de funcionario de carrera v\u00eda concurso de m\u00e9ritos mediante promoci\u00f3n interna de la escala de administraci\u00f3n general, subescala administrativa del Grupo C, subgrupo C1. Se trata de una promoci\u00f3n interna y, por lo tanto, solamente puede acceder el personal actual del Ayuntamiento que re\u00fana los requisitos de la convocatoria que, pr\u00f3ximamente, se publicar\u00e1 en el Bolet\u00edn Oficial de la Prov\u00edncia (BOP), en el tabl\u00f3n de anuncios del Ayuntamiento a trav\u00e9s de la sede electr\u00f3nica, en el Diario Oficial de la Generalitat de Catalunya (DOGC) y en el BOE (Bolet\u00edn Oficial del Estado).<\/span><\/p>\n","protected":false},"excerpt":{"rendered":"<p>La Junta de Govern del passat 28 de setembre va aprovar les bases i la convocat\u00f2ria per a la provisi\u00f3 de quatre places d\u2019administratiu en r\u00e8gim de funcionari de carrera &hellip; <a href=\"https:\/\/bisbalpenedes.com\/web\/2018\/10\/03\/lajuntament-de-la-bisbal-del-penedes-fara-una-convocatoria-de-promocio-interna-per-al-personal-de-lajuntament\/\" class=\"more-link\">Read More<\/a><\/p>\n","protected":false},"author":4,"featured_media":7089,"comment_status":"closed","ping_status":"closed","sticky":false,"template":"","format":"standard","meta":[],"categories":[2402],"tags":[1791,383,686,1137,2403],"_links":{"self":[{"href":"https:\/\/bisbalpenedes.com\/web\/wp-json\/wp\/v2\/posts\/7211"}],"collection":[{"href":"https:\/\/bisbalpenedes.com\/web\/wp-json\/wp\/v2\/posts"}],"about":[{"href":"https:\/\/bisbalpenedes.com\/web\/wp-json\/wp\/v2\/types\/post"}],"author":[{"embeddable":true,"href":"https:\/\/bisbalpenedes.com\/web\/wp-json\/wp\/v2\/users\/4"}],"replies":[{"embeddable":true,"href":"https:\/\/bisbalpenedes.com\/web\/wp-json\/wp\/v2\/comments?post=7211"}],"version-history":[{"count":2,"href":"https:\/\/bisbalpenedes.com\/web\/wp-json\/wp\/v2\/posts\/7211\/revisions"}],"predecessor-version":[{"id":7223,"href":"https:\/\/bisbalpenedes.com\/web\/wp-json\/wp\/v2\/posts\/7211\/revisions\/7223"}],"wp:featuredmedia":[{"embeddable":true,"href":"https:\/\/bisbalpenedes.com\/web\/wp-json\/wp\/v2\/media\/7089"}],"wp:attachment":[{"href":"https:\/\/bisbalpenedes.com\/web\/wp-json\/wp\/v2\/media?parent=7211"}],"wp:term":[{"taxonomy":"category","embeddable":true,"href":"https:\/\/bisbalpenedes.com\/web\/wp-json\/wp\/v2\/categories?post=7211"},{"taxonomy":"post_tag","embeddable":true,"href":"https:\/\/bisbalpenedes.com\/web\/wp-json\/wp\/v2\/tags?post=7211"}],"curies":[{"name":"wp","href":"https:\/\/api.w.org\/{rel}","templated":true}]}}