{"id":7209,"date":"2018-10-03T06:32:58","date_gmt":"2018-10-03T05:32:58","guid":{"rendered":"http:\/\/bisbalpenedes.com\/web\/?p=7209"},"modified":"2018-10-03T06:32:58","modified_gmt":"2018-10-03T05:32:58","slug":"el-servei-de-centre-obert-soferira-dos-dies-mes-a-la-setmana-durant-lany-2019","status":"publish","type":"post","link":"https:\/\/bisbalpenedes.com\/web\/2018\/10\/03\/el-servei-de-centre-obert-soferira-dos-dies-mes-a-la-setmana-durant-lany-2019\/","title":{"rendered":"El servei de Centre Obert s\u2019oferir\u00e0 dos dies m\u00e9s a la setmana durant l\u2019any 2019"},"content":{"rendered":"<p style=\"text-align: justify;\"><span style=\"color: #000000;\">L\u2019Ajuntament de la Bisbal del Pened\u00e8s ha ampliat el servei de Centre Obert al municipi. Aix\u00ed, si fins ara aportava 2.400\u20ac per curs, el 2019 hi aportar\u00e0 4.755\u20ac, la qual cosa permetr\u00e0 oferir el servei m\u00e9s dies. Com que aquesta ampliaci\u00f3 del servei \u00e9s per a l\u2019any 2019, fins al mes de desembre encara s\u2019oferir\u00e0 tres tardes a la setmana per\u00f2, durant tot l\u2019any 2019, l\u2019activitat es realitzar\u00e0 cinc tardes a la setmana, dues hores cada tarda, quan finalitzi l\u2019horari escolar.<\/span><\/p>\n<p style=\"text-align: justify;\"><span style=\"color: #000000;\">El Centre Obert \u00e9s un servei gratu\u00eft que s\u2019ofereix des de l\u2019\u00c0rea d\u2019Acci\u00f3 Social del Consell Comarcal del Baix Pened\u00e8s. Es tracta d\u2018una alternativa a l\u2019ocupaci\u00f3 del temps lliure dels infants que pret\u00e9n donar resposta a les necessitats socioeducatives dels menors, amb la finalitat principal d\u2019educar en el temps lliure i oferir una viv\u00e8ncia positiva i amb valors. L\u2019objectiu principal \u00e9s la participaci\u00f3 en el desenvolupament integral de la persona, intensificant la relaci\u00f3 entre els infants i la relaci\u00f3 d\u2019aquests amb els adults.<\/span><\/p>\n<p style=\"text-align: justify;\"><span style=\"color: #000000;\">El Centre Obert \u00e9s un servei itinerant que es realitza en els espais que cedeix l\u2019Ajuntament i que va dirigit, priorit\u00e0riament, als menors de la Bisbal que estan en seguiment als Serveis Socials B\u00e0sics o a l\u2019Equip d\u2019atenci\u00f3 a la Inf\u00e0ncia i l\u2019Adolesc\u00e8ncia del Consell Comarcal del Baix Pened\u00e8s.\u00a0 Aquesta assist\u00e8ncia ve regulada en el Contracte-Programa 2016-2019 entre el Departament de Treball, Afers Socials i Fam\u00edlies i el Consell Comarcal del Baix Pened\u00e8s. El Departament de Treball, Afers Socials i Fam\u00edlies finan\u00e7a una part del projecte i la resta \u00e9s finan\u00e7ada pels Ajuntaments i una aportaci\u00f3 de la Diputaci\u00f3 de Tarragona.<\/span><\/p>\n<hr \/>\n<p style=\"text-align: justify;\"><span style=\"color: #000000;\">CASTELLANO | El Ayuntamiento de la Bisbal del Pened\u00e8s ha ampliado el servicio de Centre Obert en el municipio. As\u00ed, si hasta ahora aportaba 2.400\u20ac por curso, el 2019 aportar\u00e1 4.755\u20ac, la cual cosa permitir\u00e1 ofrecer el servicio m\u00e1s d\u00edas. Como que esta ampliaci\u00f3n del servicio es para el a\u00f1o 2019, hasta el mes de diciembre todav\u00eda se ofrecer\u00e1 tres tardes a la semana pero, durante todo el a\u00f1o 2019, la actividad se realizar\u00e1 cinco tardes a la semana, dos horas cada tarde, cuando finalice el horario escolar.<\/span><\/p>\n<p style=\"text-align: justify;\"><span style=\"color: #000000;\">El Centre Obert es un servicio gratuito que se ofrece desde el \u00c1rea d\u2019Acci\u00f3 Social del Consell Comarcal del Baix Pened\u00e8s. Se trata de una alternativa a la ocupaci\u00f3n del tiempo libre de los ni\u00f1os que pretende dar respuesta a las necesidades socioeducativas de los menores, con la finalidad principal de educar en el tiempo libre y ofrecer una vivencia positiva y con valores. El objetivo principal es la participaci\u00f3n en el desarrollo integral de la persona, intensificando la relaci\u00f3n entre los ni\u00f1os y la relaci\u00f3n de estos con los adultos.<\/span><\/p>\n<p style=\"text-align: justify;\"><span style=\"color: #000000;\">El Centre Obert es un servicio itinerante que se realiza en los espacios que cede el Ayuntamiento y que va dirigido, prioritariamente, a los menores de la Bisbal que est\u00e1n en seguimiento en los Servicios Sociales B\u00e1sicos o en el Equipo de atenci\u00f3n a la infancia y la Adolescencia del Consell Comarcal del Baix Pened\u00e8s. Esta asistencia viene regulada en el Conctracte-Programa 2016-2019 entre el Departament de Treball, Afers Socials i Fam\u00edlies y el Consell Comarcal del Baix pened\u00e8s. El Departament de Treball, Afers Socials i Fam\u00edlies financia una parte del proyecto y el resto es financiado por los Ayuntamientos y una aportaci\u00f3n de la Diputaci\u00f3n de Tarragona.<\/span><\/p>\n","protected":false},"excerpt":{"rendered":"<p>L\u2019Ajuntament de la Bisbal del Pened\u00e8s ha ampliat el servei de Centre Obert al municipi. Aix\u00ed, si fins ara aportava 2.400\u20ac per curs, el 2019 hi aportar\u00e0 4.755\u20ac, la qual &hellip; <a href=\"https:\/\/bisbalpenedes.com\/web\/2018\/10\/03\/el-servei-de-centre-obert-soferira-dos-dies-mes-a-la-setmana-durant-lany-2019\/\" class=\"more-link\">Read More<\/a><\/p>\n","protected":false},"author":4,"featured_media":6625,"comment_status":"closed","ping_status":"closed","sticky":false,"template":"","format":"standard","meta":[],"categories":[2397,17],"tags":[2398,2401,2399,2400,844,1056,862,784,505,466,1974,430],"_links":{"self":[{"href":"https:\/\/bisbalpenedes.com\/web\/wp-json\/wp\/v2\/posts\/7209"}],"collection":[{"href":"https:\/\/bisbalpenedes.com\/web\/wp-json\/wp\/v2\/posts"}],"about":[{"href":"https:\/\/bisbalpenedes.com\/web\/wp-json\/wp\/v2\/types\/post"}],"author":[{"embeddable":true,"href":"https:\/\/bisbalpenedes.com\/web\/wp-json\/wp\/v2\/users\/4"}],"replies":[{"embeddable":true,"href":"https:\/\/bisbalpenedes.com\/web\/wp-json\/wp\/v2\/comments?post=7209"}],"version-history":[{"count":3,"href":"https:\/\/bisbalpenedes.com\/web\/wp-json\/wp\/v2\/posts\/7209\/revisions"}],"predecessor-version":[{"id":7226,"href":"https:\/\/bisbalpenedes.com\/web\/wp-json\/wp\/v2\/posts\/7209\/revisions\/7226"}],"wp:featuredmedia":[{"embeddable":true,"href":"https:\/\/bisbalpenedes.com\/web\/wp-json\/wp\/v2\/media\/6625"}],"wp:attachment":[{"href":"https:\/\/bisbalpenedes.com\/web\/wp-json\/wp\/v2\/media?parent=7209"}],"wp:term":[{"taxonomy":"category","embeddable":true,"href":"https:\/\/bisbalpenedes.com\/web\/wp-json\/wp\/v2\/categories?post=7209"},{"taxonomy":"post_tag","embeddable":true,"href":"https:\/\/bisbalpenedes.com\/web\/wp-json\/wp\/v2\/tags?post=7209"}],"curies":[{"name":"wp","href":"https:\/\/api.w.org\/{rel}","templated":true}]}}