{"id":7203,"date":"2018-10-02T12:34:29","date_gmt":"2018-10-02T11:34:29","guid":{"rendered":"http:\/\/bisbalpenedes.com\/web\/?p=7203"},"modified":"2018-10-02T12:37:16","modified_gmt":"2018-10-02T11:37:16","slug":"enguany-no-hi-haura-parada-del-banc-daliments-a-la-fira","status":"publish","type":"post","link":"https:\/\/bisbalpenedes.com\/web\/2018\/10\/02\/enguany-no-hi-haura-parada-del-banc-daliments-a-la-fira\/","title":{"rendered":"Enguany no hi haur\u00e0 parada del Banc d&#8217;Aliments a la Fira"},"content":{"rendered":"<p style=\"text-align: justify;\"><span style=\"color: #000000;\">La Regidoria de Benestar Social no dur\u00e0 a terme campanyes de recollida d\u2019aliments, com ara la que tradicionalment es\u00a0feia per la Fira, fins que s\u2019hagin retirat tots els aliments caducats del local del Banc d\u2019Aliments municipal.<\/span><\/p>\n<p style=\"text-align: justify;\"><span style=\"color: #000000;\"><a href=\"http:\/\/bisbalpenedes.com\/web\/2018\/09\/27\/comunicat-dalcaldia-lequip-de-govern-denuncia-que-al-local-el-banc-daliments-hi-havia-mes-de-2-000-kg-daliments-caducats\/\" target=\"_blank\">L\u2019equip de govern ha detectat m\u00e9s de 2.000 kg de productes alimentaris del FEAD i el Banc d\u2019Aliments de Reus que havien caducat<\/a> i, per aquest motiu, retirar\u00e0 aquests aliments i, posteriorment, dur\u00e0 a terme un inventari i organitzar\u00e0 els productes que siguin aptes per a distribuir entre els usuaris del servei. Una vegada realitzats aquests passos, es tiraran endavant les accions que es considerin oportunes amb la finalitat de prestar un bon servei i ajudar els usuaris del Banc d\u2019Aliments municipal.<\/span><\/p>\n<hr \/>\n<p style=\"text-align: justify;\"><span style=\"color: #000000;\"><strong>CASTELLANO |<\/strong> La Regidoria de Benestar social no llevar\u00e1 a cabo campa\u00f1as de recogida de alimentos, como por ejemplo la que tradicionalmente se ven\u00eda haciendo en la Feria, hasta que se hayan retirado todos los alimentos caducados del local del Banco de Alimentos municipal.<\/span><\/p>\n<p style=\"text-align: justify;\"><span style=\"color: #000000;\"><a href=\"http:\/\/bisbalpenedes.com\/web\/2018\/09\/27\/comunicat-dalcaldia-lequip-de-govern-denuncia-que-al-local-el-banc-daliments-hi-havia-mes-de-2-000-kg-daliments-caducats\/\" target=\"_blank\">El equipo de gobierno ha detectado m\u00e1s de 2.000 kg de productos alimentarios del FEAD y el Banco de Alimentos de Reus que hab\u00edan caducado <\/a>y, por este motivo, retirar\u00e1 estos alimentos y, posteriormente, llevar\u00e1 a cabo un inventario y organizar\u00e1 los productos que sean aptos para distribuir entre los usuarios del servicio. Una vez realizados estos pasos, se llevar\u00e1n a cabo las acciones que se consideren oportunas con la finalidad de prestar un buen servicio y ayudar a los usuarios del Banco de Alimentos municipal.<\/span><\/p>\n","protected":false},"excerpt":{"rendered":"<p>La Regidoria de Benestar Social no dur\u00e0 a terme campanyes de recollida d\u2019aliments, com ara la que tradicionalment es\u00a0feia per la Fira, fins que s\u2019hagin retirat tots els aliments caducats &hellip; <a href=\"https:\/\/bisbalpenedes.com\/web\/2018\/10\/02\/enguany-no-hi-haura-parada-del-banc-daliments-a-la-fira\/\" class=\"more-link\">Read More<\/a><\/p>\n","protected":false},"author":4,"featured_media":7174,"comment_status":"closed","ping_status":"closed","sticky":false,"template":"","format":"standard","meta":[],"categories":[975],"tags":[],"_links":{"self":[{"href":"https:\/\/bisbalpenedes.com\/web\/wp-json\/wp\/v2\/posts\/7203"}],"collection":[{"href":"https:\/\/bisbalpenedes.com\/web\/wp-json\/wp\/v2\/posts"}],"about":[{"href":"https:\/\/bisbalpenedes.com\/web\/wp-json\/wp\/v2\/types\/post"}],"author":[{"embeddable":true,"href":"https:\/\/bisbalpenedes.com\/web\/wp-json\/wp\/v2\/users\/4"}],"replies":[{"embeddable":true,"href":"https:\/\/bisbalpenedes.com\/web\/wp-json\/wp\/v2\/comments?post=7203"}],"version-history":[{"count":3,"href":"https:\/\/bisbalpenedes.com\/web\/wp-json\/wp\/v2\/posts\/7203\/revisions"}],"predecessor-version":[{"id":7206,"href":"https:\/\/bisbalpenedes.com\/web\/wp-json\/wp\/v2\/posts\/7203\/revisions\/7206"}],"wp:featuredmedia":[{"embeddable":true,"href":"https:\/\/bisbalpenedes.com\/web\/wp-json\/wp\/v2\/media\/7174"}],"wp:attachment":[{"href":"https:\/\/bisbalpenedes.com\/web\/wp-json\/wp\/v2\/media?parent=7203"}],"wp:term":[{"taxonomy":"category","embeddable":true,"href":"https:\/\/bisbalpenedes.com\/web\/wp-json\/wp\/v2\/categories?post=7203"},{"taxonomy":"post_tag","embeddable":true,"href":"https:\/\/bisbalpenedes.com\/web\/wp-json\/wp\/v2\/tags?post=7203"}],"curies":[{"name":"wp","href":"https:\/\/api.w.org\/{rel}","templated":true}]}}