{"id":7198,"date":"2018-10-01T20:27:26","date_gmt":"2018-10-01T19:27:26","guid":{"rendered":"http:\/\/bisbalpenedes.com\/web\/?p=7198"},"modified":"2018-10-01T20:39:55","modified_gmt":"2018-10-01T19:39:55","slug":"la-junta-de-govern-local-ha-aprovat-el-pagament-als-beneficiaris-de-les-subvencions-de-menjador-escolar-de-la-llar-dinfants-dels-mesos-de-juny-i-juliol","status":"publish","type":"post","link":"https:\/\/bisbalpenedes.com\/web\/2018\/10\/01\/la-junta-de-govern-local-ha-aprovat-el-pagament-als-beneficiaris-de-les-subvencions-de-menjador-escolar-de-la-llar-dinfants-dels-mesos-de-juny-i-juliol\/","title":{"rendered":"La Junta de Govern Local ha aprovat el pagament als beneficiaris de les subvencions de menjador escolar de la Llar d\u2019Infants dels mesos de juny i juliol"},"content":{"rendered":"<p style=\"text-align: justify;\"><span style=\"color: #000000;\">La Junta de Govern Local celebrada el divendres 28 de setembre va aprovar la despesa i el pagament als beneficiaris de les subvencions de menjador escolar de la Llar d\u2019Infants (curs escolar 2017\/2018, mesos de juny i juliol de 2018) per un total de 683,10\u20ac.<\/span><\/p>\n<p style=\"text-align: justify;\"><span style=\"color: #000000;\">Hi ha 11 fam\u00edlies benefici\u00e0ries del mes de juny, amb un total de 426,42\u20ac i 6 fam\u00edlies benefici\u00e0ries del mes de juliol, amb un total de 256,68\u20ac. L&#8217;Ajuntament procedir\u00e0 a fer el pagament en els propers dies.<\/span><\/p>\n<hr \/>\n<p style=\"text-align: justify;\"><span style=\"color: #000000;\">La Junta de Gobierno Local celebrada el viernes 28 de septiembre aprob\u00f3 el gasto y el pago a los beneficiarios de las subvenciones de comedor escolar de la Llar d&#8217;Infants (curso escolar 2017\/2018, meses de junio y julio del 2018) por un total de 683,10\u20ac.<\/span><\/p>\n<p style=\"text-align: justify;\"><span style=\"color: #000000;\">Hay 11 familias beneficiarias del mes de junio, con un total de 426,42\u20ac y 6 familias beneficiarias del mes de julio, con un total de 256,68\u20ac. El Ayuntamiento proceder\u00e1 a realizar el pago en los pr\u00f3ximos d\u00edas.<\/span><\/p>\n","protected":false},"excerpt":{"rendered":"<p>La Junta de Govern Local celebrada el divendres 28 de setembre va aprovar la despesa i el pagament als beneficiaris de les subvencions de menjador escolar de la Llar d\u2019Infants &hellip; <a href=\"https:\/\/bisbalpenedes.com\/web\/2018\/10\/01\/la-junta-de-govern-local-ha-aprovat-el-pagament-als-beneficiaris-de-les-subvencions-de-menjador-escolar-de-la-llar-dinfants-dels-mesos-de-juny-i-juliol\/\" class=\"more-link\">Read More<\/a><\/p>\n","protected":false},"author":4,"featured_media":7199,"comment_status":"closed","ping_status":"closed","sticky":false,"template":"","format":"standard","meta":[],"categories":[16],"tags":[686,272,2396,846,102],"_links":{"self":[{"href":"https:\/\/bisbalpenedes.com\/web\/wp-json\/wp\/v2\/posts\/7198"}],"collection":[{"href":"https:\/\/bisbalpenedes.com\/web\/wp-json\/wp\/v2\/posts"}],"about":[{"href":"https:\/\/bisbalpenedes.com\/web\/wp-json\/wp\/v2\/types\/post"}],"author":[{"embeddable":true,"href":"https:\/\/bisbalpenedes.com\/web\/wp-json\/wp\/v2\/users\/4"}],"replies":[{"embeddable":true,"href":"https:\/\/bisbalpenedes.com\/web\/wp-json\/wp\/v2\/comments?post=7198"}],"version-history":[{"count":3,"href":"https:\/\/bisbalpenedes.com\/web\/wp-json\/wp\/v2\/posts\/7198\/revisions"}],"predecessor-version":[{"id":7202,"href":"https:\/\/bisbalpenedes.com\/web\/wp-json\/wp\/v2\/posts\/7198\/revisions\/7202"}],"wp:featuredmedia":[{"embeddable":true,"href":"https:\/\/bisbalpenedes.com\/web\/wp-json\/wp\/v2\/media\/7199"}],"wp:attachment":[{"href":"https:\/\/bisbalpenedes.com\/web\/wp-json\/wp\/v2\/media?parent=7198"}],"wp:term":[{"taxonomy":"category","embeddable":true,"href":"https:\/\/bisbalpenedes.com\/web\/wp-json\/wp\/v2\/categories?post=7198"},{"taxonomy":"post_tag","embeddable":true,"href":"https:\/\/bisbalpenedes.com\/web\/wp-json\/wp\/v2\/tags?post=7198"}],"curies":[{"name":"wp","href":"https:\/\/api.w.org\/{rel}","templated":true}]}}