{"id":7192,"date":"2018-10-01T20:11:23","date_gmt":"2018-10-01T19:11:23","guid":{"rendered":"http:\/\/bisbalpenedes.com\/web\/?p=7192"},"modified":"2018-12-10T20:17:12","modified_gmt":"2018-12-10T19:17:12","slug":"lajuntament-installara-llums-solars-a-la-masieta-i-santa-cristina-a-finals-daquest-any","status":"publish","type":"post","link":"https:\/\/bisbalpenedes.com\/web\/2018\/10\/01\/lajuntament-installara-llums-solars-a-la-masieta-i-santa-cristina-a-finals-daquest-any\/","title":{"rendered":"L&#8217;Ajuntament instal\u00b7lar\u00e0 llums solars a la Masieta i Santa Cristina a finals d&#8217;aquest any"},"content":{"rendered":"<p style=\"text-align: justify;\"><a href=\"http:\/\/bisbalpenedes.com\/web\/wp-content\/uploads\/2018\/10\/FANALS-SOLARS-ENTRADA-STA-CRISTINA.jpg\"><img loading=\"lazy\" class=\"aligncenter size-medium wp-image-7195\" src=\"http:\/\/bisbalpenedes.com\/web\/wp-content\/uploads\/2018\/10\/FANALS-SOLARS-ENTRADA-STA-CRISTINA-300x278.jpg\" alt=\"FANALS SOLARS ENTRADA STA CRISTINA\" width=\"300\" height=\"278\" srcset=\"https:\/\/bisbalpenedes.com\/web\/wp-content\/uploads\/2018\/10\/FANALS-SOLARS-ENTRADA-STA-CRISTINA-300x278.jpg 300w, https:\/\/bisbalpenedes.com\/web\/wp-content\/uploads\/2018\/10\/FANALS-SOLARS-ENTRADA-STA-CRISTINA-600x557.jpg 600w, https:\/\/bisbalpenedes.com\/web\/wp-content\/uploads\/2018\/10\/FANALS-SOLARS-ENTRADA-STA-CRISTINA-768x713.jpg 768w, https:\/\/bisbalpenedes.com\/web\/wp-content\/uploads\/2018\/10\/FANALS-SOLARS-ENTRADA-STA-CRISTINA-1024x950.jpg 1024w\" sizes=\"(max-width: 300px) 100vw, 300px\" \/><\/a><\/p>\n<p style=\"text-align: justify;\">La Junta de Govern Local va aprovar, el passat mes de setembre, l\u2019adjudicaci\u00f3 de 12 punts de llum solars dels quals 5 s\u2019instal\u00b7laran a la Masieta i 7 a Santa Cristina.<\/p>\n<p style=\"text-align: justify;\">Els llums solars es pagaran amb una part dels Pressupostos Participatius (de l&#8217;any passat) de la Masieta i Santa Cristina, ja que aquesta va ser una petici\u00f3 que van fer els ve\u00efns d\u2019aquestes zones en la darrera edici\u00f3 d\u2019aquesta iniciativa de participaci\u00f3 ve\u00efnal, i amb una part del pressupost municipal 2018.<\/p>\n<p style=\"text-align: justify;\">La Regidoria de Barris ha informat que els llums s\u2019instal\u00b7laran en els seg\u00fcents punts:<\/p>\n<p style=\"text-align: justify; padding-left: 30px;\"><strong>La Masieta:<\/strong> al carrer Morera, al carrer Avet, al carrer Figuera, al carrer Noguera i al xamfr\u00e0 entre el carrer Noguera i el carrer Olivera.<\/p>\n<p style=\"text-align: justify; padding-left: 30px;\"><strong>Santa Cristina:<\/strong> a l\u2019encreuament entre els carrers Baix Camp i Montsi\u00e0, a l\u2019encreuament entre els carrers Vall\u00e8s i Bages, al carrer Montsi\u00e0, a l\u2019encreuament entre els carrers Barcelon\u00e8s i Tarragon\u00e8s, a l\u2019encreuament entre els carrers Barcelon\u00e8s i Bages, a l\u2019encreuament entre els carrers Segri\u00e0 i Garrigues i a l\u2019encreuament entre els carrers Segri\u00e0 i Vall d\u2019Aran.<\/p>\n<p style=\"text-align: justify;\">El preu adjudicat \u00e9s de 18.150\u20ac (IVA incl\u00f2s), pels 12 punts de llum, i l\u2019empresa adjudicat\u00e0ria \u00e9s Bionergy Technology Systems S.L., que instal\u00b7lar\u00e0 els llums a finals d\u2019any.<\/p>\n<p style=\"text-align: justify;\">L\u2019any 2017 l\u2019Ajuntament de la Bisbal ja va instal\u00b7lar fanals solars a les parades de bus d\u2019ambdues urbanitzacions. Ara l\u2019Ajuntament ha aprovat aquesta licitaci\u00f3 amb la finalitat d\u2019il\u00b7luminar les illes de contenidors de la recollida selectiva d\u2019escombraries i les cru\u00eflles m\u00e9s transitades.<\/p>\n<hr \/>\n<p style=\"text-align: justify;\"><strong>CASTELLANO |<\/strong> La Junta de Gobierno Local aprob\u00f3, el pasado mes de septiembre, la adjudicaci\u00f3n de 12 puntos de luz solares de los cuales 5 se instalar\u00e1n en la Masieta y 7 en Santa Cristina.<\/p>\n<p style=\"text-align: justify;\">Las farolas solares se pagar\u00e1n con una parte de los Presupuestos Participativos (del a\u00f1o pasado) de la Masieta y Santa Cristina, ya que esta fue una petici\u00f3n que hicieron los vecinos de estas zonas en la \u00faltima edici\u00f3n de esta iniciativa de participaci\u00f3n vecinal, y con una parte del presupuesto municipal 2018.<\/p>\n<p style=\"text-align: justify;\">La Regidoria de Barris ha informado que las farolas se instalar\u00e1n en los siguientes puntos:<\/p>\n<p style=\"text-align: justify; padding-left: 30px;\"><strong>La Masieta:<\/strong> en la calle Morera, en la calle Avet, en la calle Figuera, en la calle Noguera y en la esquina entre la calle Noguera y la calle Olivera.<\/p>\n<p style=\"text-align: justify; padding-left: 30px;\"><strong>Santa Cristina:<\/strong> en el cruce entre las calles Baix Camp y Montsi\u00e0, en el cruce entre las calles Vall\u00e8s y Bages, en la calle Montsi\u00e0, en el cruce entre las calles Barcelon\u00e8s y Alt Urgell, en el cruce entre las calles Barcelon\u00e8s y Tarragon\u00e8s, en el cruce entre las calles Segri\u00e0 y Garrigues y en el cruce entre las calles Segri\u00e0 y Vall d&#8217;Aran.<\/p>\n<p style=\"text-align: justify;\">El precio adjudicado es de 18.150\u20ac (IVA incluido), por los 12 puntos de luz, y la empresa adjudicataria es Bionergy Technology Systems S.L., que instalar\u00e1 las luces a finales de a\u00f1o.<\/p>\n<p style=\"text-align: justify;\">El a\u00f1o 2017 el Ayuntamiento de la Bisbal ya instal\u00f3 farolas solares en las paradas de bus de ambas urbanizaciones. Ahora el Ayuntamiento ha aprobado esta licitaci\u00f3n con la finalidad de iluminar las islas de contenedores de la recogida selectiva de basuras y los cruces m\u00e1s transitados.<\/p>\n<p>&nbsp;<\/p>\n<p>&nbsp;<\/p>\n<p>&nbsp;<\/p>\n","protected":false},"excerpt":{"rendered":"<p>La Junta de Govern Local va aprovar, el passat mes de setembre, l\u2019adjudicaci\u00f3 de 12 punts de llum solars dels quals 5 s\u2019instal\u00b7laran a la Masieta i 7 a Santa &hellip; <a href=\"https:\/\/bisbalpenedes.com\/web\/2018\/10\/01\/lajuntament-installara-llums-solars-a-la-masieta-i-santa-cristina-a-finals-daquest-any\/\" class=\"more-link\">Read More<\/a><\/p>\n","protected":false},"author":4,"featured_media":7193,"comment_status":"closed","ping_status":"closed","sticky":false,"template":"","format":"standard","meta":[],"categories":[15],"tags":[625,2394,2393,1106,2390,2391,587,267,441,1902,980,2395,623,2392],"_links":{"self":[{"href":"https:\/\/bisbalpenedes.com\/web\/wp-json\/wp\/v2\/posts\/7192"}],"collection":[{"href":"https:\/\/bisbalpenedes.com\/web\/wp-json\/wp\/v2\/posts"}],"about":[{"href":"https:\/\/bisbalpenedes.com\/web\/wp-json\/wp\/v2\/types\/post"}],"author":[{"embeddable":true,"href":"https:\/\/bisbalpenedes.com\/web\/wp-json\/wp\/v2\/users\/4"}],"replies":[{"embeddable":true,"href":"https:\/\/bisbalpenedes.com\/web\/wp-json\/wp\/v2\/comments?post=7192"}],"version-history":[{"count":4,"href":"https:\/\/bisbalpenedes.com\/web\/wp-json\/wp\/v2\/posts\/7192\/revisions"}],"predecessor-version":[{"id":8053,"href":"https:\/\/bisbalpenedes.com\/web\/wp-json\/wp\/v2\/posts\/7192\/revisions\/8053"}],"wp:featuredmedia":[{"embeddable":true,"href":"https:\/\/bisbalpenedes.com\/web\/wp-json\/wp\/v2\/media\/7193"}],"wp:attachment":[{"href":"https:\/\/bisbalpenedes.com\/web\/wp-json\/wp\/v2\/media?parent=7192"}],"wp:term":[{"taxonomy":"category","embeddable":true,"href":"https:\/\/bisbalpenedes.com\/web\/wp-json\/wp\/v2\/categories?post=7192"},{"taxonomy":"post_tag","embeddable":true,"href":"https:\/\/bisbalpenedes.com\/web\/wp-json\/wp\/v2\/tags?post=7192"}],"curies":[{"name":"wp","href":"https:\/\/api.w.org\/{rel}","templated":true}]}}