{"id":7186,"date":"2018-10-01T18:51:09","date_gmt":"2018-10-01T17:51:09","guid":{"rendered":"http:\/\/bisbalpenedes.com\/web\/?p=7186"},"modified":"2018-10-01T18:53:14","modified_gmt":"2018-10-01T17:53:14","slug":"el-dissabte-6-doctubre-a-les-17-30h-sinaugurara-el-raco-de-la-gent-gran","status":"publish","type":"post","link":"https:\/\/bisbalpenedes.com\/web\/2018\/10\/01\/el-dissabte-6-doctubre-a-les-17-30h-sinaugurara-el-raco-de-la-gent-gran\/","title":{"rendered":"El dissabte 6 d&#8217;octubre a les 17.30h s&#8217;inaugurar\u00e0 el Rac\u00f3 de la Gent Gran"},"content":{"rendered":"<p><a href=\"http:\/\/bisbalpenedes.com\/web\/wp-content\/uploads\/2018\/10\/INAUGURACIO_RACO_LELA_GENTGRANd.jpg\"><img loading=\"lazy\" class=\"aligncenter size-medium wp-image-7187\" src=\"http:\/\/bisbalpenedes.com\/web\/wp-content\/uploads\/2018\/10\/INAUGURACIO_RACO_LELA_GENTGRANd-212x300.jpg\" alt=\"INAUGURACIO_RACO_LELA_GENTGRANd\" width=\"212\" height=\"300\" srcset=\"https:\/\/bisbalpenedes.com\/web\/wp-content\/uploads\/2018\/10\/INAUGURACIO_RACO_LELA_GENTGRANd-212x300.jpg 212w, https:\/\/bisbalpenedes.com\/web\/wp-content\/uploads\/2018\/10\/INAUGURACIO_RACO_LELA_GENTGRANd-600x849.jpg 600w, https:\/\/bisbalpenedes.com\/web\/wp-content\/uploads\/2018\/10\/INAUGURACIO_RACO_LELA_GENTGRANd-768x1087.jpg 768w, https:\/\/bisbalpenedes.com\/web\/wp-content\/uploads\/2018\/10\/INAUGURACIO_RACO_LELA_GENTGRANd-724x1024.jpg 724w, https:\/\/bisbalpenedes.com\/web\/wp-content\/uploads\/2018\/10\/INAUGURACIO_RACO_LELA_GENTGRANd.jpg 1169w\" sizes=\"(max-width: 212px) 100vw, 212px\" \/><\/a><\/p>\n<p><span style=\"color: #000000;\">La Regidoria de la Gent Gran de l&#8217;Ajuntament de la Bisbal del Pened\u00e8s i l&#8217;Associaci\u00f3 de la Gent Gran us conviden a la inauguraci\u00f3 del nou equipament municipal dedicat a les persones grans del municipi, el Rac\u00f3 de la Gent Gran, que tindr\u00e0 lloc el dissabte 6 d&#8217;octubre a les 17.30h.\u00a0<\/span><\/p>\n<p><span style=\"color: #000000;\">El Rac\u00f3 de la Gent Gran \u00e9s un espai pensat per a la gent gran del municipi amb la finalitat que les persones majors de 65 anys tinguin un lloc on anar a passar l&#8217;estona, llegir, cosir, jugar, fer treballs manuals, fer activitat f\u00edsica o participar en les activitats di\u00e0ries que ha programat la Regidoria de la Gent Gran. <\/span><\/p>\n<p><span style=\"color: #000000;\"><a style=\"color: #000000;\" href=\"http:\/\/bisbalpenedes.com\/web\/wp-content\/uploads\/2018\/09\/RACO-GENT-GRAN-ACTIVITATS.jpg\"><img loading=\"lazy\" class=\"aligncenter size-medium wp-image-7026\" src=\"http:\/\/bisbalpenedes.com\/web\/wp-content\/uploads\/2018\/09\/RACO-GENT-GRAN-ACTIVITATS-212x300.jpg\" alt=\"RACO GENT GRAN ACTIVITATS\" width=\"212\" height=\"300\" srcset=\"https:\/\/bisbalpenedes.com\/web\/wp-content\/uploads\/2018\/09\/RACO-GENT-GRAN-ACTIVITATS-212x300.jpg 212w, https:\/\/bisbalpenedes.com\/web\/wp-content\/uploads\/2018\/09\/RACO-GENT-GRAN-ACTIVITATS-600x848.jpg 600w, https:\/\/bisbalpenedes.com\/web\/wp-content\/uploads\/2018\/09\/RACO-GENT-GRAN-ACTIVITATS-768x1086.jpg 768w, https:\/\/bisbalpenedes.com\/web\/wp-content\/uploads\/2018\/09\/RACO-GENT-GRAN-ACTIVITATS-724x1024.jpg 724w, https:\/\/bisbalpenedes.com\/web\/wp-content\/uploads\/2018\/09\/RACO-GENT-GRAN-ACTIVITATS.jpg 1754w\" sizes=\"(max-width: 212px) 100vw, 212px\" \/><\/a><\/span><\/p>\n<p><span style=\"color: #000000;\">L&#8217;espai es compartir\u00e0 amb l&#8217;Associaci\u00f3 de la Gent Gran i pret\u00e9n ser un punt de trobada per al col\u00b7lectiu de persones de m\u00e9s edat de la Bisbal.<\/span><\/p>\n<p><span style=\"color: #000000;\">Des de la Regidoria de la Gent Gran us convidem a venir a la inauguraci\u00f3 i a gaudir de les propostes que us anirem oferint. Tamb\u00e9 us informem que estem oberts a tots aquells suggeriments que ens vulgueu fer arribar per millorar l&#8217;espai.<\/span><\/p>\n<hr \/>\n<p><span style=\"color: #000000;\"><a style=\"color: #000000;\" href=\"http:\/\/bisbalpenedes.com\/web\/wp-content\/uploads\/2018\/10\/INAUGURACIO_RACO_LELA_GENTGRANd.jpg\"><img loading=\"lazy\" class=\"aligncenter size-medium wp-image-7187\" src=\"http:\/\/bisbalpenedes.com\/web\/wp-content\/uploads\/2018\/10\/INAUGURACIO_RACO_LELA_GENTGRANd-212x300.jpg\" alt=\"INAUGURACIO_RACO_LELA_GENTGRANd\" width=\"212\" height=\"300\" srcset=\"https:\/\/bisbalpenedes.com\/web\/wp-content\/uploads\/2018\/10\/INAUGURACIO_RACO_LELA_GENTGRANd-212x300.jpg 212w, https:\/\/bisbalpenedes.com\/web\/wp-content\/uploads\/2018\/10\/INAUGURACIO_RACO_LELA_GENTGRANd-600x849.jpg 600w, https:\/\/bisbalpenedes.com\/web\/wp-content\/uploads\/2018\/10\/INAUGURACIO_RACO_LELA_GENTGRANd-768x1087.jpg 768w, https:\/\/bisbalpenedes.com\/web\/wp-content\/uploads\/2018\/10\/INAUGURACIO_RACO_LELA_GENTGRANd-724x1024.jpg 724w, https:\/\/bisbalpenedes.com\/web\/wp-content\/uploads\/2018\/10\/INAUGURACIO_RACO_LELA_GENTGRANd.jpg 1169w\" sizes=\"(max-width: 212px) 100vw, 212px\" \/><\/a><\/span><\/p>\n<p><span style=\"color: #000000;\"><strong>CASTELLANO |<\/strong> La Regidoria de la Gent Gran del Ayuntamiento de la Bisbal del Pened\u00e8s y la Associaci\u00f3 de la Gent Gran os invitan a la inauguraci\u00f3n del nuevo equipamiento municipal dedicado a las personas mayores del municipio, el Rac\u00f3 de la Gent Gran, que tendr\u00e1 lugar el s\u00e1bado 6 de octubre a las 17.30h.<\/span><\/p>\n<p><span style=\"color: #000000;\">El Rac\u00f3 de la Gent Gran es un espacio pensado para la gente mayor del municipio con la finalidad que las personas mayores de 65 a\u00f1os tengan un sitio donde ir a pasar el rato, leer, coser, jugar, hacer manualidades, hacer actividad f\u00edsica o participar en las actividades diarias que ha programado la Regidoria de la Gent Gran.<\/span><\/p>\n<p>&nbsp;<\/p>\n<p><span style=\"color: #000000;\"><a style=\"color: #000000;\" href=\"http:\/\/bisbalpenedes.com\/web\/wp-content\/uploads\/2018\/09\/RACO-GENT-GRAN-ACTIVITATS.jpg\"><img loading=\"lazy\" class=\"aligncenter size-medium wp-image-7026\" src=\"http:\/\/bisbalpenedes.com\/web\/wp-content\/uploads\/2018\/09\/RACO-GENT-GRAN-ACTIVITATS-212x300.jpg\" alt=\"RACO GENT GRAN ACTIVITATS\" width=\"212\" height=\"300\" srcset=\"https:\/\/bisbalpenedes.com\/web\/wp-content\/uploads\/2018\/09\/RACO-GENT-GRAN-ACTIVITATS-212x300.jpg 212w, https:\/\/bisbalpenedes.com\/web\/wp-content\/uploads\/2018\/09\/RACO-GENT-GRAN-ACTIVITATS-600x848.jpg 600w, https:\/\/bisbalpenedes.com\/web\/wp-content\/uploads\/2018\/09\/RACO-GENT-GRAN-ACTIVITATS-768x1086.jpg 768w, https:\/\/bisbalpenedes.com\/web\/wp-content\/uploads\/2018\/09\/RACO-GENT-GRAN-ACTIVITATS-724x1024.jpg 724w, https:\/\/bisbalpenedes.com\/web\/wp-content\/uploads\/2018\/09\/RACO-GENT-GRAN-ACTIVITATS.jpg 1754w\" sizes=\"(max-width: 212px) 100vw, 212px\" \/><\/a><\/span><\/p>\n<p><span style=\"color: #000000;\">El espacio se compartir\u00e1 con la Associaci\u00f3 de la Gent Gran y pretende ser un punto de encuentro para el colectivo de personas de m\u00e1s edad de la Bisbal.<\/span><\/p>\n<p><span style=\"color: #000000;\">Desde la Regidoria de la Gent Gran os invitamos a venir a la inauguraci\u00f3n y a disfrutar de las propuestas que os iremos ofreciendo. Tambi\u00e9n os informamos que estamos abiertos a todos aquellas sugerencias que nos quer\u00e1is hacer llegar para mejorar el espacio.<\/span><\/p>\n<p>&nbsp;<\/p>\n","protected":false},"excerpt":{"rendered":"<p>La Regidoria de la Gent Gran de l&#8217;Ajuntament de la Bisbal del Pened\u00e8s i l&#8217;Associaci\u00f3 de la Gent Gran us conviden a la inauguraci\u00f3 del nou equipament municipal dedicat a &hellip; <a href=\"https:\/\/bisbalpenedes.com\/web\/2018\/10\/01\/el-dissabte-6-doctubre-a-les-17-30h-sinaugurara-el-raco-de-la-gent-gran\/\" class=\"more-link\">Read More<\/a><\/p>\n","protected":false},"author":4,"featured_media":7187,"comment_status":"closed","ping_status":"closed","sticky":false,"template":"","format":"standard","meta":[],"categories":[464],"tags":[950,955,412,2388,305,83,2389,994,1583,1894],"_links":{"self":[{"href":"https:\/\/bisbalpenedes.com\/web\/wp-json\/wp\/v2\/posts\/7186"}],"collection":[{"href":"https:\/\/bisbalpenedes.com\/web\/wp-json\/wp\/v2\/posts"}],"about":[{"href":"https:\/\/bisbalpenedes.com\/web\/wp-json\/wp\/v2\/types\/post"}],"author":[{"embeddable":true,"href":"https:\/\/bisbalpenedes.com\/web\/wp-json\/wp\/v2\/users\/4"}],"replies":[{"embeddable":true,"href":"https:\/\/bisbalpenedes.com\/web\/wp-json\/wp\/v2\/comments?post=7186"}],"version-history":[{"count":4,"href":"https:\/\/bisbalpenedes.com\/web\/wp-json\/wp\/v2\/posts\/7186\/revisions"}],"predecessor-version":[{"id":7191,"href":"https:\/\/bisbalpenedes.com\/web\/wp-json\/wp\/v2\/posts\/7186\/revisions\/7191"}],"wp:featuredmedia":[{"embeddable":true,"href":"https:\/\/bisbalpenedes.com\/web\/wp-json\/wp\/v2\/media\/7187"}],"wp:attachment":[{"href":"https:\/\/bisbalpenedes.com\/web\/wp-json\/wp\/v2\/media?parent=7186"}],"wp:term":[{"taxonomy":"category","embeddable":true,"href":"https:\/\/bisbalpenedes.com\/web\/wp-json\/wp\/v2\/categories?post=7186"},{"taxonomy":"post_tag","embeddable":true,"href":"https:\/\/bisbalpenedes.com\/web\/wp-json\/wp\/v2\/tags?post=7186"}],"curies":[{"name":"wp","href":"https:\/\/api.w.org\/{rel}","templated":true}]}}