{"id":7173,"date":"2018-10-01T11:28:30","date_gmt":"2018-10-01T10:28:30","guid":{"rendered":"http:\/\/bisbalpenedes.com\/web\/?p=7173"},"modified":"2018-10-01T18:18:26","modified_gmt":"2018-10-01T17:18:26","slug":"el-diumenge-7-doctubre-celebrem-la-fira-2018","status":"publish","type":"post","link":"https:\/\/bisbalpenedes.com\/web\/2018\/10\/01\/el-diumenge-7-doctubre-celebrem-la-fira-2018\/","title":{"rendered":"El diumenge 7 d&#8217;octubre celebrem la Fira 2018!"},"content":{"rendered":"<p><a href=\"http:\/\/bisbalpenedes.com\/web\/wp-content\/uploads\/2018\/10\/poster_fira_18_b_apaisat_def.jpg\"><img loading=\"lazy\" class=\"aligncenter size-large wp-image-7183\" src=\"http:\/\/bisbalpenedes.com\/web\/wp-content\/uploads\/2018\/10\/poster_fira_18_b_apaisat_def-1024x723.jpg\" alt=\"poster_fira_18_b_apaisat_def\" width=\"630\" height=\"445\" srcset=\"https:\/\/bisbalpenedes.com\/web\/wp-content\/uploads\/2018\/10\/poster_fira_18_b_apaisat_def-1024x723.jpg 1024w, https:\/\/bisbalpenedes.com\/web\/wp-content\/uploads\/2018\/10\/poster_fira_18_b_apaisat_def-600x423.jpg 600w, https:\/\/bisbalpenedes.com\/web\/wp-content\/uploads\/2018\/10\/poster_fira_18_b_apaisat_def-300x212.jpg 300w, https:\/\/bisbalpenedes.com\/web\/wp-content\/uploads\/2018\/10\/poster_fira_18_b_apaisat_def-768x542.jpg 768w\" sizes=\"(max-width: 630px) 100vw, 630px\" \/><\/a><a href=\"http:\/\/bisbalpenedes.com\/web\/wp-content\/uploads\/2018\/10\/banner_fira_18_300x250.jpg\"><br \/>\n<\/a><\/p>\n<p><span style=\"color: #000000;\">El pr\u00f2xim diumenge 7 d&#8217;octubre la Bisbal celebrar\u00e0 la seva tradicional Fira a la pla\u00e7a de l&#8217;Esgl\u00e9sia.<\/span><\/p>\n<p><span style=\"text-decoration: underline; color: #000000;\"><strong>El dissabte 6 d&#8217;octubre:<\/strong><\/span><\/p>\n<p style=\"padding-left: 30px;\"><span style=\"color: #000000;\"><strong>A les 21.00h<\/strong>, tindr\u00e0 lloc un <strong>correfoc<\/strong> pels carrers de la vila amb el <strong>Ball de Diables i Diablons de la Bisbal.<\/strong><\/span><\/p>\n<p><span style=\"color: #000000;\"><span style=\"text-decoration: underline;\"><strong>El diumenge 7 d&#8217;octubre,<\/strong><\/span><strong> d<\/strong><strong>e les 10.00h a les 14.00h i de les 17.00h a les 20.00h, a la pla\u00e7a de l&#8217;Esgl\u00e9sia, Fira 2018.<\/strong><\/span><\/p>\n<p style=\"padding-left: 30px;\"><span style=\"color: #000000;\"><strong>A les 11.00h tindr\u00e0 lloc la inauguraci\u00f3<\/strong> de la Fira, que anir\u00e0 a c\u00e0rrec del conseller comarcal de Turisme, Jaume Casa\u00f1as, i de l&#8217;alcaldessa de la Bisbal del Pened\u00e8s, Agn\u00e8s Ferr\u00e9.<\/span><\/p>\n<p style=\"padding-left: 30px;\"><span style=\"color: #000000;\">A continuaci\u00f3, actuaci\u00f3 del <strong>Ball de Gitanes<\/strong> i dels <strong>Geganters i Grallers de la Societat.<\/strong><\/span><\/p>\n<p style=\"padding-left: 30px;\"><span style=\"color: #000000;\"><strong>De les 12.00h a les 14.00h,<\/strong> <strong>pinta cares<\/strong> per a tothom.<\/span><\/p>\n<p><span style=\"color: #000000;\"><strong>A la Fira, hi podreu trobar:<\/strong><\/span><\/p>\n<p><span style=\"color: #000000;\"><strong>-XI Fira Artesanal:<\/strong> exposici\u00f3 i venda d&#8217;artesania i productes de la terra<\/span><\/p>\n<p><span style=\"color: #000000;\"><strong>-III Fira d&#8217;Entitats<\/strong>: mostra d&#8217;entitats de la vila i negocis locals.<\/span><\/p>\n<p><span style=\"color: #000000;\"><strong>-XXII Trobada de puntaires:<\/strong><\/span><\/p>\n<p style=\"padding-left: 30px;\"><span style=\"color: #000000;\"><strong>A les 10.30h<\/strong> Concentraci\u00f3 de les puntaires a la pla\u00e7a i inici<\/span><\/p>\n<p style=\"padding-left: 30px;\"><span style=\"color: #000000;\"><strong>A les 13.30h<\/strong> Lliurament d&#8217;un obsequi als assistents<\/span><\/p>\n<p><span style=\"color: #000000;\"><strong>-T\u00f2mbola de la Parr\u00f2quia<\/strong> de l&#8217;Esgl\u00e9sia de Santa Maria de la Bisbal<\/span><\/p>\n<p style=\"padding-left: 30px;\"><span style=\"color: #000000;\"><strong>De les 10.00h fins a les 19.00h<\/strong><\/span><\/p>\n<p><span style=\"color: #000000;\"><strong>-Actuaci\u00f3 musical:<\/strong><\/span><\/p>\n<p style=\"padding-left: 30px;\"><span style=\"color: #000000;\"><strong>A les 20.00h<\/strong>, <strong>concert de Jazz<\/strong> amb la <strong>Bellvei Band.<\/strong><\/span><\/p>\n<p><span style=\"color: #000000;\">L&#8217;organitzaci\u00f3 de la Fira va a c\u00e0rrec de la Regidoria de Cultura de l&#8217;Ajuntament de la Bisbal del Pened\u00e8s.<\/span><\/p>\n<hr \/>\n<p><span style=\"color: #000000;\">El pr\u00f3ximo domingo 7 de octubre la Bisbal celebrar\u00e1 su tradicional Fira en la pla\u00e7a de l&#8217;Esgl\u00e9sia.<\/span><\/p>\n<p><span style=\"text-decoration: underline; color: #000000;\"><strong>El s\u00e1bado 6 de octubre:<\/strong><\/span><\/p>\n<p><span style=\"color: #000000;\"><strong>A las 21.00h<\/strong>, tendr\u00e1 lugar un correfoc por las calles del pueblo con el <strong>Ball de Diables i Diablons de la Bisbal.<\/strong><\/span><\/p>\n<p><span style=\"color: #000000;\"><strong>El domingo 7 de octubre, de las 10.00h hasta las 14.00h y de las 17.00h hasta las 20.00h, en la pla\u00e7a de l&#8217;Esgl\u00e9sia, Fira 2018.<\/strong><\/span><\/p>\n<p>&nbsp;<\/p>\n<p style=\"padding-left: 30px;\"><span style=\"color: #000000;\"><strong>A las 11.00h tendr\u00e1 lugar la inauguraci\u00f3n<\/strong> de la Fira, que ir\u00e1 a cargo del conseller comarcal de Turisme, Jaume Casa\u00f1as, y de la alcaldesa de la Bisbal del Pened\u00e8s, Agn\u00e8s Ferr\u00e9.<\/span><\/p>\n<p style=\"padding-left: 30px;\"><span style=\"color: #000000;\">A continuaci\u00f3n, actuaci\u00f3n del <strong>Ball de Gitanes<\/strong> y de los <strong>Geganters i Grallers de la Societat.<\/strong><\/span><\/p>\n<p style=\"padding-left: 30px;\"><span style=\"color: #000000;\"><strong>De las 12.00h a las 14.00h, pinta caras<\/strong> para todos.<\/span><\/p>\n<p><span style=\"color: #000000;\"><strong>En la Fira, encontrar\u00e9is:<\/strong><\/span><\/p>\n<p><span style=\"color: #000000;\"><strong>-XI Fira Artesanal:<\/strong> exposici\u00f3n y venta de artesan\u00eda y productos de la tierra<\/span><\/p>\n<p><span style=\"color: #000000;\"><strong>-III Fira d&#8217;Entitats:<\/strong> muestra de entidades de la vila y negocios locales<\/span><\/p>\n<p><span style=\"color: #000000;\"><strong>-XXII Trobada de puntaires:<\/strong><\/span><\/p>\n<p style=\"padding-left: 30px;\"><span style=\"color: #000000;\"><strong>A las 10.30h<\/strong> Concentraci\u00f3n de las puntaires en la plaza e inicio<\/span><\/p>\n<p style=\"padding-left: 30px;\"><span style=\"color: #000000;\"><strong>A las 13.30h<\/strong> Entrega de un obsequio a los asistentes<\/span><\/p>\n<p><span style=\"color: #000000;\"><strong>-T\u00f3mbola de la Parroquia<\/strong> de la Esgl\u00e9sia de Santa Maria de la Bisbal<\/span><\/p>\n<p style=\"padding-left: 30px;\"><span style=\"color: #000000;\"><strong>De las 10.00h hasta las 19.00h<\/strong><\/span><\/p>\n<p><span style=\"color: #000000;\"><strong>-Actuaci\u00f3n musical:<\/strong><\/span><\/p>\n<p style=\"padding-left: 30px;\"><span style=\"color: #000000;\"><strong>A las 20.00h<\/strong>, <strong>concierto de Jazz<\/strong> con la<strong> Bellvei Band.<\/strong><\/span><\/p>\n<p><span style=\"color: #000000;\">La organizaci\u00f3n de la Fira va a cargo de la Regidoria de Cultura del Ayuntamiento de la Bisbal del Pened\u00e8s.<\/span><\/p>\n<p>&nbsp;<\/p>\n<p>&nbsp;<\/p>\n","protected":false},"excerpt":{"rendered":"<p>El pr\u00f2xim diumenge 7 d&#8217;octubre la Bisbal celebrar\u00e0 la seva tradicional Fira a la pla\u00e7a de l&#8217;Esgl\u00e9sia. El dissabte 6 d&#8217;octubre: A les 21.00h, tindr\u00e0 lloc un correfoc pels carrers &hellip; <a href=\"https:\/\/bisbalpenedes.com\/web\/2018\/10\/01\/el-diumenge-7-doctubre-celebrem-la-fira-2018\/\" class=\"more-link\">Read More<\/a><\/p>\n","protected":false},"author":4,"featured_media":7174,"comment_status":"closed","ping_status":"closed","sticky":false,"template":"","format":"standard","meta":[],"categories":[13],"tags":[1151,809,692,1348,2385,698,351,84,2387,2181,2384,318,2007,2382,2386,811,2383],"_links":{"self":[{"href":"https:\/\/bisbalpenedes.com\/web\/wp-json\/wp\/v2\/posts\/7173"}],"collection":[{"href":"https:\/\/bisbalpenedes.com\/web\/wp-json\/wp\/v2\/posts"}],"about":[{"href":"https:\/\/bisbalpenedes.com\/web\/wp-json\/wp\/v2\/types\/post"}],"author":[{"embeddable":true,"href":"https:\/\/bisbalpenedes.com\/web\/wp-json\/wp\/v2\/users\/4"}],"replies":[{"embeddable":true,"href":"https:\/\/bisbalpenedes.com\/web\/wp-json\/wp\/v2\/comments?post=7173"}],"version-history":[{"count":6,"href":"https:\/\/bisbalpenedes.com\/web\/wp-json\/wp\/v2\/posts\/7173\/revisions"}],"predecessor-version":[{"id":7184,"href":"https:\/\/bisbalpenedes.com\/web\/wp-json\/wp\/v2\/posts\/7173\/revisions\/7184"}],"wp:featuredmedia":[{"embeddable":true,"href":"https:\/\/bisbalpenedes.com\/web\/wp-json\/wp\/v2\/media\/7174"}],"wp:attachment":[{"href":"https:\/\/bisbalpenedes.com\/web\/wp-json\/wp\/v2\/media?parent=7173"}],"wp:term":[{"taxonomy":"category","embeddable":true,"href":"https:\/\/bisbalpenedes.com\/web\/wp-json\/wp\/v2\/categories?post=7173"},{"taxonomy":"post_tag","embeddable":true,"href":"https:\/\/bisbalpenedes.com\/web\/wp-json\/wp\/v2\/tags?post=7173"}],"curies":[{"name":"wp","href":"https:\/\/api.w.org\/{rel}","templated":true}]}}