{"id":7164,"date":"2018-09-30T10:38:55","date_gmt":"2018-09-30T09:38:55","guid":{"rendered":"http:\/\/bisbalpenedes.com\/web\/?p=7164"},"modified":"2018-09-30T10:52:11","modified_gmt":"2018-09-30T09:52:11","slug":"lequip-de-govern-assisteix-a-la-4a-edicio-de-lescola-de-governs-locals","status":"publish","type":"post","link":"https:\/\/bisbalpenedes.com\/web\/2018\/09\/30\/lequip-de-govern-assisteix-a-la-4a-edicio-de-lescola-de-governs-locals\/","title":{"rendered":"L\u2019equip de govern ha assistit a la 4a edici\u00f3 de l\u2019Escola de Governs Locals"},"content":{"rendered":"<p style=\"text-align: justify;\"><a href=\"http:\/\/bisbalpenedes.com\/web\/wp-content\/uploads\/2018\/09\/PHOTO-2018-09-29-15-12-49.jpg\"><img loading=\"lazy\" class=\"aligncenter size-medium wp-image-7165\" src=\"http:\/\/bisbalpenedes.com\/web\/wp-content\/uploads\/2018\/09\/PHOTO-2018-09-29-15-12-49-300x225.jpg\" alt=\"escola de governs locals alcaldessa i regidores\" width=\"300\" height=\"225\" srcset=\"https:\/\/bisbalpenedes.com\/web\/wp-content\/uploads\/2018\/09\/PHOTO-2018-09-29-15-12-49-300x225.jpg 300w, https:\/\/bisbalpenedes.com\/web\/wp-content\/uploads\/2018\/09\/PHOTO-2018-09-29-15-12-49-600x450.jpg 600w, https:\/\/bisbalpenedes.com\/web\/wp-content\/uploads\/2018\/09\/PHOTO-2018-09-29-15-12-49-768x576.jpg 768w, https:\/\/bisbalpenedes.com\/web\/wp-content\/uploads\/2018\/09\/PHOTO-2018-09-29-15-12-49-1024x768.jpg 1024w, https:\/\/bisbalpenedes.com\/web\/wp-content\/uploads\/2018\/09\/PHOTO-2018-09-29-15-12-49.jpg 1296w\" sizes=\"(max-width: 300px) 100vw, 300px\" \/><\/a><\/p>\n<p style=\"text-align: justify;\">L\u2019alcaldessa Ang\u00e8s Ferr\u00e9 i les regidores Judit Vidal i Leo Uceda han assistit, els dies 28 i 29 de setembre, a la 4\u00aa edici\u00f3 de l\u2019Escola de Governs Locals, organitzada per l\u2019Associaci\u00f3 Catalana de Municipis (ACM).<\/p>\n<p style=\"text-align: justify;\"><a href=\"http:\/\/bisbalpenedes.com\/web\/wp-content\/uploads\/2018\/09\/PHOTO-2018-09-29-15-13-00.jpg\"><img loading=\"lazy\" class=\"aligncenter size-medium wp-image-7166\" src=\"http:\/\/bisbalpenedes.com\/web\/wp-content\/uploads\/2018\/09\/PHOTO-2018-09-29-15-13-00-225x300.jpg\" alt=\"equip de govern poblet\" width=\"225\" height=\"300\" srcset=\"https:\/\/bisbalpenedes.com\/web\/wp-content\/uploads\/2018\/09\/PHOTO-2018-09-29-15-13-00-225x300.jpg 225w, https:\/\/bisbalpenedes.com\/web\/wp-content\/uploads\/2018\/09\/PHOTO-2018-09-29-15-13-00-600x800.jpg 600w, https:\/\/bisbalpenedes.com\/web\/wp-content\/uploads\/2018\/09\/PHOTO-2018-09-29-15-13-00-768x1024.jpg 768w, https:\/\/bisbalpenedes.com\/web\/wp-content\/uploads\/2018\/09\/PHOTO-2018-09-29-15-13-00.jpg 1200w\" sizes=\"(max-width: 225px) 100vw, 225px\" \/><\/a><\/p>\n<p style=\"text-align: justify;\">El curs, que ha tingut lloc al Monestir de Poblet, ha incl\u00f2s tallers sobre comunicaci\u00f3, orat\u00f2ria i estrat\u00e8gies, aix\u00ed com una taula rodona amb periodistes.<\/p>\n<p style=\"text-align: justify;\">Tal com expliquen des de l\u2019ACM:<\/p>\n<p style=\"padding-left: 30px; text-align: justify;\">\u201c<strong>els governs locals s\u00f3n una pe\u00e7a clau en el proc\u00e9s de reforma i adaptaci\u00f3 de l\u2019Administraci\u00f3 p\u00fablica als nous temps<\/strong>. La crisi econ\u00f2mica i financera que ha planat els darrers anys sobre el nostre pa\u00eds, juntament amb l\u2019aprovaci\u00f3 d\u2019una pluralitat de normes generals i sectorials que afecten de ple els governs locals, s\u00f3n factors que han obligat aquestes institucions a plantejar-se el seu paper en el s\u00ed del sector p\u00fablic. <strong>La necessitat d\u2019adaptar-se als canvis fa que els governs locals hagin de repensar les estrat\u00e8gies i mecanismes de gesti\u00f3 <\/strong>de la cosa p\u00fablica local, prioritzant els objectius a assolir i posant en valor els seus actius m\u00e9s preuats (proximitat, capital hum\u00e0\u2026).<\/p>\n<p style=\"padding-left: 30px; text-align: justify;\">En aquest context l\u2019Escola de Governs Locals vol oferir una <strong>formaci\u00f3 especialitzada i d\u2019actualitzat adre\u00e7ada als representants dels governs locals de Catalunya<\/strong> que els permeti afrontar amb \u00e8xit els reptes que planteja la Catalunya del futur\u201d.<\/p>\n<p style=\"padding-left: 30px; text-align: justify;\"><a href=\"http:\/\/bisbalpenedes.com\/web\/wp-content\/uploads\/2018\/09\/PHOTO-2018-09-29-15-12-39.jpg\"><img loading=\"lazy\" class=\"aligncenter size-medium wp-image-7167\" src=\"http:\/\/bisbalpenedes.com\/web\/wp-content\/uploads\/2018\/09\/PHOTO-2018-09-29-15-12-39-300x225.jpg\" alt=\"escola de governs locals\" width=\"300\" height=\"225\" srcset=\"https:\/\/bisbalpenedes.com\/web\/wp-content\/uploads\/2018\/09\/PHOTO-2018-09-29-15-12-39-300x225.jpg 300w, https:\/\/bisbalpenedes.com\/web\/wp-content\/uploads\/2018\/09\/PHOTO-2018-09-29-15-12-39-600x450.jpg 600w, https:\/\/bisbalpenedes.com\/web\/wp-content\/uploads\/2018\/09\/PHOTO-2018-09-29-15-12-39-768x576.jpg 768w, https:\/\/bisbalpenedes.com\/web\/wp-content\/uploads\/2018\/09\/PHOTO-2018-09-29-15-12-39-1024x768.jpg 1024w, https:\/\/bisbalpenedes.com\/web\/wp-content\/uploads\/2018\/09\/PHOTO-2018-09-29-15-12-39.jpg 1599w\" sizes=\"(max-width: 300px) 100vw, 300px\" \/><\/a><\/p>\n<hr \/>\n<h3 style=\"text-align: left;\"><strong>El equipo de gobierno\u00a0ha asistido a la 4\u00aa edici\u00f3n de la Escola de Governs Locals<\/strong><\/h3>\n<p><a href=\"http:\/\/bisbalpenedes.com\/web\/wp-content\/uploads\/2018\/09\/PHOTO-2018-09-29-15-12-49.jpg\"><img loading=\"lazy\" class=\"aligncenter size-medium wp-image-7165\" src=\"http:\/\/bisbalpenedes.com\/web\/wp-content\/uploads\/2018\/09\/PHOTO-2018-09-29-15-12-49-300x225.jpg\" alt=\"escola de governs locals alcaldessa i regidores\" width=\"300\" height=\"225\" srcset=\"https:\/\/bisbalpenedes.com\/web\/wp-content\/uploads\/2018\/09\/PHOTO-2018-09-29-15-12-49-300x225.jpg 300w, https:\/\/bisbalpenedes.com\/web\/wp-content\/uploads\/2018\/09\/PHOTO-2018-09-29-15-12-49-600x450.jpg 600w, https:\/\/bisbalpenedes.com\/web\/wp-content\/uploads\/2018\/09\/PHOTO-2018-09-29-15-12-49-768x576.jpg 768w, https:\/\/bisbalpenedes.com\/web\/wp-content\/uploads\/2018\/09\/PHOTO-2018-09-29-15-12-49-1024x768.jpg 1024w, https:\/\/bisbalpenedes.com\/web\/wp-content\/uploads\/2018\/09\/PHOTO-2018-09-29-15-12-49.jpg 1296w\" sizes=\"(max-width: 300px) 100vw, 300px\" \/><\/a><\/p>\n<p style=\"text-align: justify;\">La alcaldesa Agn\u00e8s Ferr\u00e9 y las <em>regidores<\/em> Judit Vidal y Leo Uceda han asistido, los d\u00edas 28 y 29 de septiembre, a la 4\u00aa edici\u00f3n de l\u2019Escola de Governs Locals, organizada por la Associaci\u00f3 Catalana de Municipis (ACM).<\/p>\n<p style=\"text-align: justify;\"><a href=\"http:\/\/bisbalpenedes.com\/web\/wp-content\/uploads\/2018\/09\/PHOTO-2018-09-29-15-13-00.jpg\"><img loading=\"lazy\" class=\"aligncenter size-medium wp-image-7166\" src=\"http:\/\/bisbalpenedes.com\/web\/wp-content\/uploads\/2018\/09\/PHOTO-2018-09-29-15-13-00-225x300.jpg\" alt=\"equip de govern poblet\" width=\"225\" height=\"300\" srcset=\"https:\/\/bisbalpenedes.com\/web\/wp-content\/uploads\/2018\/09\/PHOTO-2018-09-29-15-13-00-225x300.jpg 225w, https:\/\/bisbalpenedes.com\/web\/wp-content\/uploads\/2018\/09\/PHOTO-2018-09-29-15-13-00-600x800.jpg 600w, https:\/\/bisbalpenedes.com\/web\/wp-content\/uploads\/2018\/09\/PHOTO-2018-09-29-15-13-00-768x1024.jpg 768w, https:\/\/bisbalpenedes.com\/web\/wp-content\/uploads\/2018\/09\/PHOTO-2018-09-29-15-13-00.jpg 1200w\" sizes=\"(max-width: 225px) 100vw, 225px\" \/><\/a><\/p>\n<p style=\"text-align: justify;\">El curso, que ha tenido lugar en el Monestir de Poblet, ha incluido talleres sobre comunicaci\u00f3n, oratoria y estrategias, as\u00ed como una mesa redonda con periodistas.<\/p>\n<p style=\"text-align: justify;\">Tal y como explican desde la ACM:<\/p>\n<p style=\"padding-left: 30px; text-align: justify;\">\u201c<strong>los gobiernos locales son una pieza clave en el proceso de reforma y adaptaci\u00f3n de la Administraci\u00f3n p\u00fablica a los nuevos tiempos<\/strong>. La crisis econ\u00f3mica y financiera que ha tenido lugar estos \u00faltimos a\u00f1os en nuestro pa\u00eds, juntamente con la aprobaci\u00f3n de una pluralidad de normas generales y sectoriales que afectan de pleno a los gobiernos locales, son factores que han obligado a estas instituciones a plantearse su papel en el s\u00ed del sector p\u00fablico. <strong>La necesidad de adaptarse a los cambios hace que los gobiernos locales deban replantearse las estrategias y mecanismos de gesti\u00f3n<\/strong> de la cosa p\u00fablica local, priorizando los objetivos a alcanzar y poniendo en valor sus activos m\u00e1s preciados (proximidad, capital humano\u2026).<\/p>\n<p style=\"padding-left: 30px; text-align: justify;\">En este contexto la Escola de Governs Locals quiere ofrecer una <strong>formaci\u00f3n especializada y de actualidad dirigida a los representantes de los gobiernos locales<\/strong> de Catalunya que les permita afrontar con \u00e9xito los retos que plantea la Catalunya del futuro\u201d.<\/p>\n<p style=\"padding-left: 30px; text-align: justify;\"><a href=\"http:\/\/bisbalpenedes.com\/web\/wp-content\/uploads\/2018\/09\/PHOTO-2018-09-29-15-12-39.jpg\"><img loading=\"lazy\" class=\"aligncenter size-medium wp-image-7167\" src=\"http:\/\/bisbalpenedes.com\/web\/wp-content\/uploads\/2018\/09\/PHOTO-2018-09-29-15-12-39-300x225.jpg\" alt=\"escola de governs locals\" width=\"300\" height=\"225\" srcset=\"https:\/\/bisbalpenedes.com\/web\/wp-content\/uploads\/2018\/09\/PHOTO-2018-09-29-15-12-39-300x225.jpg 300w, https:\/\/bisbalpenedes.com\/web\/wp-content\/uploads\/2018\/09\/PHOTO-2018-09-29-15-12-39-600x450.jpg 600w, https:\/\/bisbalpenedes.com\/web\/wp-content\/uploads\/2018\/09\/PHOTO-2018-09-29-15-12-39-768x576.jpg 768w, https:\/\/bisbalpenedes.com\/web\/wp-content\/uploads\/2018\/09\/PHOTO-2018-09-29-15-12-39-1024x768.jpg 1024w, https:\/\/bisbalpenedes.com\/web\/wp-content\/uploads\/2018\/09\/PHOTO-2018-09-29-15-12-39.jpg 1599w\" sizes=\"(max-width: 300px) 100vw, 300px\" \/><\/a><\/p>\n","protected":false},"excerpt":{"rendered":"<p>L\u2019alcaldessa Ang\u00e8s Ferr\u00e9 i les regidores Judit Vidal i Leo Uceda han assistit, els dies 28 i 29 de setembre, a la 4\u00aa edici\u00f3 de l\u2019Escola de Governs Locals, organitzada &hellip; <a href=\"https:\/\/bisbalpenedes.com\/web\/2018\/09\/30\/lequip-de-govern-assisteix-a-la-4a-edicio-de-lescola-de-governs-locals\/\" class=\"more-link\">Read More<\/a><\/p>\n","protected":false},"author":4,"featured_media":7165,"comment_status":"closed","ping_status":"closed","sticky":false,"template":"","format":"standard","meta":[],"categories":[2377],"tags":[874,876,2380,2381,1091,2379,12,2378,393],"_links":{"self":[{"href":"https:\/\/bisbalpenedes.com\/web\/wp-json\/wp\/v2\/posts\/7164"}],"collection":[{"href":"https:\/\/bisbalpenedes.com\/web\/wp-json\/wp\/v2\/posts"}],"about":[{"href":"https:\/\/bisbalpenedes.com\/web\/wp-json\/wp\/v2\/types\/post"}],"author":[{"embeddable":true,"href":"https:\/\/bisbalpenedes.com\/web\/wp-json\/wp\/v2\/users\/4"}],"replies":[{"embeddable":true,"href":"https:\/\/bisbalpenedes.com\/web\/wp-json\/wp\/v2\/comments?post=7164"}],"version-history":[{"count":5,"href":"https:\/\/bisbalpenedes.com\/web\/wp-json\/wp\/v2\/posts\/7164\/revisions"}],"predecessor-version":[{"id":7172,"href":"https:\/\/bisbalpenedes.com\/web\/wp-json\/wp\/v2\/posts\/7164\/revisions\/7172"}],"wp:featuredmedia":[{"embeddable":true,"href":"https:\/\/bisbalpenedes.com\/web\/wp-json\/wp\/v2\/media\/7165"}],"wp:attachment":[{"href":"https:\/\/bisbalpenedes.com\/web\/wp-json\/wp\/v2\/media?parent=7164"}],"wp:term":[{"taxonomy":"category","embeddable":true,"href":"https:\/\/bisbalpenedes.com\/web\/wp-json\/wp\/v2\/categories?post=7164"},{"taxonomy":"post_tag","embeddable":true,"href":"https:\/\/bisbalpenedes.com\/web\/wp-json\/wp\/v2\/tags?post=7164"}],"curies":[{"name":"wp","href":"https:\/\/api.w.org\/{rel}","templated":true}]}}