{"id":7145,"date":"2018-09-27T20:04:58","date_gmt":"2018-09-27T19:04:58","guid":{"rendered":"http:\/\/bisbalpenedes.com\/web\/?p=7145"},"modified":"2018-09-28T09:53:10","modified_gmt":"2018-09-28T08:53:10","slug":"lajuntament-engega-una-nova-edicio-dels-pressupostos-participatius","status":"publish","type":"post","link":"https:\/\/bisbalpenedes.com\/web\/2018\/09\/27\/lajuntament-engega-una-nova-edicio-dels-pressupostos-participatius\/","title":{"rendered":"L&#8217;Ajuntament engega una nova edici\u00f3 dels Pressupostos Participatius"},"content":{"rendered":"<p style=\"text-align: justify;\"><span style=\"color: #000000;\">L\u2019Ajuntament de la Bisbal engega una nova edici\u00f3 dels Pressupostos Participatius. La iniciativa consisteix a destinar una part del pressupost municipal de l\u2019any 2019 a aquelles inversions que tri\u00efn els ve\u00efns dels diferents barris i zones del municipi.<\/span><\/p>\n<p style=\"text-align: justify;\"><span style=\"color: #000000;\">A partir del 8 d\u2019octubre es duran a terme diverses reunions informatives amb la finalitat d\u2019explicar-vos com funcionar\u00e0 el proc\u00e9s i animar-vos a participar-hi. Les reunions es duran a terme en les seg\u00fcents dates, hores i llocs:<\/span><\/p>\n<p style=\"padding-left: 30px; text-align: justify;\"><span style=\"color: #000000;\"><strong>Dilluns 8 d\u2019octubre:<\/strong><\/span><\/p>\n<p style=\"padding-left: 30px; text-align: justify;\"><span style=\"color: #000000;\">19.00h CMC \u2013 Reuni\u00f3 informativa adre\u00e7ada als ve\u00efns de la Miralba<\/span><\/p>\n<p style=\"padding-left: 30px; text-align: justify;\"><span style=\"color: #000000;\">20.00h CMC \u2013 Reuni\u00f3 informativa adre\u00e7ada als ve\u00efns de Santa Cristina<\/span><\/p>\n<p style=\"padding-left: 30px; text-align: justify;\"><span style=\"color: #000000;\"><strong>Dimarts 9 d\u2019octubre:<\/strong><\/span><\/p>\n<p style=\"padding-left: 30px; text-align: justify;\"><span style=\"color: #000000;\">19.00h Local del Priorat \u2013 Reuni\u00f3 informativa adre\u00e7ada als ve\u00efns del Priorat<\/span><\/p>\n<p style=\"padding-left: 30px; text-align: justify;\"><span style=\"color: #000000;\">20.00h CMC \u2013 Reuni\u00f3 informativa adre\u00e7ada als ve\u00efns de la Masieta<\/span><\/p>\n<p style=\"padding-left: 30px; text-align: justify;\"><span style=\"color: #000000;\"><strong>Dimecres 10 d\u2019octubre<\/strong><\/span><\/p>\n<p style=\"padding-left: 30px; text-align: justify;\"><span style=\"color: #000000;\">19.00h \u2013 CMC \u2013 Reuni\u00f3 informativa adre\u00e7ada als ve\u00efns de l\u2019Ortig\u00f3s<\/span><\/p>\n<p style=\"padding-left: 30px; text-align: justify;\"><span style=\"color: #000000;\">19.30h \u2013 CMC \u2013 Reuni\u00f3 informativa adre\u00e7ada als ve\u00efns del Papagai<\/span><\/p>\n<p style=\"padding-left: 30px; text-align: justify;\"><span style=\"color: #000000;\">20.00h \u2013 CMC \u2013 Reuni\u00f3 informativa adre\u00e7ada als ve\u00efns del nucli<\/span><\/p>\n<p style=\"padding-left: 30px; text-align: justify;\"><span style=\"color: #000000;\"><strong>Dijous 11 d\u2019octubre<\/strong><\/span><\/p>\n<p style=\"padding-left: 30px; text-align: justify;\"><span style=\"color: #000000;\">19.00h \u2013 Local de l\u2019Esplai \u2013 Reuni\u00f3 informativa adre\u00e7ada als ve\u00efns de l\u2019Esplai<\/span><\/p>\n<p style=\"padding-left: 30px; text-align: justify;\"><span style=\"color: #000000;\">20.00h \u2013 Local de Can Gordei \u2013 Reuni\u00f3 informativa adre\u00e7ada als ve\u00efns de Can Gordei<\/span><\/p>\n<p style=\"text-align: justify;\"><span style=\"color: #000000;\">L\u2019empresa Limonium \u00e9s qui explicar\u00e0, en aquestes reunions, qu\u00e8 \u00e9s un pressupost participatiu i com s\u2019estructura. En aquestes reunions es far\u00e0 p\u00fablic l\u2019import global de la partida del pressupost 2019 del proc\u00e9s participatiu i com es distribuir\u00e0 entre les diferents zones del municipi.<\/span><\/p>\n<p style=\"text-align: justify;\"><span style=\"color: #000000;\">L\u2019Ajuntament de la Bisbal va engegar aquesta iniciativa l\u2019any passat i ja ha fet realitat la majoria de propostes que van fer els ve\u00efns. L\u2019alcaldessa Agn\u00e8s Ferr\u00e9 ha explicat que \u201caquestes iniciatives permeten generar debat i que els ve\u00efns siguin els que tri\u00efn aquelles propostes que consideren que poden millorar el seu entorn immediat\u201d. Ferr\u00e9 ha afegit que \u201cel contacte directe amb la ciutadania \u00e9s clau per poder tirar endavant iniciatives encertades a cada barri i, aquesta mena de projectes, ens permeten saber m\u00e9s coses sobre els ve\u00efns de la Bisbal i les seves necessitats\u201d.<\/span><\/p>\n<hr \/>\n<p style=\"text-align: justify;\"><span style=\"color: #000000;\">El Ayuntamiento de la Bisbal lleva a cabo una nueva edici\u00f3n de los Presupuestos Participativos. La iniciativa consiste en destinar una parte del presupuesto municipal del a\u00f1o 2019 a aquellas inversiones que escojan los vecinos de los distintos barrios y zonas del municipio.<\/span><\/p>\n<p style=\"text-align: justify;\"><span style=\"color: #000000;\">A partir del 8 de octubre se llevar\u00e1n a cabo varias reuniones informativas con la finalidad de explicaros como funcionar\u00e1 el proceso y animaros a participar. Las reuniones se llevar\u00e1n a cabo en las siguientes fechas, horas y lugares:<\/span><\/p>\n<p style=\"padding-left: 30px; text-align: justify;\"><span style=\"color: #000000;\"><strong>Lunes 8 de octubre:\u00a0<\/strong><\/span><\/p>\n<p style=\"padding-left: 30px; text-align: justify;\"><span style=\"color: #000000;\">19.00h CMC \u2013 Reuni\u00f3n informativa\u00a0dirigida a los vecinos\u00a0de la Miralba<\/span><\/p>\n<p style=\"padding-left: 30px; text-align: justify;\"><span style=\"color: #000000;\">20.00h CMC \u2013 Reuni\u00f3n informativa\u00a0dirigida a los vecinos\u00a0de Santa Cristina<\/span><\/p>\n<p style=\"padding-left: 30px; text-align: justify;\"><span style=\"color: #000000;\"><strong>Martes 9 de octubre:<\/strong><\/span><\/p>\n<p style=\"padding-left: 30px; text-align: justify;\"><span style=\"color: #000000;\">19.00h Local del Priorat \u2013 Reuni\u00f3n informativa dirigida a los vecinos del Priorat<\/span><\/p>\n<p style=\"padding-left: 30px; text-align: justify;\"><span style=\"color: #000000;\">20.00h CMC \u2013 Reuni\u00f3n informativa\u00a0dirigida a los vecinos de la Masieta<\/span><\/p>\n<p style=\"padding-left: 30px; text-align: justify;\"><span style=\"color: #000000;\"><strong>Mi\u00e9rcoles 10 de octubre:<\/strong><\/span><\/p>\n<p style=\"padding-left: 30px; text-align: justify;\"><span style=\"color: #000000;\">19.00h \u2013 CMC \u2013 Reuni\u00f3n informativa\u00a0dirigida a los vecinos l\u2019Ortig\u00f3s<\/span><\/p>\n<p style=\"padding-left: 30px; text-align: justify;\"><span style=\"color: #000000;\">19.30h \u2013 CMC \u2013 Reuni\u00f3n informativa\u00a0dirigida a los vecinos del Papagai<\/span><\/p>\n<p style=\"padding-left: 30px; text-align: justify;\"><span style=\"color: #000000;\">20.00h \u2013 CMC \u2013 Reuni\u00f3n informativa\u00a0dirigida a los vecinos del n\u00facleo<\/span><\/p>\n<p style=\"padding-left: 30px; text-align: justify;\"><span style=\"color: #000000;\"><strong>Jueves 11 de octubre<\/strong><\/span><\/p>\n<p style=\"padding-left: 30px; text-align: justify;\"><span style=\"color: #000000;\">19.00h \u2013 Local de l\u2019Esplai \u2013 Reuni\u00f3 informativa\u00a0dirigida a los vecinos de l\u2019Esplai<\/span><\/p>\n<p style=\"padding-left: 30px; text-align: justify;\"><span style=\"color: #000000;\">20.00h \u2013 Local de Can Gordei \u2013 Reuni\u00f3n informativa\u00a0dirigida a los vecinos de Can Gordei<\/span><\/p>\n<p style=\"text-align: justify;\"><span style=\"color: #000000;\">La empresa Limonium ser\u00e1 la encargada de explicar, en estas reuniones, que es un presupuesto participativo y como se estructura. En estas reuniones se har\u00e1 p\u00fablico el importe global de la partida del presupuesto 2019 del proceso participativo y como se distribuir\u00e1 entre las distintas zonas del municipio.<\/span><\/p>\n<p style=\"text-align: justify;\"><span style=\"color: #000000;\">El Ayuntamiento de la Bisbal inici\u00f3 este proyecto el a\u00f1o pasado y ya ha hecho realidad la mayor\u00eda de propuestas que hicieron los vecinos. La alcaldesa Agn\u00e8s Ferr\u00e9 ha explicado que &#8220;estas iniciativas permiten generar debate y que los vecinos sean los que escojan aquellas propuestas que consideran que pueden mejorar su entorno inmediato&#8221;. Ferr\u00e9 ha a\u00f1adido que &#8220;el contacto directo con la ciudadan\u00eda es clave para poder llevar a cabo iniciativas acertadas en cada barrio y, este tipo de proyectos, nos permiten saber m\u00e1s cosas sobre los vecinos de la Bisbal y sus necesidades&#8221;.<\/span><\/p>\n<p>&nbsp;<\/p>\n","protected":false},"excerpt":{"rendered":"<p>L\u2019Ajuntament de la Bisbal engega una nova edici\u00f3 dels Pressupostos Participatius. La iniciativa consisteix a destinar una part del pressupost municipal de l\u2019any 2019 a aquelles inversions que tri\u00efn els &hellip; <a href=\"https:\/\/bisbalpenedes.com\/web\/2018\/09\/27\/lajuntament-engega-una-nova-edicio-dels-pressupostos-participatius\/\" class=\"more-link\">Read More<\/a><\/p>\n","protected":false},"author":4,"featured_media":7146,"comment_status":"closed","ping_status":"closed","sticky":false,"template":"","format":"standard","meta":[],"categories":[1047],"tags":[2074,362,198,1177,276,604,246,568,980,424,982,2375,623],"_links":{"self":[{"href":"https:\/\/bisbalpenedes.com\/web\/wp-json\/wp\/v2\/posts\/7145"}],"collection":[{"href":"https:\/\/bisbalpenedes.com\/web\/wp-json\/wp\/v2\/posts"}],"about":[{"href":"https:\/\/bisbalpenedes.com\/web\/wp-json\/wp\/v2\/types\/post"}],"author":[{"embeddable":true,"href":"https:\/\/bisbalpenedes.com\/web\/wp-json\/wp\/v2\/users\/4"}],"replies":[{"embeddable":true,"href":"https:\/\/bisbalpenedes.com\/web\/wp-json\/wp\/v2\/comments?post=7145"}],"version-history":[{"count":3,"href":"https:\/\/bisbalpenedes.com\/web\/wp-json\/wp\/v2\/posts\/7145\/revisions"}],"predecessor-version":[{"id":7154,"href":"https:\/\/bisbalpenedes.com\/web\/wp-json\/wp\/v2\/posts\/7145\/revisions\/7154"}],"wp:featuredmedia":[{"embeddable":true,"href":"https:\/\/bisbalpenedes.com\/web\/wp-json\/wp\/v2\/media\/7146"}],"wp:attachment":[{"href":"https:\/\/bisbalpenedes.com\/web\/wp-json\/wp\/v2\/media?parent=7145"}],"wp:term":[{"taxonomy":"category","embeddable":true,"href":"https:\/\/bisbalpenedes.com\/web\/wp-json\/wp\/v2\/categories?post=7145"},{"taxonomy":"post_tag","embeddable":true,"href":"https:\/\/bisbalpenedes.com\/web\/wp-json\/wp\/v2\/tags?post=7145"}],"curies":[{"name":"wp","href":"https:\/\/api.w.org\/{rel}","templated":true}]}}