{"id":7128,"date":"2018-09-27T18:57:26","date_gmt":"2018-09-27T17:57:26","guid":{"rendered":"http:\/\/bisbalpenedes.com\/web\/?p=7128"},"modified":"2018-09-27T20:15:21","modified_gmt":"2018-09-27T19:15:21","slug":"comunicat-dalcaldia-lequip-de-govern-denuncia-que-al-local-el-banc-daliments-hi-havia-mes-de-2-000-kg-daliments-caducats","status":"publish","type":"post","link":"https:\/\/bisbalpenedes.com\/web\/2018\/09\/27\/comunicat-dalcaldia-lequip-de-govern-denuncia-que-al-local-el-banc-daliments-hi-havia-mes-de-2-000-kg-daliments-caducats\/","title":{"rendered":"Comunicat &#8211; L&#8217;equip de govern denuncia que al local del Banc d&#8217;Aliments hi havia m\u00e9s de 2.000 kg d&#8217;aliments caducats"},"content":{"rendered":"<p style=\"text-align: justify;\"><span style=\"color: #000000;\"><strong>COMUNICAT D\u2019ALCALDIA<\/strong><\/span><\/p>\n<p style=\"text-align: justify;\"><span style=\"color: #000000;\"><strong>Els membres de l\u2019equip de govern de l\u2019Ajuntament de la Bisbal del Pened\u00e8s denunciem l\u2019exist\u00e8ncia de m\u00e9s de 2.000 kg d\u2019aliments caducats al Banc d\u2019aliments municipal<\/strong><\/span><\/p>\n<p style=\"text-align: justify;\"><span style=\"color: #000000;\">Els membres de l\u2019equip de govern actual volem deixar clar que mai hem volgut immiscir-nos en les Regidories de Benestar Social i Educaci\u00f3, que eren compet\u00e8ncia de la regidora Maguy Antol\u00edn, fins al 6 d\u2019agost passat i, per aquest motiu, no ten\u00edem coneixement de la situaci\u00f3 que exposem a continuaci\u00f3 i que considerem alarmant:<\/span><\/p>\n<p style=\"padding-left: 30px; text-align: justify;\"><span style=\"color: #000000;\">-El Banc d\u2019aliments <strong>no comptava amb un inventari<\/strong> dels aliments existents<\/span><\/p>\n<p style=\"padding-left: 30px; text-align: justify;\"><span style=\"color: #000000;\">-Els <strong>productes estaven desendre\u00e7ats i barrejats<\/strong>, sense tenir en compte el tipus de producte i les dates de caducitat i consum preferent.<\/span><\/p>\n<p style=\"padding-left: 30px; text-align: justify;\"><span style=\"color: #000000;\">-Hi havia fitxes dels usuaris per\u00f2 <strong>no s\u2019hi detallaven els productes que rebien del Banc d\u2019aliments.<\/strong><\/span><\/p>\n<p style=\"text-align: justify;\"><span style=\"color: #000000;\">Quant als aliments del programa d\u2019ajuda aliment\u00e0ria del <strong>Fons d\u2019Ajuda Europea<\/strong> <strong>per a les persones m\u00e9s Desafavorides<\/strong> (FEAD):<\/span><\/p>\n<p style=\"padding-left: 30px; text-align: justify;\"><span style=\"color: #000000;\">-Al Banc d\u2019Aliments hi havia <strong>m\u00e9s de 1.500 Kg d\u2019aliments caducats<\/strong> amb dates de caducitat dels anys 2015, 2016, 2017 i del primer semestre del 2018. El passat 14 de setembre, en el marc d\u2019una reuni\u00f3 amb l\u2019equip de govern, el FEAD va aixecar acta deixant const\u00e0ncia, per escrit, d\u2019aquestes dades.<\/span><\/p>\n<figure id=\"attachment_7132\" aria-describedby=\"caption-attachment-7132\" style=\"width: 630px\" class=\"wp-caption aligncenter\"><a style=\"color: #000000;\" href=\"http:\/\/bisbalpenedes.com\/web\/wp-content\/uploads\/2018\/09\/FormatFactoryLLEGUMS-CADUCATS-FONS-EUROPEU.jpg\"><img loading=\"lazy\" class=\"size-large wp-image-7132\" src=\"http:\/\/bisbalpenedes.com\/web\/wp-content\/uploads\/2018\/09\/FormatFactoryLLEGUMS-CADUCATS-FONS-EUROPEU-1024x683.jpg\" alt=\"Detall de paquets d'aliments caducats del FEAD\" width=\"630\" height=\"420\" srcset=\"https:\/\/bisbalpenedes.com\/web\/wp-content\/uploads\/2018\/09\/FormatFactoryLLEGUMS-CADUCATS-FONS-EUROPEU-1024x683.jpg 1024w, https:\/\/bisbalpenedes.com\/web\/wp-content\/uploads\/2018\/09\/FormatFactoryLLEGUMS-CADUCATS-FONS-EUROPEU-600x400.jpg 600w, https:\/\/bisbalpenedes.com\/web\/wp-content\/uploads\/2018\/09\/FormatFactoryLLEGUMS-CADUCATS-FONS-EUROPEU-300x200.jpg 300w, https:\/\/bisbalpenedes.com\/web\/wp-content\/uploads\/2018\/09\/FormatFactoryLLEGUMS-CADUCATS-FONS-EUROPEU-768x512.jpg 768w\" sizes=\"(max-width: 630px) 100vw, 630px\" \/><\/a><figcaption id=\"caption-attachment-7132\" class=\"wp-caption-text\"><span style=\"color: #000000;\">Fotografia de part dels aliments caducats provinents del FEAD<\/span><\/figcaption><\/figure>\n<p style=\"padding-left: 30px; text-align: justify;\"><span style=\"color: #000000;\"><a style=\"color: #000000;\" href=\"http:\/\/bisbalpenedes.com\/web\/wp-content\/uploads\/2018\/09\/FormatFactoryLLEGUMS-CADUCATS-FONS-EUROPEU.jpg\">\u00a0<\/a><\/span><\/p>\n<p style=\"padding-left: 30px; text-align: justify;\"><span style=\"color: #000000;\">-Es <strong>donaven molts aliments caducats als usuaris.<\/strong><\/span><\/p>\n<p style=\"padding-left: 30px; text-align: justify;\"><span style=\"color: #000000;\">&#8211;<strong>No es feia cap seguiment detallat dels aliments que es donaven.<\/strong><\/span><\/p>\n<p style=\"padding-left: 30px; text-align: justify;\"><span style=\"color: #000000;\">&#8211;<strong>Hi havia molts envasos de llet en pols per a nadons del programa FEAD 2017 que estaven a punt de caducar<\/strong> i actualment no hi ha cap usuari amb nadons al Banc d\u2019aliments municipal. Des de la Regidoria de Benestar Social<strong> no s\u2019havia fet cap gesti\u00f3 perqu\u00e8 usuaris amb nadons d\u2019altres municipis es poguessin beneficiar <\/strong>d\u2019aquest aliment. El nou regidor de Benestar Social ha iniciat aquestes gestions.<\/span><\/p>\n<p style=\"text-align: justify;\"><span style=\"color: #000000;\">Quant als aliments del Banc d\u2019Aliments de Reus:<\/span><\/p>\n<p style=\"padding-left: 30px; text-align: justify;\"><span style=\"color: #000000;\">-Hi havia <strong>m\u00e9s de 500 paquets d\u2019aliments caducats des del 2014 fins al primer semestre del 2018.<\/strong><\/span><\/p>\n<figure id=\"attachment_7131\" aria-describedby=\"caption-attachment-7131\" style=\"width: 200px\" class=\"wp-caption aligncenter\"><a style=\"color: #000000;\" href=\"http:\/\/bisbalpenedes.com\/web\/wp-content\/uploads\/2018\/09\/FormatFactoryPRODUCTES-CADUCATS-BANC-DALIMENTS-DE-REUS.jpg\"><img loading=\"lazy\" class=\"size-medium wp-image-7131\" src=\"http:\/\/bisbalpenedes.com\/web\/wp-content\/uploads\/2018\/09\/FormatFactoryPRODUCTES-CADUCATS-BANC-DALIMENTS-DE-REUS-200x300.jpg\" alt=\"Fotografia de part dels aliments caducats provinents del FEAD\" width=\"200\" height=\"300\" srcset=\"https:\/\/bisbalpenedes.com\/web\/wp-content\/uploads\/2018\/09\/FormatFactoryPRODUCTES-CADUCATS-BANC-DALIMENTS-DE-REUS-200x300.jpg 200w, https:\/\/bisbalpenedes.com\/web\/wp-content\/uploads\/2018\/09\/FormatFactoryPRODUCTES-CADUCATS-BANC-DALIMENTS-DE-REUS-600x900.jpg 600w, https:\/\/bisbalpenedes.com\/web\/wp-content\/uploads\/2018\/09\/FormatFactoryPRODUCTES-CADUCATS-BANC-DALIMENTS-DE-REUS-768x1152.jpg 768w, https:\/\/bisbalpenedes.com\/web\/wp-content\/uploads\/2018\/09\/FormatFactoryPRODUCTES-CADUCATS-BANC-DALIMENTS-DE-REUS-683x1024.jpg 683w, https:\/\/bisbalpenedes.com\/web\/wp-content\/uploads\/2018\/09\/FormatFactoryPRODUCTES-CADUCATS-BANC-DALIMENTS-DE-REUS.jpg 1200w\" sizes=\"(max-width: 200px) 100vw, 200px\" \/><\/a><figcaption id=\"caption-attachment-7131\" class=\"wp-caption-text\"><span style=\"color: #000000;\">Fotografia de part dels aliments caducats provinents del Banc d&#8217;Aliments de Reus<\/span><\/figcaption><\/figure>\n<p style=\"padding-left: 30px; text-align: justify;\"><span style=\"color: #000000;\">Els membres de l\u2019equip de govern de l\u2019Ajuntament de la Bisbal del Pened\u00e8s considerem que la gesti\u00f3 d\u2019un banc d\u2019aliments ha de ser responsable i que, el servei, ha de gestionar-se amb un control i seguiment exhaustiu. A m\u00e9s, considerem que els c\u00e0rrecs pol\u00edtics no haurien d\u2019encarregar-se del repartiment dels aliments aix\u00ed com pensem que tampoc ho haurien de fer els usuaris que reben aliments i ajuda d\u2019aquest servei. Els membres de l\u2019equip de govern volem un banc d\u2019aliments digne, amb una gesti\u00f3 transparent i despolititzada i, per tot aix\u00f2, treballarem per preparar un reglament que reguli el funcionament d\u2019aquest servei. Per fer possible la redacci\u00f3 del reglament i la gesti\u00f3 del servei, l\u2019Ajuntament contractar\u00e0 un o una jove del programa de Garantia Juvenil.<\/span><\/p>\n<p style=\"text-align: justify;\"><span style=\"color: #000000;\">Mentrestant, s\u2019han establert diverses <strong>normes de funcionament:<\/strong><\/span><\/p>\n<p style=\"padding-left: 30px; text-align: justify;\"><span style=\"color: #000000;\">-El <strong>voluntariat<\/strong> del Banc d\u2019Aliments no podr\u00e0 estar format per <strong>cap persona vinculada directament a cap partit pol\u00edtic.<\/strong><\/span><\/p>\n<p style=\"padding-left: 30px; text-align: justify;\"><span style=\"color: #000000;\">-Els <strong>usuaris del Banc d\u2019Aliments no podran ser, alhora, voluntaris<\/strong>.<\/span><\/p>\n<p style=\"padding-left: 30px; text-align: justify;\"><span style=\"color: #000000;\">&#8211;<strong>No es donar\u00e0 menjar caducat <\/strong>als usuaris.<\/span><\/p>\n<p style=\"padding-left: 30px; text-align: justify;\"><span style=\"color: #000000;\">-El menjar que ha <strong>sobrepassat la data de consum preferent<a style=\"color: #000000;\" href=\"#_ftn1\" name=\"_ftnref1\">[1]<\/a><\/strong> fa menys d\u2019un any, <strong>es deixar\u00e0 a l\u2019entrada perqu\u00e8, els usuaris que el vulguin, el puguin agafar volunt\u00e0riament<\/strong> \u00a0(Segons la informaci\u00f3 que\u00a0trobareu al final d&#8217;aquest text i que tamb\u00e9 trobem en diverses publicacions del Banc dels Aliments: \u201csi un aliment depassa la data de consum preferent, no el llencis. Valora si est\u00e0 en bones condicions. Encara pot ser apte per al consum\u201d). Tot i aix\u00f2, l\u2019equip de govern no inclour\u00e0 aquests productes en les bosses que es preparen per entregar als usuaris. No obstant aix\u00f2, les persones que ho desitgin, podran agafar-los de forma volunt\u00e0ria.<\/span><\/p>\n<p style=\"padding-left: 30px; text-align: justify;\"><span style=\"color: #000000;\">&#8211;<strong>Es prendr\u00e0 nota de tots els aliments que entren i surten<\/strong> del Banc d\u2019Aliments municipal.<\/span><\/p>\n<p style=\"padding-left: 30px; text-align: justify;\"><span style=\"color: #000000;\">&#8211;<strong>No es donaran aliments a usuaris que no tinguin un informe favorable del Consell Comarcal<\/strong> del Baix Pened\u00e8s.<\/span><\/p>\n<p style=\"text-align: justify;\"><span style=\"color: #000000;\">Aquestes mesures s\u2019aniran incorporant al servei durant aquest 2018. Des de l\u2019equip de govern treballem i treballarem conjuntament amb Serveis Socials del Consell Comarcal aix\u00ed com amb altres eines que puguin <strong>dotar d\u2019autosufici\u00e8ncia els usuaris<\/strong> i, aix\u00ed, no hagin de dependre dels serveis socials de forma permanent. Entre aquests serveis si troba el Servei d\u2019Ocupaci\u00f3 Municipal (SOM Bisbal), que facilita la cerca de feina i tamb\u00e9 ofereix formaci\u00f3 continuada als usuaris.<\/span><\/p>\n<p style=\"text-align: justify;\"><span style=\"color: #000000;\">Els membres de l\u2019equip de govern considerem que l\u2019Ajuntament ha d\u2019oferir un servei digne a les persones que passen per mals moments, exactament el que voldr\u00edem per a cadasc\u00fa de nosaltres. El nostre comprom\u00eds \u00e9s oferir un servei digne, despolititzat, responsable i transparent que presti una atenci\u00f3 i un tracte agradable i emp\u00e0tic als usuaris.<\/span><\/p>\n<p style=\"text-align: justify;\"><span style=\"color: #000000;\"><strong>Agn\u00e8s Ferr\u00e9 i Ca\u00f1ellas<\/strong><\/span><\/p>\n<p style=\"text-align: justify;\"><span style=\"color: #000000;\"><strong>Alcaldessa de la Bisbal del Pened\u00e8s<\/strong><\/span><\/p>\n<p style=\"text-align: justify;\"><span style=\"color: #000000;\">Podeu ampliar la informaci\u00f3 aqu\u00ed:<\/span>\u00a0<a href=\"http:\/\/bisbalpenedes.com\/web\/wp-content\/uploads\/2018\/09\/Informacio-relativa-al-funcionament-del-Banc-dAliments-a-partir-del-mes-de-setembre-de-2018.pdf\">Informacio relativa al funcionament del Banc d&#8217;Aliments a partir del mes de setembre de 2018<\/a><\/p>\n<p style=\"text-align: justify;\"><span style=\"color: #000000;\"><a style=\"color: #000000;\" href=\"#_ftnref1\" name=\"_ftn1\">[1]<\/a> En relaci\u00f3 amb les dates de consum preferent i dates de caducitat: El Reial Decret 1334\/1999 de 31 de juliol, pel que s\u2019aprova la Norma General d\u2019Etiquetatge, presentaci\u00f3 i publicitat dels productes alimentaris, separa els conceptes de consum preferent i data de caducitat.<\/span><\/p>\n<p style=\"text-align: justify;\"><span style=\"color: #000000;\"><strong>-La Data de consum preferent<\/strong> \u00e9s la data fins a la qual el fabricant garanteix que l\u2019aliment mant\u00e9 les seves qualitats. Indica una data de consum recomanat, \u00e9s a dir, una data fins a la qual el producte mantindr\u00e0 totes les seves propietats organol\u00e8ptiques (olor, calor, gust, textura\u2026). Superada aquesta data el producte encara es pot consumir, sempre que es comprovi que est\u00e0 en bon estat, i no suposa un perill per a la salut.<\/span><\/p>\n<p style=\"text-align: justify;\"><span style=\"color: #000000;\"><strong>-La Data de caducitat<\/strong> \u00e9s una data determinada per la reglamentaci\u00f3 sanit\u00e0ria. Un cop caducat el producte, podria causar problemes sanitaris, podent suposar un perill per a la salut del consumidor.<\/span><\/p>\n<hr \/>\n<p style=\"text-align: justify;\"><span style=\"color: #000000;\"><strong>COMUNICADO DE ALCALD\u00cdA<\/strong><\/span><\/p>\n<p style=\"text-align: justify;\"><span style=\"color: #000000;\"><strong>Los miembros del equipo de gobierno del Ayuntamiento de la Bisbal del pened\u00e8s denunciamos la existencia de m\u00e1s de 2.000 kg de alimentos caducados en el Banco de alimentos municipal.<\/strong><\/span><\/p>\n<p style=\"text-align: justify;\"><span style=\"color: #000000;\">Los miembros del equipo de gobierno actual queremos dejar claro que nunca hemos querido inmiscuirnos en las concejal\u00edas de Benestar Social y Educaci\u00f3, que eran competencia de la concejala Maguy Antol\u00edn hasta el 6 de agosto pasado y, por este motivo, no ten\u00edamos conocimiento de la situaci\u00f3n que exponemos a continuaci\u00f3n y que consideramos alarmante:<\/span><\/p>\n<p style=\"padding-left: 30px; text-align: justify;\"><span style=\"color: #000000;\">-El Banco de alimentos <strong>no contaba con un inventario<\/strong> de los alimentos existentes<\/span><\/p>\n<p style=\"padding-left: 30px; text-align: justify;\"><span style=\"color: #000000;\"><strong>-Los productos estaban desordenados y mezclados,<\/strong> sin tener en cuenta el tipo de producto y las fechas de caducidad y consumo preferente.<\/span><\/p>\n<p style=\"padding-left: 30px; text-align: justify;\"><span style=\"color: #000000;\">-Hab\u00eda fichas de usuario pero <strong>no se detallaban los productos que recib\u00edan<\/strong> <strong>del Banco de alimentos.<\/strong><\/span><\/p>\n<p style=\"text-align: justify;\"><span style=\"color: #000000;\">En cuanto a los alimentos del programa de ayuda alimentaria del <strong>Fondo de Ayuda Europea para las personas m\u00e1s Desfavorecidas (FEAD):<\/strong><\/span><\/p>\n<p style=\"padding-left: 30px; text-align: justify;\"><span style=\"color: #000000;\">-En el Banco de Alimentos <strong>hab\u00eda m\u00e1s de 1.500 Kg de alimentos caducados<\/strong> con fechas de caducidad de los a\u00f1os 2015, 2016, 2017 y del primer semestre del 2018. El pasado 14 de septiembre, en el marco de una reuni\u00f3n con el equipo de gobierno, el FEAD levant\u00f3 acta dejando constancia, por escrito, de estos datos.<\/span><\/p>\n<figure id=\"attachment_7132\" aria-describedby=\"caption-attachment-7132\" style=\"width: 630px\" class=\"wp-caption aligncenter\"><a style=\"color: #000000;\" href=\"http:\/\/bisbalpenedes.com\/web\/wp-content\/uploads\/2018\/09\/FormatFactoryLLEGUMS-CADUCATS-FONS-EUROPEU.jpg\"><img loading=\"lazy\" class=\"size-large wp-image-7132\" src=\"http:\/\/bisbalpenedes.com\/web\/wp-content\/uploads\/2018\/09\/FormatFactoryLLEGUMS-CADUCATS-FONS-EUROPEU-1024x683.jpg\" alt=\"Fotograf\u00eda de parte de los alimentos caducados que provienen del FEAD\" width=\"630\" height=\"420\" srcset=\"https:\/\/bisbalpenedes.com\/web\/wp-content\/uploads\/2018\/09\/FormatFactoryLLEGUMS-CADUCATS-FONS-EUROPEU-1024x683.jpg 1024w, https:\/\/bisbalpenedes.com\/web\/wp-content\/uploads\/2018\/09\/FormatFactoryLLEGUMS-CADUCATS-FONS-EUROPEU-600x400.jpg 600w, https:\/\/bisbalpenedes.com\/web\/wp-content\/uploads\/2018\/09\/FormatFactoryLLEGUMS-CADUCATS-FONS-EUROPEU-300x200.jpg 300w, https:\/\/bisbalpenedes.com\/web\/wp-content\/uploads\/2018\/09\/FormatFactoryLLEGUMS-CADUCATS-FONS-EUROPEU-768x512.jpg 768w\" sizes=\"(max-width: 630px) 100vw, 630px\" \/><\/a><figcaption id=\"caption-attachment-7132\" class=\"wp-caption-text\"><span style=\"color: #000000;\">Fotograf\u00eda de parte de los alimentos caducados que proven\u00edan del FEAD<\/span><\/figcaption><\/figure>\n<p style=\"padding-left: 30px; text-align: justify;\"><span style=\"color: #000000;\">&#8211;<strong>Se daban muchos alimentos caducados<\/strong> a los usuarios.<\/span><\/p>\n<p style=\"padding-left: 30px; text-align: justify;\"><span style=\"color: #000000;\">&#8211;<strong>No se hac\u00eda ning\u00fan seguimiento detallado<\/strong> de los alimentos que se daban.<\/span><\/p>\n<p style=\"padding-left: 30px; text-align: justify;\"><span style=\"color: #000000;\">-Hab\u00eda <strong>muchos envases de leche en polvo para beb\u00e9s del programa FEAD 2017 que estaban a punto de caducar y actualmente no hay ning\u00fan usuario con beb\u00e9s en el Banco de alimentos municipal.<\/strong> Desde la Regidoria de Benestar Social <strong>no se hab\u00eda hecho ninguna gesti\u00f3n para que los usuarios con beb\u00e9s de otros municipios se pudiesen beneficiar<\/strong> de este alimento. El nuevo concejal de Benestar Social ha inciado estas gestiones.<\/span><\/p>\n<p style=\"text-align: justify;\"><span style=\"color: #000000;\">En cuanto a los alimentos del Banc d&#8217;Aliments de Reus:<\/span><\/p>\n<p style=\"padding-left: 30px; text-align: justify;\"><span style=\"color: #000000;\">&#8211;<strong>Hab\u00eda m\u00e1s de 500 paquetes de alimentos caducados desde el 2014 hasta el primer semestre del 2018.<\/strong><\/span><\/p>\n<figure id=\"attachment_7131\" aria-describedby=\"caption-attachment-7131\" style=\"width: 200px\" class=\"wp-caption aligncenter\"><a style=\"color: #000000;\" href=\"http:\/\/bisbalpenedes.com\/web\/wp-content\/uploads\/2018\/09\/FormatFactoryPRODUCTES-CADUCATS-BANC-DALIMENTS-DE-REUS.jpg\"><img loading=\"lazy\" class=\"size-medium wp-image-7131\" src=\"http:\/\/bisbalpenedes.com\/web\/wp-content\/uploads\/2018\/09\/FormatFactoryPRODUCTES-CADUCATS-BANC-DALIMENTS-DE-REUS-200x300.jpg\" alt=\"Fotograf\u00eda de parte de los alimentos caducados que proven\u00edan del Banc d'Aliments de Reus\" width=\"200\" height=\"300\" srcset=\"https:\/\/bisbalpenedes.com\/web\/wp-content\/uploads\/2018\/09\/FormatFactoryPRODUCTES-CADUCATS-BANC-DALIMENTS-DE-REUS-200x300.jpg 200w, https:\/\/bisbalpenedes.com\/web\/wp-content\/uploads\/2018\/09\/FormatFactoryPRODUCTES-CADUCATS-BANC-DALIMENTS-DE-REUS-600x900.jpg 600w, https:\/\/bisbalpenedes.com\/web\/wp-content\/uploads\/2018\/09\/FormatFactoryPRODUCTES-CADUCATS-BANC-DALIMENTS-DE-REUS-768x1152.jpg 768w, https:\/\/bisbalpenedes.com\/web\/wp-content\/uploads\/2018\/09\/FormatFactoryPRODUCTES-CADUCATS-BANC-DALIMENTS-DE-REUS-683x1024.jpg 683w, https:\/\/bisbalpenedes.com\/web\/wp-content\/uploads\/2018\/09\/FormatFactoryPRODUCTES-CADUCATS-BANC-DALIMENTS-DE-REUS.jpg 1200w\" sizes=\"(max-width: 200px) 100vw, 200px\" \/><\/a><figcaption id=\"caption-attachment-7131\" class=\"wp-caption-text\"><span style=\"color: #000000;\">Fotograf\u00eda de parte de los alimentos caducados que proven\u00edan del Banc d&#8217;Aliments de Reus<\/span><\/figcaption><\/figure>\n<p style=\"text-align: justify;\"><span style=\"color: #000000;\">Los miembros del equipo de gobierno del Ayuntamiento de la Bisbal del Pened\u00e8s consideramos que la gesti\u00f3n de un banco de alimentos debe ser responsalbe y que , el servicio, debe gestionarse con un control y seguimiento exhaustivo. Adem\u00e1s, consideramos que los cargos pol\u00edticos no deber\u00edan encargarse del reparto de alimentos as\u00ed como pensamos que tampoco no deber\u00edan hacerlo los usuarios que reciben alimentos y ayuda de este servicio. Los miembros del equipo de gobierno queremos un banco de alimentos digno, con una gesti\u00f3n transparente y despolitizada y, por todo ello, trabajaremos para preparar un reglamento que regule el funcionamiento de este servicio. Para hacer posible la redacci\u00f3n del reglamento y la gesti\u00f3n del servicio, el Ayuntamiento contratar\u00e1 un o una joven del programa de Garant\u00eda Juvenil.<\/span><\/p>\n<p style=\"text-align: justify;\"><span style=\"color: #000000;\">Por el momento, se han establecido varias <strong>normas de funcionamiento:<\/strong><\/span><\/p>\n<p style=\"padding-left: 30px; text-align: justify;\"><span style=\"color: #000000;\">-El <strong>voluntariado<\/strong> del Banco de Alimentos no podr\u00e1 estar formado por <strong>ninguna persona vinculada directamente a ning\u00fan partido pol\u00edtico.<\/strong><\/span><\/p>\n<p style=\"padding-left: 30px; text-align: justify;\"><span style=\"color: #000000;\">-Los <strong>usuarios<\/strong> del Banco de Alimentos <strong>no podr\u00e1n ser, a la vez, voluntarios.<\/strong><\/span><\/p>\n<p style=\"padding-left: 30px; text-align: justify;\"><span style=\"color: #000000;\">&#8211;<strong>No se dar\u00e1 comida caducada<\/strong> a los usuarios.<\/span><\/p>\n<p style=\"padding-left: 30px; text-align: justify;\"><span style=\"color: #000000;\">-La comida que haya <strong>sobrepasado la fecha de consumo preferente<\/strong>\u00a0<strong><a style=\"color: #000000;\" href=\"#_ftn1\" name=\"_ftnref1\">[1]<\/a><\/strong>\u00a0hace menos de un a\u00f1o, se dejar\u00e1 en la entrada para qu\u00e9, los usuarios que quieran, la puedan coger voluntariamente (Seg\u00fan la informaci\u00f3n que encontrar\u00e9is al pie de este texto\u00a0y que tambi\u00e9n pod\u00e9is encontrar en varias publicaciones del Banc d&#8217;Aliments: &#8220;si un alimento supera la fecha de consumo preferente, no lo tires. Valora si est\u00e1 en buenas condiciones. Todav\u00eda puede ser apto para el consumo&#8221;). Aun as\u00ed, el equipo de gobierno no incluir\u00e1 estos productos en las bolsas que se preparan para entregar a los usuarios. No obstante, las personas que lo deseen, podr\u00e1n cogerlos de forma voluntaria.<\/span><\/p>\n<p style=\"padding-left: 30px; text-align: justify;\"><span style=\"color: #000000;\"><strong>-Se tomar\u00e1 nota de todos los alimentos que entren y salgan<\/strong> del Banco de Alimentos municipal.<\/span><\/p>\n<p style=\"padding-left: 30px; text-align: justify;\"><span style=\"color: #000000;\"><strong>-No se dar\u00e1n alimentos a usuarios que no tengan un informe favorable del Consell Comarcal<\/strong> del Baix Pened\u00e8s.<\/span><\/p>\n<p style=\"text-align: justify;\"><span style=\"color: #000000;\">Estas medidas se ir\u00e1n incorporando al servicio durante este a\u00f1o 2018. Desde el equipo de gobierno trabajamos y trabajaremos conjuntamente con Servicios Sociales del Consell Comarcal as\u00ed como con otras herramientas que puedan dotar de autosuficiencia a los usuarios y, as\u00ed, no tengan que depender de los servicios sociales de forma permanente. Entre estos servicios se encuentra el Servei d&#8217;Ocupaci\u00f3 Municipal (SOM Bisbal), que facilita la b\u00fasqueda de empleo y tambi\u00e9n ofrece formaci\u00f3n continua a los usuarios.<\/span><\/p>\n<p style=\"text-align: justify;\"><span style=\"color: #000000;\">Los miembros del equipo de gobierno consideramos que el Ayuntamiento debe ofrecer un servicio digno a las personas que pasan por malos momentos, exactamente lo que querr\u00edamos para cada uno de nosotros. Nuestro compromiso es ofrecer un servicio digno, despolitizado, responsable y transparente que preste una atenci\u00f3n y un trato agradable y emp\u00e1tico a los usuarios.<\/span><\/p>\n<p style=\"text-align: justify;\"><span style=\"color: #000000;\"><strong>Agn\u00e8s Ferr\u00e9 i Ca\u00f1ellas<\/strong><\/span><\/p>\n<p style=\"text-align: justify;\"><span style=\"color: #000000;\"><strong>Alcaldesa de la Bisbal del Pened\u00e8s<\/strong><\/span><\/p>\n<p style=\"text-align: justify;\"><span style=\"color: #000000;\">Pod\u00e9is ampliar la informaci\u00f3n aqu\u00ed:\u00a0<a href=\"http:\/\/bisbalpenedes.com\/web\/wp-content\/uploads\/2018\/09\/Informacion-relativa-al-funcionamento-del-Banc-dAliments-a-partir-del-mes-de-septimbre-del-2018.pdf\">Informacion relativa al funcionamento del Banc d&#8217;Aliments a partir del mes de septimbre del 2018<\/a><\/span><\/p>\n<p style=\"text-align: justify;\"><span style=\"color: #000000;\"><a style=\"color: #000000;\" href=\"#_ftnref1\" name=\"_ftn1\">[1]<\/a>\u00a0En relaci\u00f3n a las fechas de consumo preferente y fechas de caducidad: El Real Decreto 1334\/1999 de 31 de julio, por el que se aprueba la Norma General de Etiquetaje, presentaci\u00f3n y publicidad de productos alimentarios, separa los conceptos de consumo preferente y fecha de caducidad.<\/span><\/p>\n<p style=\"text-align: justify;\"><span style=\"color: #000000;\"><strong>-La Fecha de consumo preferente<\/strong> es la fecha hasta la que el fabricante garantiza que el alimento mantiene sus cualidades. Indica una fecha de consumo recomendado, es decir, una fecha hasta la cual el producto\u00a0 mantendr\u00e1 todas sus propiedades organol\u00e9pticas (olor, color, gusto, textura\u2026). Superada esta fecha el producto todav\u00eda se puede consumir, siempre que se compruebe que est\u00e1 en buen estado, y no supone un peligro para la salud.<\/span><\/p>\n<p style=\"text-align: justify;\"><span style=\"color: #000000;\"><strong>-La Fecha de caducidad<\/strong> es una fecha determinada por la reglamentaci\u00f3n sanitaria. Una vez caducado el producto, podr\u00eda causar problemas sanitarios, pudiendo suponer un peligro para la salud del consumidor.<\/span><\/p>\n","protected":false},"excerpt":{"rendered":"<p>COMUNICAT D\u2019ALCALDIA Els membres de l\u2019equip de govern de l\u2019Ajuntament de la Bisbal del Pened\u00e8s denunciem l\u2019exist\u00e8ncia de m\u00e9s de 2.000 kg d\u2019aliments caducats al Banc d\u2019aliments municipal Els membres &hellip; <a href=\"https:\/\/bisbalpenedes.com\/web\/2018\/09\/27\/comunicat-dalcaldia-lequip-de-govern-denuncia-que-al-local-el-banc-daliments-hi-havia-mes-de-2-000-kg-daliments-caducats\/\" class=\"more-link\">Read More<\/a><\/p>\n","protected":false},"author":4,"featured_media":7131,"comment_status":"closed","ping_status":"closed","sticky":false,"template":"","format":"standard","meta":[],"categories":[975],"tags":[2043,1836,1467,2374,2372,2371,2373,1017,475,794,271],"_links":{"self":[{"href":"https:\/\/bisbalpenedes.com\/web\/wp-json\/wp\/v2\/posts\/7128"}],"collection":[{"href":"https:\/\/bisbalpenedes.com\/web\/wp-json\/wp\/v2\/posts"}],"about":[{"href":"https:\/\/bisbalpenedes.com\/web\/wp-json\/wp\/v2\/types\/post"}],"author":[{"embeddable":true,"href":"https:\/\/bisbalpenedes.com\/web\/wp-json\/wp\/v2\/users\/4"}],"replies":[{"embeddable":true,"href":"https:\/\/bisbalpenedes.com\/web\/wp-json\/wp\/v2\/comments?post=7128"}],"version-history":[{"count":12,"href":"https:\/\/bisbalpenedes.com\/web\/wp-json\/wp\/v2\/posts\/7128\/revisions"}],"predecessor-version":[{"id":7149,"href":"https:\/\/bisbalpenedes.com\/web\/wp-json\/wp\/v2\/posts\/7128\/revisions\/7149"}],"wp:featuredmedia":[{"embeddable":true,"href":"https:\/\/bisbalpenedes.com\/web\/wp-json\/wp\/v2\/media\/7131"}],"wp:attachment":[{"href":"https:\/\/bisbalpenedes.com\/web\/wp-json\/wp\/v2\/media?parent=7128"}],"wp:term":[{"taxonomy":"category","embeddable":true,"href":"https:\/\/bisbalpenedes.com\/web\/wp-json\/wp\/v2\/categories?post=7128"},{"taxonomy":"post_tag","embeddable":true,"href":"https:\/\/bisbalpenedes.com\/web\/wp-json\/wp\/v2\/tags?post=7128"}],"curies":[{"name":"wp","href":"https:\/\/api.w.org\/{rel}","templated":true}]}}