{"id":7125,"date":"2018-09-27T16:46:42","date_gmt":"2018-09-27T15:46:42","guid":{"rendered":"http:\/\/bisbalpenedes.com\/web\/?p=7125"},"modified":"2018-09-27T16:47:01","modified_gmt":"2018-09-27T15:47:01","slug":"sacaba-lestiu-i-torna-la-cova-jove","status":"publish","type":"post","link":"https:\/\/bisbalpenedes.com\/web\/2018\/09\/27\/sacaba-lestiu-i-torna-la-cova-jove\/","title":{"rendered":"S&#8217;acaba l&#8217;estiu&#8230; i torna La Cova Jove!"},"content":{"rendered":"<p><a href=\"http:\/\/bisbalpenedes.com\/web\/wp-content\/uploads\/2018\/09\/Cova-Jove.jpg\"><img loading=\"lazy\" class=\"aligncenter size-medium wp-image-7126\" src=\"http:\/\/bisbalpenedes.com\/web\/wp-content\/uploads\/2018\/09\/Cova-Jove-212x300.jpg\" alt=\"Cova-Jove\" width=\"212\" height=\"300\" srcset=\"https:\/\/bisbalpenedes.com\/web\/wp-content\/uploads\/2018\/09\/Cova-Jove-212x300.jpg 212w, https:\/\/bisbalpenedes.com\/web\/wp-content\/uploads\/2018\/09\/Cova-Jove-600x849.jpg 600w, https:\/\/bisbalpenedes.com\/web\/wp-content\/uploads\/2018\/09\/Cova-Jove-768x1086.jpg 768w, https:\/\/bisbalpenedes.com\/web\/wp-content\/uploads\/2018\/09\/Cova-Jove-724x1024.jpg 724w, https:\/\/bisbalpenedes.com\/web\/wp-content\/uploads\/2018\/09\/Cova-Jove-scaled.jpg 1810w\" sizes=\"(max-width: 212px) 100vw, 212px\" \/><\/a><\/p>\n<p><span style=\"color: #000000;\">Joves! A partir del dia 1 d&#8217;octubre podeu tornar a gaudir de &#8216;La Cova Jove&#8217; de la Bisbal. La trobareu oberta els dilluns i els dimecres de 16.30h a 20.00h al CMC. <\/span><\/p>\n<p><span style=\"color: #000000;\">&#8216;La Cova Jove&#8217; \u00e9s un espai obert on el jovent pot gaudir de diverses activitats d\u2019oci (jocs de taula, videojocs&#8230;) i tallers. A m\u00e9s, s\u2019hi pot trobar informaci\u00f3 sobre orientaci\u00f3 acad\u00e8mica, emancipaci\u00f3 o lleure, entre altres. <\/span><\/p>\n<p><span style=\"color: #000000;\">&#8216;La Cova Jove\u2019 \u00e9s un projecte de la Regidoria de Joventut de l\u2019Ajuntament de la Bisbal del Pened\u00e8s. Podeu trobar m\u00e9s informaci\u00f3 sobre la iniciativa a Instagram: <a style=\"color: #000000;\" href=\"https:\/\/www.instagram.com\/lacovajovebisbal\/\">@LaCovaJoveBisbal<\/a>.<\/span><\/p>\n<hr \/>\n<p><span style=\"color: #000000;\">\u00a1J\u00f3venes! A partir del d\u00eda 1 de octubre pod\u00e9is volver a disfrutar de &#8216;La Cova Jove&#8217; de la Bisbal. La encontrar\u00e9is abierta los lunes y los mi\u00e9rcoles de 16.30h a 20.00h en el CMC.<\/span><\/p>\n<p><span style=\"color: #000000;\">&#8216;La Cova Jove&#8217; es un espacio abierto donde la juventud puede disfrutar de varias actividades de ocio (juegos de mesa, videojuegos&#8230;) y talleres. Adem\u00e1s, se puede encontrar informaci\u00f3n sobre orientaci\u00f3n acad\u00e9mica, emancipaci\u00f3n o tiempo libre, entre otras cosas. <\/span><\/p>\n<p><span style=\"color: #000000;\">&#8216;La Cova Jove&#8217; es un proyecto de la Regidoria de Joventut del Ayuntamiento de la Bisbal del Pened\u00e8s. Pod\u00e9is encontrar m\u00e1s informaci\u00f3n sobre la iniciativa en instagram: <a style=\"color: #000000;\" href=\"https:\/\/www.instagram.com\/lacovajovebisbal\/\">@LaCovaJoveBisbal<\/a>.<\/span><\/p>\n","protected":false},"excerpt":{"rendered":"<p>Joves! A partir del dia 1 d&#8217;octubre podeu tornar a gaudir de &#8216;La Cova Jove&#8217; de la Bisbal. La trobareu oberta els dilluns i els dimecres de 16.30h a 20.00h &hellip; <a href=\"https:\/\/bisbalpenedes.com\/web\/2018\/09\/27\/sacaba-lestiu-i-torna-la-cova-jove\/\" class=\"more-link\">Read More<\/a><\/p>\n","protected":false},"author":4,"featured_media":7126,"comment_status":"closed","ping_status":"closed","sticky":false,"template":"","format":"standard","meta":[],"categories":[1486],"tags":[230,226,1481,210],"_links":{"self":[{"href":"https:\/\/bisbalpenedes.com\/web\/wp-json\/wp\/v2\/posts\/7125"}],"collection":[{"href":"https:\/\/bisbalpenedes.com\/web\/wp-json\/wp\/v2\/posts"}],"about":[{"href":"https:\/\/bisbalpenedes.com\/web\/wp-json\/wp\/v2\/types\/post"}],"author":[{"embeddable":true,"href":"https:\/\/bisbalpenedes.com\/web\/wp-json\/wp\/v2\/users\/4"}],"replies":[{"embeddable":true,"href":"https:\/\/bisbalpenedes.com\/web\/wp-json\/wp\/v2\/comments?post=7125"}],"version-history":[{"count":1,"href":"https:\/\/bisbalpenedes.com\/web\/wp-json\/wp\/v2\/posts\/7125\/revisions"}],"predecessor-version":[{"id":7127,"href":"https:\/\/bisbalpenedes.com\/web\/wp-json\/wp\/v2\/posts\/7125\/revisions\/7127"}],"wp:featuredmedia":[{"embeddable":true,"href":"https:\/\/bisbalpenedes.com\/web\/wp-json\/wp\/v2\/media\/7126"}],"wp:attachment":[{"href":"https:\/\/bisbalpenedes.com\/web\/wp-json\/wp\/v2\/media?parent=7125"}],"wp:term":[{"taxonomy":"category","embeddable":true,"href":"https:\/\/bisbalpenedes.com\/web\/wp-json\/wp\/v2\/categories?post=7125"},{"taxonomy":"post_tag","embeddable":true,"href":"https:\/\/bisbalpenedes.com\/web\/wp-json\/wp\/v2\/tags?post=7125"}],"curies":[{"name":"wp","href":"https:\/\/api.w.org\/{rel}","templated":true}]}}