{"id":7117,"date":"2018-09-27T11:02:11","date_gmt":"2018-09-27T10:02:11","guid":{"rendered":"http:\/\/bisbalpenedes.com\/web\/?p=7117"},"modified":"2018-09-27T11:16:35","modified_gmt":"2018-09-27T10:16:35","slug":"el-festival-internacional-de-cinema-fantastic-de-catalunya-projectara-un-curt-dirigit-per-un-bisbalenc","status":"publish","type":"post","link":"https:\/\/bisbalpenedes.com\/web\/2018\/09\/27\/el-festival-internacional-de-cinema-fantastic-de-catalunya-projectara-un-curt-dirigit-per-un-bisbalenc\/","title":{"rendered":"El Festival Internacional de Cinema Fant\u00e0stic de Catalunya projectar\u00e0 un curt enregistrat al Poliesportiu Municipal sota la direcci\u00f3 del bisbalenc Toni Villaz\u00e1n"},"content":{"rendered":"<p style=\"text-align: justify;\"><a href=\"http:\/\/bisbalpenedes.com\/web\/wp-content\/uploads\/2018\/09\/ZOLEN-FILMS-2.jpg\"><img loading=\"lazy\" class=\"aligncenter size-full wp-image-7119\" src=\"http:\/\/bisbalpenedes.com\/web\/wp-content\/uploads\/2018\/09\/ZOLEN-FILMS-2.jpg\" alt=\"ZOLEN FILMS 2\" width=\"541\" height=\"305\" srcset=\"https:\/\/bisbalpenedes.com\/web\/wp-content\/uploads\/2018\/09\/ZOLEN-FILMS-2.jpg 541w, https:\/\/bisbalpenedes.com\/web\/wp-content\/uploads\/2018\/09\/ZOLEN-FILMS-2-300x169.jpg 300w\" sizes=\"(max-width: 541px) 100vw, 541px\" \/><\/a><a href=\"http:\/\/bisbalpenedes.com\/web\/wp-content\/uploads\/2018\/09\/ZOLEN-FILMS-2.jpg\"><br \/>\n<\/a><\/p>\n<p style=\"text-align: justify;\"><span style=\"color: #000000;\"><strong>El Festival Internacional de Cinema Fant\u00e0stic de Catalunya projectar\u00e0 el curt \u2018Match!\u2019 de Zolen Films, dirigit per Toni Villaz\u00e1n.<\/strong><\/span><\/p>\n<p style=\"text-align: justify;\"><span style=\"color: #000000;\">El <a style=\"color: #000000;\" href=\"https:\/\/sitgesfilmfestival.com\/cat\/film?id=10005696\">Festival Internacional de Cinema Fant\u00e0stic de Catalunya<\/a>, que se celebrar\u00e0 a Sitges del 4 al 14 d\u2019octubre, projectar\u00e0 el curt \u2018Match!\u2019 de Zolen Films el dia 4 d\u2019octubre a les 16h a la Sessi\u00f3 Especial Curts. \u2018Match!\u2019 \u00e9s una producci\u00f3 de 17 minuts dirigida pel bisbalenc Toni Villaz\u00e1n sota la producci\u00f3 de Zolen Films i Dilaina Studio de Calafell. Segons Villaz\u00e1n, el curtmetratge gira entorn d\u2019una cita en una app per lligar i fer contactes i \u201cel que penses que pot ser una nit de disbauxa es converteix en una cosa violenta\u201d. El director ha explicat que \u201cper a nosaltres ser en aquest festival \u00e9s un reconeixement molt important no nom\u00e9s a aquest curtmetratge sin\u00f3 tamb\u00e9 a la nostra traject\u00f2ria. Poder anar a un festival internacional i seure a una butaca a veure la teva pr\u00f2pia pel\u00b7l\u00edcula \u00e9s un gran premi\u201d.<\/span><\/p>\n<p style=\"text-align: justify;\"><span style=\"color: #000000;\">La gravaci\u00f3 d\u2019aquest curtmetratge es va dur a terme a la Bisbal del Pened\u00e8s, concretament al soterrani del Poliesportiu Municipal. La gravaci\u00f3 es va dur a terme en els mesos d\u2019agost i setembre de 2017 i el muntatge es va finalitzar el febrer de 2018. Una de les caracter\u00edstiques principals d\u2019aquesta producci\u00f3 \u00e9s que est\u00e0 gravada en pla seq\u00fc\u00e8ncia, una modalitat d\u2019enregistrament que dota de realisme les escenes i que aconsegueix la continu\u00eftat de l\u2019acci\u00f3 fent un seguiment d\u2019aquesta amb la c\u00e0mera i no pas amb el muntatge i l\u2019edici\u00f3 posterior.<\/span><\/p>\n<p style=\"text-align: justify;\"><span style=\"color: #000000;\">L\u2019equip de Zolen Films va engegar l\u2019any 2011 i, fins a la data, ha enregistrat 3 llargmetratges i 5 curtmetratges propis, tot i que tamb\u00e9 ha col\u00b7laborat en altres projectes. \u00a0Recentment ha rebut dos premis: el curtmetratge <a style=\"color: #000000;\" href=\"https:\/\/www.youtube.com\/watch?v=_JCqBSjctZg\">\u201cCaf\u00e9 solo\u201d<\/a> va rebre el premi a millor direcci\u00f3 i va estar nominat al millor curtmetratge al Festival Internacional de Bogot\u00e1 (2018) i, d\u2019altra banda, la producci\u00f3 <a style=\"color: #000000;\" href=\"https:\/\/www.youtube.com\/watch?v=KFnZfCeKKVo&amp;feature=youtu.be\">\u2018Una mirada de Pau\u2019<\/a>, que Zolen Films va realitzar amb els alumnes i els mestres de l\u2019Escola \u00c0ngel Guimer\u00e0 del Vendrell, va guanyar el Premi a Millor Curtmetratge de Centres Educatius del Festival Internacional de Cinema en Catal\u00e0 (2018).<\/span><\/p>\n<p style=\"text-align: justify;\"><span style=\"color: #000000;\">M\u00e9s enll\u00e0 dels premis, el curmetratge \u2018Match!\u2019 ha format i formar\u00e0 part, pr\u00f2ximament, de la selecci\u00f3 oficial de diversos festivals. Aix\u00ed, a banda de la projecci\u00f3 que es far\u00e0 al Festival Internacional de Sitges el pr\u00f2xim 4 d\u2019octubre a les 16h, tamb\u00e9 ser\u00e0 projectat a Som Cinema (Festival de l\u2019audiovisual catal\u00e0), que se celebrar\u00e0 del 17 al 21 d\u2019octubre a Lleida, i ha format part de la selecci\u00f3 oficial de festivals celebrats arreu del m\u00f3n, com ara a l\u2019\u00cdndia o M\u00e8xic.<\/span><\/p>\n<hr \/>\n<p style=\"text-align: justify;\"><span style=\"color: #000000;\"><strong>El Festival Internacional de Cinema Fant\u00e0stic de Catalunya proyectar\u00e1 el corto &#8216;Match!&#8217; de Zolen Films, dirigido por Toni Villaz\u00e1n.<\/strong><\/span><\/p>\n<p style=\"text-align: justify;\"><span style=\"color: #000000;\">El\u00a0<a style=\"color: #000000;\" href=\"https:\/\/sitgesfilmfestival.com\/cat\/film?id=10005696\">Festival Internacional de Cinema Fant\u00e0stic de Catalunya<\/a>, que se celebrar\u00e1 en Sitges del 4 al 14 de octubre, proyectar\u00e1 el corto &#8216;Match!&#8217; de Zolen Films el d\u00eda 4 de octubre a las 16h en la Sesi\u00f3n Especial Cortos. &#8216;Match!&#8217; es una producci\u00f3n de 17 minutos dirigida por el bisbalenc Toni Villaz\u00e1n bajo la producci\u00f3n de Zolen Films y Dilaina Studio de Calafell. Seg\u00fan Villaz\u00e1n, el cortometraje gira entrono a una cita en una app para ligar y hacer contactos y &#8220;lo que piensas que puede ser una noche de juerga se convierte en una cosa violenta&#8221;. El director ha explicado que &#8220;para nosotros estar en este festival es un reconocimiento muy importante no solo a este cortometraje sino tambi\u00e9n a nuestra trayectoria. Poder ir a un festival internacional y sentarte en una butaca a ver tu propia pel\u00edcula es un gran premio&#8221;.<\/span><\/p>\n<p style=\"text-align: justify;\"><span style=\"color: #000000;\">La grabaci\u00f3n de este cortometraje se llev\u00f3 a cabo en la Bisbal del Pened\u00e8s, concretamente en el subterr\u00e1neo del Polideportivo Municipal. La grabaci\u00f3n se hizo durante los meses de agosto y septiembre del 2017 y el montaje se finaliz\u00f3 en febrero del 2018. Una de las caracter\u00edsticas principales de esta producci\u00f3n es que est\u00e1 grabada en plano secuencia, una modalidad de grabaci\u00f3n que dota de realismo las escenas y que consigue la continuidad de la acci\u00f3n haciendo un seguimiento de esta con la c\u00e1mara y no con el montaje y la edici\u00f3n posterior.<\/span><\/p>\n<p style=\"text-align: justify;\"><span style=\"color: #000000;\">El equipo de Zolen Films empez\u00f3 a trabajar en el a\u00f1o 2011 y, hasta la fecha, ha grabado 3 largometrajes y 5 cortometrajes propios, aunque tambi\u00e9n ha colaborado en otros proyectos. Recientemente ha recibido dos premios: el cortometraje\u00a0<a style=\"color: #000000;\" href=\"https:\/\/www.youtube.com\/watch?v=_JCqBSjctZg\">\u201cCaf\u00e9 solo\u201d<\/a>\u00a0recibi\u00f3 el premio a mejor direcci\u00f3n y estuvo no minado en la categor\u00eda de mejor cortometraje en el Festival Internacional de Bogot\u00e1 (2018) y, por otro lado, la producci\u00f3n\u00a0<a style=\"color: #000000;\" href=\"https:\/\/www.youtube.com\/watch?v=KFnZfCeKKVo&amp;feature=youtu.be\">\u2018Una mirada de Pau\u2019<\/a>,\u00a0que Zolen Films realiz\u00f3 junto con los alumnos y los maestros de la Escola \u00c0ngel Guimer\u00e0 del Vendrell, gan\u00f3 el Premi a Millor Curtmetratge de Centres Educatius del Festival Internacional de Cinema en Catal\u00e0 (2018).<\/span><\/p>\n<p style=\"text-align: justify;\"><span style=\"color: #000000;\">M\u00e1s all\u00e1 de los premios, el cortometraje &#8216;Match!&#8217; ha formado y formar\u00e1 parte, pr\u00f3ximamente, de la selecci\u00f3n oficial de varios festivales. As\u00ed, a parte de la proyecci\u00f3n que se har\u00e1 en el Festival Internacional de Sitges el pr\u00f3ximo 4 de octubre a las 16h, tambi\u00e9n ser\u00e1 proyectado en Som Cinema (Festival de l&#8217;audiovisual catal\u00e0), que se celebrar\u00e1 del 17 al 21 de octubre en Lleida, y ha formado parte de la selecci\u00f3n oficial de festivales celebrados en varios lugares del mundo, como por ejemplo la India o M\u00e9xico.<\/span><\/p>\n<p>&nbsp;<\/p>\n<p>&nbsp;<\/p>\n<p>&nbsp;<\/p>\n","protected":false},"excerpt":{"rendered":"<p>El Festival Internacional de Cinema Fant\u00e0stic de Catalunya projectar\u00e0 el curt \u2018Match!\u2019 de Zolen Films, dirigit per Toni Villaz\u00e1n. El Festival Internacional de Cinema Fant\u00e0stic de Catalunya, que se celebrar\u00e0 &hellip; <a href=\"https:\/\/bisbalpenedes.com\/web\/2018\/09\/27\/el-festival-internacional-de-cinema-fantastic-de-catalunya-projectara-un-curt-dirigit-per-un-bisbalenc\/\" class=\"more-link\">Read More<\/a><\/p>\n","protected":false},"author":4,"featured_media":7118,"comment_status":"closed","ping_status":"closed","sticky":false,"template":"","format":"standard","meta":[],"categories":[13],"tags":[2367,2369,2368,771,483,178,2366,2365],"_links":{"self":[{"href":"https:\/\/bisbalpenedes.com\/web\/wp-json\/wp\/v2\/posts\/7117"}],"collection":[{"href":"https:\/\/bisbalpenedes.com\/web\/wp-json\/wp\/v2\/posts"}],"about":[{"href":"https:\/\/bisbalpenedes.com\/web\/wp-json\/wp\/v2\/types\/post"}],"author":[{"embeddable":true,"href":"https:\/\/bisbalpenedes.com\/web\/wp-json\/wp\/v2\/users\/4"}],"replies":[{"embeddable":true,"href":"https:\/\/bisbalpenedes.com\/web\/wp-json\/wp\/v2\/comments?post=7117"}],"version-history":[{"count":5,"href":"https:\/\/bisbalpenedes.com\/web\/wp-json\/wp\/v2\/posts\/7117\/revisions"}],"predecessor-version":[{"id":7124,"href":"https:\/\/bisbalpenedes.com\/web\/wp-json\/wp\/v2\/posts\/7117\/revisions\/7124"}],"wp:featuredmedia":[{"embeddable":true,"href":"https:\/\/bisbalpenedes.com\/web\/wp-json\/wp\/v2\/media\/7118"}],"wp:attachment":[{"href":"https:\/\/bisbalpenedes.com\/web\/wp-json\/wp\/v2\/media?parent=7117"}],"wp:term":[{"taxonomy":"category","embeddable":true,"href":"https:\/\/bisbalpenedes.com\/web\/wp-json\/wp\/v2\/categories?post=7117"},{"taxonomy":"post_tag","embeddable":true,"href":"https:\/\/bisbalpenedes.com\/web\/wp-json\/wp\/v2\/tags?post=7117"}],"curies":[{"name":"wp","href":"https:\/\/api.w.org\/{rel}","templated":true}]}}