{"id":7087,"date":"2018-09-21T09:07:23","date_gmt":"2018-09-21T08:07:23","guid":{"rendered":"http:\/\/bisbalpenedes.com\/web\/?p=7087"},"modified":"2018-09-21T09:14:18","modified_gmt":"2018-09-21T08:14:18","slug":"lequip-de-govern-considera-inadmissible-la-manca-de-reaccio-de-la-companyia-aqualia-i-considera-que-es-tracta-duna-negligencia-greu-per-part-de-lempresa","status":"publish","type":"post","link":"https:\/\/bisbalpenedes.com\/web\/2018\/09\/21\/lequip-de-govern-considera-inadmissible-la-manca-de-reaccio-de-la-companyia-aqualia-i-considera-que-es-tracta-duna-negligencia-greu-per-part-de-lempresa\/","title":{"rendered":"L&#8217;Equip de Govern considera inadmissible la manca de reacci\u00f3 de la companyia Aqualia i considera que es tracta d&#8217;una neglig\u00e8ncia greu per part de l&#8217;empresa"},"content":{"rendered":"<p><span style=\"color: #000000;\"><strong>COMUNICAT DE L&#8217;EQUIP DE GOVERN DE L&#8217;AJUNTAMENT DE LA BISBAL DEL PENED\u00c8S SOBRE EL SERVEI QUE PRESTA AQUALIA AL MUNICIPI<\/strong><\/span><\/p>\n<p><span style=\"color: #000000;\">El nucli de la Bisbal, l\u2019Ortig\u00f3s i els pol\u00edgons industrials del municipi han patit manca de servei del subministrament d\u2019aigua des del dimecres 19 de setembre a les 6 del mat\u00ed fins al dijous 20 de setembre a mitja tarda.<\/span><\/p>\n<p><span style=\"color: #000000;\">La companyia Aqualia va avisar, el dimarts a la tarda, que dimecres al mat\u00ed canviaria el bombeig del pou del Many\u00e9 afirmant que aix\u00f2 no suposaria cap problema greu de subministrament i que, com a molt, hi hauria un tall puntual i de poca durada el dimecres al migdia. La realitat va ser molt diferent: dimecres a les 6 del mat\u00ed el pou del Priorat estava buit perqu\u00e8 el bombeig del pou del Many\u00e9 no funcionava des de dimarts i, la previsi\u00f3 que tenien que l\u2019aigua del dip\u00f2sit era suficient fins que la bomba estigu\u00e9s arreglada, no es va complir.<\/span><\/p>\n<p><span style=\"color: #000000;\">Segons la companyia, despr\u00e9s d\u2019arreglar el bombeig el dimecres a la tarda, es va comen\u00e7ar a bombar aigua cap al dip\u00f2sit del Priorat per\u00f2, a causa de les hores que van estar les canonades buides, es van formar bosses d\u2019aire que van fer que l\u2019aigua no arrib\u00e9s. Per aquest motiu, segons Aqualia, el municipi va estar gaireb\u00e9 24 hores traient bosses d\u2019aire de les canonades fins que dijous a la tarda es va restablir el servei.<\/span><\/p>\n<p><span style=\"color: #000000;\">Des de l\u2019equip de govern, volem fer saber que les actuals infraestructures de l\u2019aigua no han contribu\u00eft al bon servei, com tampoc ho han fet les seg\u00fcents decisions de l\u2019anterior equip de govern:<\/span><\/p>\n<p style=\"padding-left: 30px;\"><span style=\"color: #000000;\">-El mal disseny de la xarxa d\u2019aigua que surt del dip\u00f2sit del Priorat i va al nucli, l\u2019Ortig\u00f3s i els pol\u00edgons, sense que hi hagi cap m\u00e9s dip\u00f2sit.<\/span><\/p>\n<p style=\"padding-left: 30px;\"><span style=\"color: #000000;\">-El fet que no hi hagi cap connexi\u00f3 directa del dip\u00f2sit del Priorat al barri de la Riba, el barri bisbalenc m\u00e9s proper al Priorat de la Bisbal.<\/span><\/p>\n<p style=\"padding-left: 30px;\"><span style=\"color: #000000;\">-La construcci\u00f3 de l\u2019esmentat dip\u00f2sit del Priorat sense telecontrol instal\u00b7lat, una decisi\u00f3 inadmissible tenint en compte que va costar 1.500.000\u20ac.<\/span><\/p>\n<p style=\"padding-left: 30px;\"><span style=\"color: #000000;\">-L\u2019anterior equip de govern va renunciar a l\u2019aigua de l\u2019Ebre l\u2019any 2007. Si no hi hagu\u00e9s renunciat, el pou del Many\u00e9 ara tindria el cabal suficient per donar consum a la Bisbal.<\/span><\/p>\n<p style=\"padding-left: 30px;\"><span style=\"color: #000000;\">-Tot i que la Comissi\u00f3 de seguiment i control del servei d\u2019abastament d\u2019aigua i clavegueram va crear-se el 2009, ja que la cl\u00e0usula 15 del plec de la concessi\u00f3 contemplava la creaci\u00f3 d\u2019aquesta comissi\u00f3, no ha estat fins a l\u2019actual mandat que l\u2019actual govern va adonar-se que no estava constitu\u00efda i la va formar. Des del 2015 l\u2019Ajuntament de la Bisbal fa reunions mensuals amb la companyia concession\u00e0ria del servei d\u2019aig\u00fces i porta un control m\u00e9s exhaustiu sobre el compliment del contracte.<\/span><\/p>\n<p><span style=\"color: #000000;\">Des de l\u2019Equip de Govern considerem inadmissible la manca de reacci\u00f3 de la companyia Aqualia i considerem que es tracta d\u2019una neglig\u00e8ncia greu per part de l\u2019empresa, ja que els fets ocorreguts aquests dies s\u00f3n fruit d\u2019una mala previsi\u00f3, ja que la companyia no va assegurar el subministrament d\u2019aigua fins passades m\u00e9s de 24h i no va valorar la possibilitat que el dip\u00f2sit es qued\u00e9s sense aigua mentre es canviava el bombeig. Per aquests motius i els que exposem en la seg\u00fcent p\u00e0gina, des de l\u2019Ajuntament s\u2019ha decidit iniciar l\u2019expedient informatiu per aplicar les penalitzacions marcades al contracte de la concessi\u00f3, signat el 2008 amb l\u2019anterior equip de govern. Tamb\u00e9 iniciem una auditoria externa per la mala gesti\u00f3 del servei d\u2019abastament d\u2019aigua.<\/span><\/p>\n<p><span style=\"color: #000000;\">M\u00e9s enll\u00e0 de les accions legals que emprendr\u00e0 l\u2019equip de govern, des de l\u2019Ajuntament fem una crida perqu\u00e8 els ve\u00efns i les ve\u00efnes, particulars i empresaris, afectats i afectades per l\u2019avaria, entrin inst\u00e0ncies a l\u2019Ajuntament (presencialment o de forma telem\u00e0tica, a trav\u00e9s del web de l\u2019Ajuntament www.bisbalpenedes.com) posant de manifest els danys ocasionats per aquesta manca d\u2019aigua, aportant la documentaci\u00f3 que considerin oportuna. L\u2019Ajuntament\u00a0 trametr\u00e0 a la concession\u00e0ria tota la informaci\u00f3 i demanar\u00e0 a la companyia que es compensi la ciutadania.<\/span><\/p>\n<p><span style=\"color: #000000;\">El servei d\u2019abastament d\u2019aigua \u00e9s un servei b\u00e0sic i la companyia que el gestiona t\u00e9 l\u2019obligaci\u00f3 de garantir-lo. S\u2019ent\u00e9n i s\u2019accepta que hi pugui haver talls puntuals del servei per avaries o obres de millora, sempre que s\u2019avisi amb la m\u00e0xima antelaci\u00f3 possible i es posin els mitjans per garantir-ne el subministrament el m\u00e9s r\u00e0pid possible. Ara b\u00e9, considerem que no es pot permetre que centenars d\u2019usuaris es quedin sense aigua per una manca de previsi\u00f3 de l\u2019empresa que gestiona el servei, \u00e9s a dir, Aqualia.<\/span><\/p>\n<p><span style=\"color: #000000;\"><strong>DESPR\u00c9S DE LA INTERRUPCI\u00d3 EN EL SERVEI D\u2019AIGUA D\u2019AQUESTA SETMANA, L\u2019AJUNTAMENT HA ENGEGAT UNA AUDITORIA EXTERNA ON TAMB\u00c9 TINDRAN CABUDA LES SEG\u00dcENTS INCID\u00c8NCIES<\/strong><\/span><\/p>\n<p><span style=\"color: #000000;\"><strong>-Octubre de 2015:<\/strong> l\u2019Ajuntament lliura a\u00a0 la companyia concession\u00e0ria un recull sobre el servei d\u2019abastament d\u2019aigua referent a fraus, fuites, queixes pel manteniment d\u2019usuaris del servei d\u2019abastament d\u2019aigua, aix\u00ed com l\u2019estat de diverses canonades i dip\u00f2sits sense manteniment.<\/span><\/p>\n<p><span style=\"color: #000000;\"><strong>-Desembre de 2015:<\/strong> s\u2019inicien les reunions de la Comissi\u00f3 de Seguiment i control de la concessi\u00f3 del servei d\u2019abastament d\u2019aigua i clavegueram.<\/span><\/p>\n<p><span style=\"color: #000000;\"><strong>-Juny de 2016:<\/strong> la nit de Sant Joan, la companyia concession\u00e0ria informa que el pou que abasteix l\u2019Esplai no t\u00e9 aigua. L\u2019equip de govern no tenia const\u00e0ncia ni va ser informat per la companyia que el nivell d\u2019aigua estava baixant fins al l\u00edmit de quedar sec. L\u2019Ajuntament va iniciar els tr\u00e0mits per construir un pou nou, les obres del qual finalitzaran aquest 2018.<\/span><\/p>\n<p><span style=\"color: #000000;\"><strong>-Octubre de 2017:<\/strong> Els ve\u00efns del nucli de la Bisbal, l\u2019Ortig\u00f3s i el pol\u00edgon es queden sense aigua durant m\u00e9s de 48h i Aqualia no ofereix cap servei alternatiu. L\u2019octubre de 2017 va haver-hi una avaria, causada per les tempestes de la setmana anterior, a l\u2019equip electromec\u00e0nic del pou que abasteix del dip\u00f2sit del Priorat. La falta d\u2019entrada d\u2019aigua del pou al dip\u00f2sit va provocar que aquest es buid\u00e9s i els ve\u00efns del nucli de la Bisbal, l\u2019Ortig\u00f3s i el pol\u00edgon van quedar-se sense aigua.<\/span><\/p>\n<p><span style=\"color: #000000;\">&#8211;<strong>26 d\u2019octubre de 2017:<\/strong> En la Comissi\u00f3 de seguiment i control de la concessi\u00f3 de servei d\u2019abastament d\u2019aigua i clavegueram s\u2019aprova el protocol d\u2019avaries.<\/span><\/p>\n<p><span style=\"color: #000000;\"><a style=\"color: #000000;\" href=\"http:\/\/bisbalpenedes.com\/web\/wp-content\/uploads\/2018\/09\/protocol-davaries-aqualia.jpg\"><img loading=\"lazy\" class=\"aligncenter size-full wp-image-7088\" src=\"http:\/\/bisbalpenedes.com\/web\/wp-content\/uploads\/2018\/09\/protocol-davaries-aqualia.jpg\" alt=\"protocol d'avaries aqualia\" width=\"614\" height=\"447\" srcset=\"https:\/\/bisbalpenedes.com\/web\/wp-content\/uploads\/2018\/09\/protocol-davaries-aqualia.jpg 614w, https:\/\/bisbalpenedes.com\/web\/wp-content\/uploads\/2018\/09\/protocol-davaries-aqualia-600x437.jpg 600w, https:\/\/bisbalpenedes.com\/web\/wp-content\/uploads\/2018\/09\/protocol-davaries-aqualia-300x218.jpg 300w\" sizes=\"(max-width: 614px) 100vw, 614px\" \/><\/a><\/span><\/p>\n<p><span style=\"color: #000000;\"><strong>-Abril de 2018:<\/strong> es talla el subministrament d\u2019aigua al carrer Toledo del Priorat per taps de cal\u00e7, durant quatre dies, sense alternatives de subministrament per part d\u2019Aqualia. Es fa evident la manca de comunicaci\u00f3 d\u2019Aqualia cap a l\u2019Ajuntament, ja que aquests talls van ser informats pel ve\u00efnat i no pas per la companyia. A m\u00e9s, segons vam poder saber, els ve\u00efns van trucar al tel\u00e8fon d\u2019avaries d\u2019Aqualia i les respostes que van rebre per part de l\u2019empresa van ser \u201cno hi ha cap avaria donada d\u2019alta\u201d o \u201chi ha avaries m\u00e9s urgents, quan acabin ja hi aniran\u201d. L\u2019empresa concession\u00e0ria no va prendre cap mesura excepcional, incomplint aix\u00ed el protocol d\u2019avaries que es va aprovar el 26 d\u2019octubre de 2017.<\/span><\/p>\n<p><span style=\"color: #000000;\"><strong>-Setembre de 2018:<\/strong> el dimarts 18 de setembre Aqualia va avisar l\u2019alcaldessa que dimecres canviaria la bomba del pou del Many\u00e9 i va afirmar que aquesta reparaci\u00f3 no provocaria talls en el subministrament d\u2019aigua, nom\u00e9s alguna petita interrupci\u00f3 puntual al migdia. A m\u00e9s, l\u2019empresa va explicar a l\u2019Ajuntament que el dip\u00f2sit d\u2019aigua del Priorat est\u00e0 mig ple i que tenia la capacitat suficient per garantir el subministrament d\u2019aigua fins que el nou equip de bombeig torn\u00e9s a funcionar. Dimecres a les 6 del mat\u00ed no hi havia aigua al nucli i es va avisar al personal de l\u2019empresa. Segons ens van dir, van despla\u00e7ar-se al dip\u00f2sit a quarts de 8 i el van trobar vuit. L\u2019empresa va afirmar \u00a0que, sobre les cinc o les sis de la tarda de dimecres, ja hi hauria aigua. Dijous a les 12h del migdia \u00a0encara no hi ha servei al nucli, sense que la companyia hagu\u00e9s garantit el servei amb cap mesura excepcional. En vista de la situaci\u00f3, l\u2019Ajuntament porta una cuba perqu\u00e8 els ve\u00efns poguessin anar-hi a buscar aigua.<\/span><\/p>\n<p><span style=\"color: #000000;\"><strong>-Caps de setmana i estius del 2016, 2017 i part del 2018:<\/strong> l\u2019Ajuntament rep queixes continuades dels usuaris del Papagai pels continus taps de cal\u00e7 que provoquen que no hi hagi servei d\u2019aigua. Per part de la companyia s\u2019aporten solucions provisionals que no garanteixen el servei. El 2018 l\u2019Ajuntament aprova inversions en la xarxa d\u2019aigua del Papagai.<\/span><\/p>\n<p><span style=\"color: #000000;\">La informaci\u00f3 de totes aquestes incid\u00e8ncies quedar\u00e0 recollida i s\u2019avaluar\u00e0 a l\u2019auditoria externa sobre la gesti\u00f3 del servei d\u2019abastament d\u2019aigua.<\/span><\/p>\n<hr \/>\n<p><span style=\"color: #000000;\"><strong>CASTELLANO |<\/strong> El n\u00facleo de la Bisbal, l\u2019Ortig\u00f3s y los pol\u00edgonos industriales del municipio han sufrido la falta del servicio de suministro de agua desde el mi\u00e9rcoles 19 de septiembre a las 6 de la ma\u00f1ana hasta el jueves 20 de septiembre a media tarde.<\/span><\/p>\n<p><span style=\"color: #000000;\">La compa\u00f1\u00eda Aqualia avis\u00f3, el martes por la tarde, de que el mi\u00e9rcoles cambiaria el bombeo del Pou del Many\u00e9 afirmando que esto no supondr\u00eda ning\u00fan problema grave de suministro y que, como mucho, habr\u00eda un corte puntual y de poca duraci\u00f3n el mi\u00e9rcoles al mediod\u00eda. La realidad fue muy diferente: el mi\u00e9rcoles a las 6 de la ma\u00f1ana el pozo del Priorat estaba vac\u00edo porque el bombeo del Pou del Many\u00e9 no funcionaba desde el martes y, la previsi\u00f3n que ten\u00edan de que el agua del dep\u00f3sito era suficiente hasta que la bomba estuviese arreglada, no se cumpli\u00f3.<\/span><\/p>\n<p><span style=\"color: #000000;\">Seg\u00fan la compa\u00f1\u00eda, despu\u00e9s de arreglar el bombeo el mi\u00e9rcoloes por la tarde, se empez\u00f3 a bombear agua hacia el dep\u00f3sito del Priorato pero, a causa de las horas que las tuber\u00edas estuvieron vac\u00edas, se formaron bolsas de aire que hicieron que no llegase el agua. Por este motivo, seg\u00fan Aqualia, el municipio estuvo m\u00e1s de 24 horas sacando bolsas de aire de las tuber\u00edas hasta que el jueves por la tarde se restableci\u00f3 el servicio.<\/span><\/p>\n<p><span style=\"color: #000000;\">Desde el equipo de gobierno, queremos hacer saber que las actuales infraestructuras de agua no han contribuido al servicio, como tampoco lo han hecho las siguientes decisiones del anterior equipo de gobierno:<\/span><\/p>\n<p style=\"padding-left: 30px;\"><span style=\"color: #000000;\">-El mal dise\u00f1o de la red de agua que sale del dep\u00f3sito del Priorato y va al n\u00facleo, l\u2019Ortig\u00f3s y los pol\u00edgonos, sin que haya ning\u00fan otro dep\u00f3sito.<\/span><\/p>\n<p style=\"padding-left: 30px;\"><span style=\"color: #000000;\">-El hecho que no haya ninguna conexi\u00f3n directa del dep\u00f3sito del Priorato al barrio de la Ri ba, el barrio bisbalenc m\u00e1s cercano al Priorat de la Bisbal.<\/span><\/p>\n<p style=\"padding-left: 30px;\"><span style=\"color: #000000;\">-La construcci\u00f3n de dicho dep\u00f3sito del Priorat sin tele control instalado, una decisi\u00f3n inadmisible teniendo en cuenta que cost\u00f3 1.500.000\u20ac.<\/span><\/p>\n<p style=\"padding-left: 30px;\"><span style=\"color: #000000;\">-El anterior equipo de gobierno renunci\u00f3 al agua del Ebro el a\u00f1o 2007. Si no hubiese renunciado, el pozo del Many\u00e9 tendr\u00eda el cabal suficiente para dar consumo a la Bisbal.<\/span><\/p>\n<p style=\"padding-left: 30px;\"><span style=\"color: #000000;\">-Aunque la Comisi\u00f3n de seguimiento y control del servicio de abastecimiento de agua y alcantarillado se cre\u00f3 en el 2009, ya que la cl\u00e1usula 15 del pliego de la concesi\u00f3n contemplaba la creaci\u00f3n de esta comisi\u00f3n, no ha sido hasta el actual mandato que el actual gobierno se dio cuenta que no estaba constituida y la form\u00f3. Desde el 2015 el Ayuntamiento de la Bisbal hace reuniones mensuales con la compa\u00f1\u00eda concesionaria del servicio de aguas y lleva un control m\u00e1s exhaustivo sobre el cumplimiento del contrato.<\/span><\/p>\n<p><span style=\"color: #000000;\">Desde el Equipo de Gobierno consideramos inadmisible la falta de reacci\u00f3n de la compa\u00f1\u00eda Aqualia y consideramos que se trata de una negligencia grave por parte de la empresa, ya que los hechos acontecidos estos d\u00edas son fruto de una mala previsi\u00f3n, puesto que la compa\u00f1\u00eda no asegur\u00f3 el suministro de agua hasta pasadas m\u00e1s de 24h y no valor\u00f3 la posibilidad que el dep\u00f3sito se quedase si agua mientras se cambiaba el bombeo. Por estos motivos y los que se exponen en la siguiente p\u00e1gina, desde el Ayuntamiento se ha decidido iniciar un expediente informativo para aplicar las penalizaciones marcadas en el contrato de la concesi\u00f3n, firmado el 2008 con el anterior equipo de gobierno. Tambi\u00e9n iniciamos una auditor\u00eda externa por la mala gesti\u00f3n del servicio de abastecimiento de agua.<\/span><\/p>\n<p><span style=\"color: #000000;\">M\u00e1s all\u00e1 de las decisiones legales que emprender\u00e1 el equipo de gobierno, desde el Ayuntamiento hacemos un llamamiento para que los vecinos y las vecinas, particulares y empresas, afectados y afectadas por la aver\u00eda, entren instancias en el Ayuntamiento (presencialmente o de forma telem\u00e1tica, a trav\u00e9s de la p\u00e1gina web <a style=\"color: #000000;\" href=\"http:\/\/www.bisbalpenedes.com\">www.bisbalpenedes.com<\/a>) poniendo de manifiesto los da\u00f1os ocasionados por esta falta de agua, aportando la documentaci\u00f3n que consideren oportuna. El Ayuntamiento har\u00e1 llegar a la concesionaria toda la informaci\u00f3n y pedir\u00e1 a la compa\u00f1\u00eda que se compense a la ciudadan\u00eda.<\/span><\/p>\n<p><span style=\"color: #000000;\">El servicio de abastecimiento de agua es un servicio b\u00e1sico y la compa\u00f1\u00eda que lo gestiona tiene la obligaci\u00f3n de garantizarlo. Se entiende y se acepta que pueda haber cortes puntuales del servicio por aver\u00edas o obras de mejora, siempre que se avise con la m\u00e1xima antelaci\u00f3n posible y se pongan los medios para garantizar el suministro lo m\u00e1s r\u00e1pido posible. Ahora bien, consideramos que no se puede permitir que centenares de usuarios se queden sin agua por una falta de previsi\u00f3n de la empresa que gestiona el servicio, es decir, Aqualia.<\/span><\/p>\n<p><span style=\"color: #000000;\"><strong>DESP\u00daES DE LA INTERRUPCI\u00d3N EN EL SERVICIO DE AGUA DE ESTA SEMANA, EL AYUNTAMIENTO HA INICIADO UNA AUDITOR\u00cdA EXTERNA DONDE TAMBI\u00c9N SE INCLUIR\u00c1N LAS SIGUIENTES INCIDENCIAS<\/strong><\/span><\/p>\n<p><span style=\"color: #000000;\"><strong>-Octubre del 2015:<\/strong> el Ayuntamiento libra a la compa\u00f1\u00eda concesionaria documentaci\u00f3n sobre el servicio de abastecimiento de agua que hace referencia a fraudes, escapes, quejas por el mantenimiento de los usuarios del servicio de abastecimiento de agua, as\u00ed como por el estado de varias tuber\u00edas y dep\u00f3sitos sin mantenimiento.<\/span><\/p>\n<p><span style=\"color: #000000;\"><strong>-Diciembre del 2015:<\/strong> Se inician las reuniones de la Comisi\u00f3n de Seguimiento y control de la concesi\u00f3n del servicio de abastecimiento de agua y alcantarillado.<\/span><\/p>\n<p><span style=\"color: #000000;\"><strong>-Junio del 2016:<\/strong> la noche de San Juan, la compa\u00f1\u00eda concesionaria informa que el pozo que abastece l\u2019Esplai no tiene agua. El equipo de gobierno no ten\u00eda constancia ni hab\u00eda sido informado de que el nivel de agua estaba bajando hasta el l\u00edmite de quedarse seco. El Ayuntamiento inici\u00f3 los tr\u00e1mites para construir un pozo nuevo, cuyas obras finalizaran este 2018.<\/span><\/p>\n<p><span style=\"color: #000000;\"><strong>-Octubre del 2017:<\/strong> Los vecinos del n\u00facleo de la Bisbal, l\u2019Ortig\u00f3s y el pol\u00edgono se quedan si agua durante m\u00e1s de 48h y Aqualia no ofrece ning\u00fan servicio alternativa. En octubre del 2017 hubo una aver\u00eda, causada por las tormentas de la semana anterior, en el equipo electromec\u00e1nico del pozo que abastece el dep\u00f3sito del Priorat. La falta de entrada de agua del pozo al dep\u00f3sito provoc\u00f3 que este se vaciase y los vecinos del n\u00facleo de la Bsibal, l\u2019Ortig\u00f3s y el pol\u00edgono se quedaron sin agua.<\/span><\/p>\n<p><span style=\"color: #000000;\"><strong>-26 de octubre del 2017:<\/strong> En la Comisi\u00f3n de seguimiento y control de la concesi\u00f3n del servicio de abastecimiento de agua y alcantarilado se aprueba el protocolo de aver\u00edas.<\/span><\/p>\n<p><span style=\"color: #000000;\"><a style=\"color: #000000;\" href=\"http:\/\/bisbalpenedes.com\/web\/wp-content\/uploads\/2018\/09\/protocol-davaries-aqualia.jpg\"><img loading=\"lazy\" class=\"aligncenter size-full wp-image-7088\" src=\"http:\/\/bisbalpenedes.com\/web\/wp-content\/uploads\/2018\/09\/protocol-davaries-aqualia.jpg\" alt=\"protocol d'avaries aqualia\" width=\"614\" height=\"447\" srcset=\"https:\/\/bisbalpenedes.com\/web\/wp-content\/uploads\/2018\/09\/protocol-davaries-aqualia.jpg 614w, https:\/\/bisbalpenedes.com\/web\/wp-content\/uploads\/2018\/09\/protocol-davaries-aqualia-600x437.jpg 600w, https:\/\/bisbalpenedes.com\/web\/wp-content\/uploads\/2018\/09\/protocol-davaries-aqualia-300x218.jpg 300w\" sizes=\"(max-width: 614px) 100vw, 614px\" \/><\/a><\/span><\/p>\n<p><span style=\"color: #000000;\"><strong>-Abril del 2018:<\/strong> se corta el suministro de agua en la calle Toledo del Priorato por tapones de cal, durante cuatro d\u00edas, sin alternativas de suministro por parte de Aqualia. Se hace evidente la falta de comunicaci\u00f3n de Aqualia hacia el Ayuntamiento ya que, estos cortes, fueron informados por el vecindario y no por la compa\u00f1\u00eda. Adem\u00e1s, seg\u00fan pudimos saber, los vecinos llamaron al tel\u00e9fono de aver\u00edas y las respuestas que recibieron por parte de la empresa fueron \u201cno hay ninguna aver\u00eda dada de alta\u201d o \u201chay aver\u00edas m\u00e1s urgentes, cuando terminen ir\u00e1n\u201d. La empresa concesionaria no tom\u00f3 ninguna medida excepcional, incumpliendo as\u00ed el protocolo de aver\u00edas que se aprob\u00f3 el 26 de octubre del 2017.<\/span><\/p>\n<p><span style=\"color: #000000;\"><strong>-Septiembre del 2018:<\/strong> el martes 18 de septiembre Aqualia avis\u00f3 a la alcaldesa de que el mi\u00e9rcoles cambiaria la bomba del Pou del Many\u00e9 y afirm\u00f3 que esta reparaci\u00f3n no provocar\u00eda cortes en el suministro de agua, solo alguna peque\u00f1a interrupci\u00f3n puntual a mediod\u00eda. Adem\u00e1s, la empresa explic\u00f3 al Ayuntamiento que el dep\u00f3sito de agua del Priorat estaba medio lleno y que ten\u00eda capacidad suficiente para garantizar el suministro de agua hasta que el nuevo equipo de bombeo volviese a funcionar. El mi\u00e9rcoles a las 6 de la ma\u00f1ana no hab\u00eda agua en el n\u00facleo y se avis\u00f3 a la empresa. Seg\u00fan se nos dijo, los t\u00e9cnicos se desplazaron al dep\u00f3sito entre las 7 y las 8 de la ma\u00f1ana y se lo encontraron vac\u00edo. La empresa afirm\u00f3 que, sobre las cinco o las seis de la tarde del mi\u00e9rcoles, ya habr\u00eda agua. El jueves a las 12h del mediod\u00eda todav\u00eda no hab\u00eda servicio en el n\u00facleo, sin que la compa\u00f1\u00eda hubiese garantizado el servicio con ning\u00fan tipo de medida excepcional. En vista de la situaci\u00f3n, el Ayuntamiento trajo una cuba para que los vecinos pudiesen ir a buscar agua.<\/span><\/p>\n<p><span style=\"color: #000000;\"><strong>-Fines de semana y veranos del 2016, 2017 y 2018:<\/strong> el Ayuntamiento recibe quejas continuas de los usuarios del Papagai por los continuos tapones de cal que provocan que no haya servicio de agua. Por parte de la compa\u00f1\u00eda se aportan soluciones provisionales que no garantizan el servicio. El 2018 el Ayuntamiento aprueba inversiones en la red de agua del Papagai.<\/span><\/p>\n<p><span style=\"color: #000000;\">La informaci\u00f3n de todas estas incidencias quedar\u00e1 recogida y se evaluar\u00e1 en la auditor\u00eda externa sobre la gesti\u00f3n del servicio de abastecimiento de agua.<\/span><\/p>\n","protected":false},"excerpt":{"rendered":"<p>COMUNICAT DE L&#8217;EQUIP DE GOVERN DE L&#8217;AJUNTAMENT DE LA BISBAL DEL PENED\u00c8S SOBRE EL SERVEI QUE PRESTA AQUALIA AL MUNICIPI El nucli de la Bisbal, l\u2019Ortig\u00f3s i els pol\u00edgons industrials &hellip; <a href=\"https:\/\/bisbalpenedes.com\/web\/2018\/09\/21\/lequip-de-govern-considera-inadmissible-la-manca-de-reaccio-de-la-companyia-aqualia-i-considera-que-es-tracta-duna-negligencia-greu-per-part-de-lempresa\/\" class=\"more-link\">Read More<\/a><\/p>\n","protected":false},"author":4,"featured_media":7089,"comment_status":"closed","ping_status":"closed","sticky":false,"template":"","format":"standard","meta":[],"categories":[4],"tags":[649,1097,2359,1605,254,292,2358,2360,160],"_links":{"self":[{"href":"https:\/\/bisbalpenedes.com\/web\/wp-json\/wp\/v2\/posts\/7087"}],"collection":[{"href":"https:\/\/bisbalpenedes.com\/web\/wp-json\/wp\/v2\/posts"}],"about":[{"href":"https:\/\/bisbalpenedes.com\/web\/wp-json\/wp\/v2\/types\/post"}],"author":[{"embeddable":true,"href":"https:\/\/bisbalpenedes.com\/web\/wp-json\/wp\/v2\/users\/4"}],"replies":[{"embeddable":true,"href":"https:\/\/bisbalpenedes.com\/web\/wp-json\/wp\/v2\/comments?post=7087"}],"version-history":[{"count":6,"href":"https:\/\/bisbalpenedes.com\/web\/wp-json\/wp\/v2\/posts\/7087\/revisions"}],"predecessor-version":[{"id":7095,"href":"https:\/\/bisbalpenedes.com\/web\/wp-json\/wp\/v2\/posts\/7087\/revisions\/7095"}],"wp:featuredmedia":[{"embeddable":true,"href":"https:\/\/bisbalpenedes.com\/web\/wp-json\/wp\/v2\/media\/7089"}],"wp:attachment":[{"href":"https:\/\/bisbalpenedes.com\/web\/wp-json\/wp\/v2\/media?parent=7087"}],"wp:term":[{"taxonomy":"category","embeddable":true,"href":"https:\/\/bisbalpenedes.com\/web\/wp-json\/wp\/v2\/categories?post=7087"},{"taxonomy":"post_tag","embeddable":true,"href":"https:\/\/bisbalpenedes.com\/web\/wp-json\/wp\/v2\/tags?post=7087"}],"curies":[{"name":"wp","href":"https:\/\/api.w.org\/{rel}","templated":true}]}}