{"id":7082,"date":"2018-09-20T12:26:51","date_gmt":"2018-09-20T11:26:51","guid":{"rendered":"http:\/\/bisbalpenedes.com\/web\/?p=7082"},"modified":"2018-09-20T12:27:51","modified_gmt":"2018-09-20T11:27:51","slug":"comunicat-lajuntament-de-la-bisbal-inicia-una-auditoria-externa-de-la-gestio-del-servei-dabastament-daigua-2","status":"publish","type":"post","link":"https:\/\/bisbalpenedes.com\/web\/2018\/09\/20\/comunicat-lajuntament-de-la-bisbal-inicia-una-auditoria-externa-de-la-gestio-del-servei-dabastament-daigua-2\/","title":{"rendered":"COMUNICAT: L&#8217;Ajuntament de la Bisbal inicia una auditoria externa de la gesti\u00f3 del servei d&#8217;abastament d&#8217;aigua"},"content":{"rendered":"<p style=\"text-align: justify;\"><strong><span style=\"color: #000000;\">L\u2019Ajuntament de la Bisbal inicia una auditoria externa de la gesti\u00f3 del servei d\u2019abastament d\u2019aigua, no nom\u00e9s pel que est\u00e0 succeint ara, sin\u00f3 tamb\u00e9 per totes les incid\u00e8ncies i avaries que s\u2019han anat ocorreguent al nucli, les urbanitzacions i el pol\u00edgon industrial de la Bisbal en els darrers temps.<\/span><\/strong><\/p>\n<p style=\"text-align: justify;\"><strong><span style=\"color: #000000;\">L\u2019Ajuntament considera inadmissible la inacci\u00f3 de la companyia Aqualia i considera que es tracta d\u2019una neglig\u00e8ncia greu per part de l\u2019empresa. Per aquest motiu est\u00e0 preparant les mesures sancionadores pertinents.<\/span><\/strong><\/p>\n<p style=\"text-align: justify;\"><strong><span style=\"color: #000000;\">L\u2019equip de govern est\u00e0 en contacte permanent amb Aqualia per exigir una soluci\u00f3 immediata al problema del subministrament d\u2019aigua i ha exigit a la companyia que el subministrament estigui restablert aquest migdia.<\/span><\/strong><\/p>\n<p style=\"text-align: justify;\"><span style=\"color: #000000;\">La Bisbal del Pened\u00e8s no t\u00e9 aigua des de la matinada del dimarts 18 de setembre al dimecres 19 de setembre. Aqualia va avisar l\u2019alcaldessa Agn\u00e8s Ferr\u00e9, dimarts 18 de setembre a la tarda, que l\u2019endem\u00e0, dimecres 19 de setembre, procediria a fer un canvi de bomba al Pou del Many\u00e9. Des de la companyia van afirmar que aix\u00f2 no suposaria cap problema greu en el subministrament i, per aquest motiu, no es va considerar oport\u00fa fer un comunicat a la ciutadania, ja que des de la companyia s\u2019havia afirmat que, com a molt, hi hauria un tall puntual i de poca durada, al migdia.<\/span><\/p>\n<p style=\"text-align: justify;\"><span style=\"color: #000000;\">El dimecres a quarts de 8 del mat\u00ed l\u2019alcaldessa va obrir l\u2019aixeta de casa seva i va detectar que gaireb\u00e9 no sortia aigua. Immediatament va trucar a Aqualia i l\u2019empresa no tenia coneixement d\u2019aquesta incid\u00e8ncia. Quan els t\u00e8cnics van anar al pou, segons hem pogut saber, van veure que no hi havia aigua, \u00e9s a dir, que el pou estava buit. La companyia va informar que es treballaria en el canvi de bombament i que a la tarda, entre les 17 i les 18h, hi hauria aigua, moment en el qual l\u2019Ajuntament va considerar oport\u00fa emetre un comunicat informant la ciutadania de la incid\u00e8ncia.<\/span><\/p>\n<p style=\"text-align: justify;\"><span style=\"color: #000000;\">A quarts de cinc Aqualia va informar que la bomba estava reparada i en funcionament i que, cap a les 18h, la gent tindria aigua. Vistos els incompliments de terminis previs en altres ocasions, l\u2019Ajuntament va optar per esperar una mica a donar la not\u00edcia, per evitar donar una informaci\u00f3 que despr\u00e9s no es compl\u00eds. L\u2019Ajuntament va publicar la informaci\u00f3 quan va confirmar que alguns ve\u00efns tenien una mica d\u2019aigua, encara que havien afirmat que nom\u00e9s era \u2018un filet prim\u2019<\/span><\/p>\n<p style=\"text-align: justify;\"><span style=\"color: #000000;\">Algunes zones de la Bisbal tenien aigua aquest mat\u00ed per\u00f2, en el moment que estem redactant aquest comunicat (12.50h del 20 de setembre de 2018) s\u2019ha tornat a tallar el subministrament i l\u2019Ajuntament de la Bisbal en desconeix el motiu.<\/span><\/p>\n<p style=\"text-align: justify;\"><span style=\"color: #000000;\">L\u2019Ajuntament de la Bisbal continuar\u00e0 informant sobre aquesta q\u00fcesti\u00f3 a mesura que compti amb m\u00e9s informaci\u00f3 i reitera el seu comprom\u00eds en treballar perqu\u00e8 l\u2019empresa Aqualia compleixi les obligacions contractuals i de servei.<\/span><\/p>\n<hr \/>\n<p style=\"text-align: justify;\"><span style=\"color: #000000;\"><strong>CASTELLANO |<\/strong>\u00a0<strong>El Ayuntamiento de la Bisbal inicia una auditor\u00eda externa de la gesti\u00f3n del servicio de abastecimiento de agua, no solamente por lo que est\u00e1 sucediendo ahora, sino tambi\u00e9n por todas las incidencias y aver\u00edas que han ido teniendo lugar en el n\u00facleo, las urbanizaciones y el pol\u00edgono industrial de la Bisbal en los \u00faltimos tiempos.<\/strong><\/span><\/p>\n<p style=\"text-align: justify;\"><strong><span style=\"color: #000000;\">El Ayuntamiento considera inadmisible la inacci\u00f3n de la compa\u00f1\u00eda Aqualia y considera que se trata de una negligencia grave por parte de la empresa. Por este motivo est\u00e1 preparando las medidas sancionadores pertinentes.<\/span><\/strong><\/p>\n<p style=\"text-align: justify;\"><strong><span style=\"color: #000000;\">El equipo de gobierno est\u00e1 en contacto permanente con Aqualia para exigir una soluci\u00f3n inmediata al problema de suministro de agua y ha exigido a la compa\u00f1\u00eda que el suministro est\u00e9 restablecido este mediod\u00eda.<\/span><\/strong><\/p>\n<p style=\"text-align: justify;\"><span style=\"color: #000000;\">La Bisbal del Pened\u00e8s no tiene agua desde la madrugada del martes 18 de septiembre al mi\u00e9rcoles 19 de septiembre. Aqualia avis\u00f3 a la alcaldesa Agn\u00e8s Ferr\u00e9, el martes 18 de septiembre por la tarde, que al d\u00eda siguiente, el mi\u00e9rcoles 19 de septiembre, proceder\u00eda a hacer un cambio de bomba en el Pou del Many\u00e9. Desde la compa\u00f1\u00eda se afirm\u00f3 que esto no supondr\u00eda ning\u00fan problema grave en el suministro y, por este motivo, no se consider\u00f3 oportuno hacer un comunicado a la ciudadan\u00eda, ya que desde la compa\u00f1\u00eda se hab\u00eda afirmado que, como mucho, habr\u00eda un corte puntual y de poca duraci\u00f3n, a mediod\u00eda.<\/span><\/p>\n<p style=\"text-align: justify;\"><span style=\"color: #000000;\">El mi\u00e9rcoles, entre las 7 y las 8 de la ma\u00f1ana, la alcaldesa abri\u00f3 el grifo de su casa y detect\u00f3 que casi no sal\u00eda agua. Inmediatamente llam\u00f3 a Aqualia y la empresa no ten\u00eda conocimiento de esta incidencia. Cuando los t\u00e9cnicos fueron al pozo, seg\u00fan hemos podido saber, vieron que no hab\u00eda agua, es decir, que el pozo estaba vac\u00edo. La compa\u00f1\u00eda inform\u00f3 que se trabajar\u00eda en el cambio de bombeamiento y que por la tarde, entre las 17 y las 18h, habr\u00eda agua, momento en el cual el Ayuntamiento consider\u00f3 oportuno emitir un comunicado informando a la ciudadan\u00eda sobre la incidencia.<\/span><\/p>\n<p style=\"text-align: justify;\"><span style=\"color: #000000;\">Entre las cuatro y las cinco de la tarde, Aqualia inform\u00f3 de que la bomba estaba reparada y en funcionamiento y que, hacia las 18h, la gente tendr\u00eda agua. Vistos los incumplimientos de plazos previos en otras ocasiones, el Ayuntamiento opt\u00f3 por esperar un poco para dar la noticia y evitar dar una informaci\u00f3n que despu\u00e9s no se cumpliese. El Ayuntamiento public\u00f3 la informaci\u00f3n cuando confirm\u00f3 que algunos vecinos ten\u00edan un poco de agua, aunque hab\u00edan afirmado que solo era &#8220;un\u00a0hilito fino&#8221;.<\/span><\/p>\n<p style=\"text-align: justify;\"><span style=\"color: #000000;\">Algunas zonas de la Bisbal ten\u00edan agua esta ma\u00f1ana pero, en el momento que estamos redactando este comunicado (12.50h del 20 de septiembre del 2018) se ha vuelto a cortar el suministro y el Ayuntamiento de la Bisbal desconoce el motivo.<\/span><\/p>\n<p style=\"text-align: justify;\"><span style=\"color: #000000;\">El Ayuntamiento de la Bisbal continuar\u00e1 informando sobre esta cuesti\u00f3n a medida que cuente con m\u00e1s informaci\u00f3n y reitera su compromiso en trabajar para qu\u00e9 la empresa cumpla las obligaciones contractuales y de servicio.<\/span><\/p>\n","protected":false},"excerpt":{"rendered":"<p>L\u2019Ajuntament de la Bisbal inicia una auditoria externa de la gesti\u00f3 del servei d\u2019abastament d\u2019aigua, no nom\u00e9s pel que est\u00e0 succeint ara, sin\u00f3 tamb\u00e9 per totes les incid\u00e8ncies i avaries &hellip; <a href=\"https:\/\/bisbalpenedes.com\/web\/2018\/09\/20\/comunicat-lajuntament-de-la-bisbal-inicia-una-auditoria-externa-de-la-gestio-del-servei-dabastament-daigua-2\/\" class=\"more-link\">Read More<\/a><\/p>\n","protected":false},"author":4,"featured_media":6737,"comment_status":"closed","ping_status":"closed","sticky":false,"template":"","format":"standard","meta":[],"categories":[2057,8],"tags":[2356,161,649,2357,974,224],"_links":{"self":[{"href":"https:\/\/bisbalpenedes.com\/web\/wp-json\/wp\/v2\/posts\/7082"}],"collection":[{"href":"https:\/\/bisbalpenedes.com\/web\/wp-json\/wp\/v2\/posts"}],"about":[{"href":"https:\/\/bisbalpenedes.com\/web\/wp-json\/wp\/v2\/types\/post"}],"author":[{"embeddable":true,"href":"https:\/\/bisbalpenedes.com\/web\/wp-json\/wp\/v2\/users\/4"}],"replies":[{"embeddable":true,"href":"https:\/\/bisbalpenedes.com\/web\/wp-json\/wp\/v2\/comments?post=7082"}],"version-history":[{"count":3,"href":"https:\/\/bisbalpenedes.com\/web\/wp-json\/wp\/v2\/posts\/7082\/revisions"}],"predecessor-version":[{"id":7085,"href":"https:\/\/bisbalpenedes.com\/web\/wp-json\/wp\/v2\/posts\/7082\/revisions\/7085"}],"wp:featuredmedia":[{"embeddable":true,"href":"https:\/\/bisbalpenedes.com\/web\/wp-json\/wp\/v2\/media\/6737"}],"wp:attachment":[{"href":"https:\/\/bisbalpenedes.com\/web\/wp-json\/wp\/v2\/media?parent=7082"}],"wp:term":[{"taxonomy":"category","embeddable":true,"href":"https:\/\/bisbalpenedes.com\/web\/wp-json\/wp\/v2\/categories?post=7082"},{"taxonomy":"post_tag","embeddable":true,"href":"https:\/\/bisbalpenedes.com\/web\/wp-json\/wp\/v2\/tags?post=7082"}],"curies":[{"name":"wp","href":"https:\/\/api.w.org\/{rel}","templated":true}]}}