{"id":7074,"date":"2018-09-19T11:58:46","date_gmt":"2018-09-19T10:58:46","guid":{"rendered":"http:\/\/bisbalpenedes.com\/web\/?p=7074"},"modified":"2018-09-26T10:22:11","modified_gmt":"2018-09-26T09:22:11","slug":"el-diumenge-30-de-setembre-a-les-19h-podreu-veure-jean-francois-i-el-sentit-de-la-vida-al-cmc-en-el-marc-del-cicle-gaudi","status":"publish","type":"post","link":"https:\/\/bisbalpenedes.com\/web\/2018\/09\/19\/el-diumenge-30-de-setembre-a-les-19h-podreu-veure-jean-francois-i-el-sentit-de-la-vida-al-cmc-en-el-marc-del-cicle-gaudi\/","title":{"rendered":"El diumenge 30 de setembre a les 19h podreu veure \u2018Jean-Fran\u00e7ois i el sentit de la vida\u2019 al CMC en el marc del Cicle Gaud\u00ed"},"content":{"rendered":"<p><a href=\"http:\/\/bisbalpenedes.com\/web\/wp-content\/uploads\/2018\/09\/VISUAL_A3_JEAN_FRANCOIS_LA_BISBAL_PENEDES.jpg\"><img loading=\"lazy\" class=\"aligncenter size-medium wp-image-7076\" src=\"http:\/\/bisbalpenedes.com\/web\/wp-content\/uploads\/2018\/09\/VISUAL_A3_JEAN_FRANCOIS_LA_BISBAL_PENEDES-213x300.jpg\" alt=\"VISUAL_A3_JEAN_FRANCOIS_LA_BISBAL_PENEDES\" width=\"213\" height=\"300\" srcset=\"https:\/\/bisbalpenedes.com\/web\/wp-content\/uploads\/2018\/09\/VISUAL_A3_JEAN_FRANCOIS_LA_BISBAL_PENEDES-213x300.jpg 213w, https:\/\/bisbalpenedes.com\/web\/wp-content\/uploads\/2018\/09\/VISUAL_A3_JEAN_FRANCOIS_LA_BISBAL_PENEDES-600x843.jpg 600w, https:\/\/bisbalpenedes.com\/web\/wp-content\/uploads\/2018\/09\/VISUAL_A3_JEAN_FRANCOIS_LA_BISBAL_PENEDES-768x1080.jpg 768w, https:\/\/bisbalpenedes.com\/web\/wp-content\/uploads\/2018\/09\/VISUAL_A3_JEAN_FRANCOIS_LA_BISBAL_PENEDES-728x1024.jpg 728w, https:\/\/bisbalpenedes.com\/web\/wp-content\/uploads\/2018\/09\/VISUAL_A3_JEAN_FRANCOIS_LA_BISBAL_PENEDES.jpg 1146w\" sizes=\"(max-width: 213px) 100vw, 213px\" \/><\/a><\/p>\n<div class=\"wpb_text_column wpb_content_element \">\n<div class=\"wpb_wrapper\">\n<h4><span style=\"text-decoration: underline; color: #000000;\">FITXA\u00a0T\u00c8CNICA<\/span><\/h4>\n<\/div>\n<\/div>\n<div class=\"wpb_text_column wpb_content_element \">\n<div class=\"wpb_wrapper\">\n<p><span style=\"color: #000000;\">\u00a0Direcci\u00f3:\u00a0<strong>Sergi Portabella<\/strong><\/span><\/p>\n<p><span style=\"color: #000000;\">Gui\u00f3:\u00a0<strong>Sergi Portabella<\/strong><\/span><\/p>\n<p><span style=\"color: #000000;\">M\u00fasica:\u00a0<strong>Gerard Pastor<\/strong><\/span><\/p>\n<p><span style=\"color: #000000;\">Estrena:\u00a0<strong>Juliol de 2018<\/strong><\/span><\/p>\n<p><span style=\"color: #000000;\">Durada:\u00a0<strong>90\u00a0min.<\/strong><\/span><\/p>\n<p><span style=\"color: #000000;\">G\u00e8nere:\u00a0<strong>Com\u00e8dia de Ficci\u00f3 \u2013 Llargmetratge<\/strong><\/span><\/p>\n<p><span style=\"color: #000000;\">Versi\u00f3:\u00a0<strong>Original en catal\u00e0<\/strong><\/span><\/p>\n<p><span style=\"color: #000000;\">Int\u00e8rprets:<\/span><\/p>\n<p><span style=\"color: #000000;\"><strong>Max Meg\u00edas , Claudia Vega, \u00c0gata Roca, Pau Dur\u00e0, Theo Cholbi<\/strong><\/span><\/p>\n<p><span style=\"color: #000000;\">Qualificaci\u00f3:\u00a0<strong>No recomanada per a menors de 12 anys<\/strong><\/span><\/p>\n<p>&nbsp;<\/p>\n<\/div>\n<div class=\"wpb_text_column wpb_content_element \">\n<div class=\"wpb_wrapper\">\n<h4><span style=\"text-decoration: underline; color: #000000;\">SINOPSI<\/span><\/h4>\n<\/div>\n<\/div>\n<div class=\"wpb_text_column wpb_content_element \">\n<div class=\"wpb_wrapper\">\n<p><span style=\"color: #000000;\"><strong>En Francesc \u00e9s un noi solitari de tretze anys que un dia a l\u2019escola descobreix El mite de S\u00edsif, d\u2019Albert Camus i queda fascinat per les idees del fil\u00f2sof.<\/strong><\/span><\/p>\n<p><span style=\"color: #000000;\">A partir d\u2019aquest moment es fa dir Jean-Fran\u00e7ois, es posa la jaqueta coll pujat i decideix convertir-se en existencialista. El seu nou objectiu ser\u00e0 anar a Paris a trobar a Camus. La Lluna, una adolescent que viu el present, l\u2019acompanyar\u00e0 a la seva aventura amb una \u00fanica condici\u00f3: fer una parada pel cam\u00ed per retrobar-se amb el noi franc\u00e8s amb qui va tenir una hist\u00f2ria l\u2019estiu passat.<\/span><\/p>\n<p><span style=\"color: #000000;\">Junts emprenen un viatge per, amb Camus o sense ell, descobrir quin \u00e9s el sentit de la vida.<\/span><\/p>\n<\/div>\n<p>&nbsp;<\/p>\n<\/div>\n<\/div>\n<p><iframe loading=\"lazy\" src=\"https:\/\/www.youtube.com\/embed\/icji1-zUofk\" width=\"560\" height=\"315\" frameborder=\"0\" allowfullscreen=\"allowfullscreen\"><\/iframe><\/p>\n<p><span style=\"color: #000000;\">El preu general de l\u2019entrada \u00e9s de 4,5\u20ac i s\u2019ofereix un preu redu\u00eft de 3\u20ac presentant el carnet de la Biblioteca Municipal de La Bisbal.<\/span><\/p>\n<p><span style=\"color: #000000;\">Quant a la recaptaci\u00f3, aquesta es destinar\u00e0 a l\u2019entitat del poble que s\u2019encarregui de gestionar la taquilla en cadascuna de les projeccions, en aquest cas\u00a0els Geganters i Grallers de la Societat.<\/span><\/p>\n<p><span style=\"color: #000000;\">Per a m\u00e9s informaci\u00f3 podeu anar a l\u2019enlla\u00e7:\u00a0<a style=\"color: #000000;\" href=\"https:\/\/www.ciclegaudi.cat\/\" target=\"_blank\">https:\/\/www.ciclegaudi.cat\/<\/a><\/span><\/p>\n<hr \/>\n<div class=\"wpb_text_column wpb_content_element \">\n<div class=\"wpb_wrapper\">\n<h4><span style=\"text-decoration: underline; color: #000000;\">FICHA T\u00c9CNICA<\/span><\/h4>\n<\/div>\n<\/div>\n<div class=\"wpb_text_column wpb_content_element \">\n<div class=\"wpb_wrapper\">\n<p><span style=\"color: #000000;\">\u00a0Direcci\u00f3n:\u00a0<strong>Sergi Portabella<\/strong><\/span><\/p>\n<p><span style=\"color: #000000;\">Gui\u00f3n:\u00a0<strong>Sergi Portabella<\/strong><\/span><\/p>\n<p><span style=\"color: #000000;\">M\u00fasica:\u00a0<strong>Gerard Pastor<\/strong><\/span><\/p>\n<p><span style=\"color: #000000;\">Estreno:\u00a0<strong>Juliol de 2018<\/strong><\/span><\/p>\n<p><span style=\"color: #000000;\">Duraci\u00f3n:\u00a0<strong>90\u00a0min.<\/strong><\/span><\/p>\n<p><span style=\"color: #000000;\">G\u00e9nero:\u00a0<strong>Comedia de Ficci\u00f3n \u2013 Largometraje<\/strong><\/span><\/p>\n<p><span style=\"color: #000000;\">Versi\u00f3n:\u00a0<strong>Original en catal\u00e0<\/strong><\/span><\/p>\n<p><span style=\"color: #000000;\">Int\u00e9rpretes:<\/span><\/p>\n<p><span style=\"color: #000000;\"><strong>Max Meg\u00edas , Claudia Vega, \u00c0gata Roca, Pau Dur\u00e0, Theo Cholbi<\/strong><\/span><\/p>\n<p><span style=\"color: #000000;\">Calificaci\u00f3n:\u00a0<strong>No recomendada para menores de 12 a\u00f1os<\/strong><\/span><\/p>\n<\/div>\n<div class=\"wpb_text_column wpb_content_element \">\n<div class=\"wpb_wrapper\">\n<h4><span style=\"text-decoration: underline; color: #000000;\">SINOPSIS<\/span><\/h4>\n<\/div>\n<\/div>\n<div class=\"wpb_text_column wpb_content_element \">\n<div class=\"wpb_wrapper\">\n<p><span style=\"color: #000000;\"><strong>Francesc es un chico solitario de trece a\u00f1os que un d\u00eda en la escuela descubre El mito de S\u00edsif, de Albert Camus, y queda fascinado por las ideas del fil\u00f3sofo.<\/strong><\/span><\/p>\n<p><span style=\"color: #000000;\">A partir de este momento se hace llamar Jean-Fran\u00e7ois, se pone una chaqueta con el cuello subido y decide convertirse en existencialista. Su nuevo objetivo ser\u00e1 ir a Par\u00eds a encontrar a Camus. Lluna, una adolescente que vive el presente, lo acompa\u00f1ar\u00e1 en su aventura con una \u00fanica condici\u00f3n: hacer una parada en el camino para encontrarse con el chico franc\u00e9s con el que tuvo una historia el verano pasado.<\/span><\/p>\n<p><span style=\"color: #000000;\">Juntos emprenden un viaje para, con Camus o sin \u00e9l, descubrir cu\u00e1l es el sentido de la vida.<\/span><\/p>\n<p>&nbsp;<\/p>\n<p><iframe loading=\"lazy\" src=\"https:\/\/www.youtube.com\/embed\/icji1-zUofk\" width=\"560\" height=\"315\" frameborder=\"0\" allowfullscreen=\"allowfullscreen\"><\/iframe><\/p>\n<p><span style=\"color: #000000;\">El precio general de la entrada es de 4,5\u20ac y se ofrece un precio reducido de 3\u20ac presentando el carn\u00e9 de la Biblioteca Municipal de la Bisbal.<\/span><\/p>\n<p><span style=\"color: #000000;\">En cuanto a la recaudaci\u00f3n, esta se destinar\u00e1 a la entidad del municipio que se encargue de gestionar la taquilla en cada una de las proyecciones, en este caso los Geganters i Grallers de la Societat.<\/span><\/p>\n<p><span style=\"color: #000000;\">Para m\u00e1s informaci\u00f3n pod\u00e9is ir al enlace:\u00a0<a href=\"https:\/\/www.ciclegaudi.cat\/\" target=\"_blank\">https:\/\/www.ciclegaudi.cat\/<\/a><\/span><\/p>\n<\/div>\n<\/div>\n<\/div>\n","protected":false},"excerpt":{"rendered":"<p>FITXA\u00a0T\u00c8CNICA \u00a0Direcci\u00f3:\u00a0Sergi Portabella Gui\u00f3:\u00a0Sergi Portabella M\u00fasica:\u00a0Gerard Pastor Estrena:\u00a0Juliol de 2018 Durada:\u00a090\u00a0min. G\u00e8nere:\u00a0Com\u00e8dia de Ficci\u00f3 \u2013 Llargmetratge Versi\u00f3:\u00a0Original en catal\u00e0 Int\u00e8rprets: Max Meg\u00edas , Claudia Vega, \u00c0gata Roca, Pau Dur\u00e0, Theo &hellip; <a href=\"https:\/\/bisbalpenedes.com\/web\/2018\/09\/19\/el-diumenge-30-de-setembre-a-les-19h-podreu-veure-jean-francois-i-el-sentit-de-la-vida-al-cmc-en-el-marc-del-cicle-gaudi\/\" class=\"more-link\">Read More<\/a><\/p>\n","protected":false},"author":4,"featured_media":7076,"comment_status":"closed","ping_status":"closed","sticky":false,"template":"","format":"standard","meta":[],"categories":[13],"tags":[1198,308,813,869,2354,2264,771,2265],"_links":{"self":[{"href":"https:\/\/bisbalpenedes.com\/web\/wp-json\/wp\/v2\/posts\/7074"}],"collection":[{"href":"https:\/\/bisbalpenedes.com\/web\/wp-json\/wp\/v2\/posts"}],"about":[{"href":"https:\/\/bisbalpenedes.com\/web\/wp-json\/wp\/v2\/types\/post"}],"author":[{"embeddable":true,"href":"https:\/\/bisbalpenedes.com\/web\/wp-json\/wp\/v2\/users\/4"}],"replies":[{"embeddable":true,"href":"https:\/\/bisbalpenedes.com\/web\/wp-json\/wp\/v2\/comments?post=7074"}],"version-history":[{"count":3,"href":"https:\/\/bisbalpenedes.com\/web\/wp-json\/wp\/v2\/posts\/7074\/revisions"}],"predecessor-version":[{"id":7109,"href":"https:\/\/bisbalpenedes.com\/web\/wp-json\/wp\/v2\/posts\/7074\/revisions\/7109"}],"wp:featuredmedia":[{"embeddable":true,"href":"https:\/\/bisbalpenedes.com\/web\/wp-json\/wp\/v2\/media\/7076"}],"wp:attachment":[{"href":"https:\/\/bisbalpenedes.com\/web\/wp-json\/wp\/v2\/media?parent=7074"}],"wp:term":[{"taxonomy":"category","embeddable":true,"href":"https:\/\/bisbalpenedes.com\/web\/wp-json\/wp\/v2\/categories?post=7074"},{"taxonomy":"post_tag","embeddable":true,"href":"https:\/\/bisbalpenedes.com\/web\/wp-json\/wp\/v2\/tags?post=7074"}],"curies":[{"name":"wp","href":"https:\/\/api.w.org\/{rel}","templated":true}]}}