{"id":7069,"date":"2018-09-19T14:39:09","date_gmt":"2018-09-19T13:39:09","guid":{"rendered":"http:\/\/bisbalpenedes.com\/web\/?p=7069"},"modified":"2018-09-19T14:39:09","modified_gmt":"2018-09-19T13:39:09","slug":"el-ple-ordinari-del-passat-17-de-setembre-va-aprovar-que-paulino-oviedo-sigui-el-nou-jutge-de-pau-titular","status":"publish","type":"post","link":"https:\/\/bisbalpenedes.com\/web\/2018\/09\/19\/el-ple-ordinari-del-passat-17-de-setembre-va-aprovar-que-paulino-oviedo-sigui-el-nou-jutge-de-pau-titular\/","title":{"rendered":"El Ple Ordinari del passat 17 de setembre va aprovar que Paulino Oviedo sigui el nou Jutge de Pau titular"},"content":{"rendered":"<p style=\"text-align: justify;\"><a href=\"http:\/\/bisbalpenedes.com\/web\/wp-content\/uploads\/2018\/09\/PAULINO-OVIEDO-JUTGE-DE-PAU.jpg\"><img loading=\"lazy\" class=\"aligncenter size-medium wp-image-7055\" src=\"http:\/\/bisbalpenedes.com\/web\/wp-content\/uploads\/2018\/09\/PAULINO-OVIEDO-JUTGE-DE-PAU-300x200.jpg\" alt=\"PAULINO OVIEDO - JUTGE DE PAU\" width=\"300\" height=\"200\" srcset=\"https:\/\/bisbalpenedes.com\/web\/wp-content\/uploads\/2018\/09\/PAULINO-OVIEDO-JUTGE-DE-PAU-300x200.jpg 300w, https:\/\/bisbalpenedes.com\/web\/wp-content\/uploads\/2018\/09\/PAULINO-OVIEDO-JUTGE-DE-PAU-600x400.jpg 600w, https:\/\/bisbalpenedes.com\/web\/wp-content\/uploads\/2018\/09\/PAULINO-OVIEDO-JUTGE-DE-PAU-768x512.jpg 768w, https:\/\/bisbalpenedes.com\/web\/wp-content\/uploads\/2018\/09\/PAULINO-OVIEDO-JUTGE-DE-PAU-1024x683.jpg 1024w\" sizes=\"(max-width: 300px) 100vw, 300px\" \/><\/a><\/p>\n<p style=\"text-align: justify;\"><span style=\"color: #000000;\">El Ple Ordinari celebrat el passat dilluns 17 de setembre va aprovar, amb els vots a favor del PDeCAT (5) i la regidora no adscrita Maguy Antol\u00edn (1) i els vots en contra d&#8217;ERC (5) que Paulino Oviedo sigui el nou Jutge de Pau titular. El passat mes de mar\u00e7 Jos\u00e9 Mar\u00eda Cuadros va presentar la seva dimissi\u00f3 com a Jutge de Pau i es va iniciar la tramitaci\u00f3 per tornar a convocar la pla\u00e7a de Jutge de Pau titular. Es va presentar una sola proposta, la del sr. Paulino Oviedo, que va ser nomenat Jutge de Pau en el Ple.<\/span><\/p>\n<hr \/>\n<p style=\"text-align: justify;\"><span style=\"color: #000000;\"><strong>CASTELLANO |<\/strong> El Pleno Ordinario celebrado el pasado lunes 17 de septiembre aprob\u00f3, con los votos a favor del PDeCAT (5) y la concejala no adscrita Maguy Antol\u00edn (1) y los votos en contra de ERC (5) que Paulino Oviedo sea el nuevo Juez de Paz titular. El pasado mes de marzo Jos\u00e9 Mar\u00eda Cuadros present\u00f3 su dimisi\u00f3n como Juez de Paz y se inici\u00f3 la tramitaci\u00f3n para volver a convocar la plaza de Juez de Paz titular. Se present\u00f3 una sola propuesta, la del sr. Paulino Oviedo, que fue nombrado Juez de Paz en el Pleno.<\/span><\/p>\n","protected":false},"excerpt":{"rendered":"<p>El Ple Ordinari celebrat el passat dilluns 17 de setembre va aprovar, amb els vots a favor del PDeCAT (5) i la regidora no adscrita Maguy Antol\u00edn (1) i els &hellip; <a href=\"https:\/\/bisbalpenedes.com\/web\/2018\/09\/19\/el-ple-ordinari-del-passat-17-de-setembre-va-aprovar-que-paulino-oviedo-sigui-el-nou-jutge-de-pau-titular\/\" class=\"more-link\">Read More<\/a><\/p>\n","protected":false},"author":4,"featured_media":7055,"comment_status":"closed","ping_status":"closed","sticky":false,"template":"","format":"standard","meta":[],"categories":[4],"tags":[2319,2342,139,249],"_links":{"self":[{"href":"https:\/\/bisbalpenedes.com\/web\/wp-json\/wp\/v2\/posts\/7069"}],"collection":[{"href":"https:\/\/bisbalpenedes.com\/web\/wp-json\/wp\/v2\/posts"}],"about":[{"href":"https:\/\/bisbalpenedes.com\/web\/wp-json\/wp\/v2\/types\/post"}],"author":[{"embeddable":true,"href":"https:\/\/bisbalpenedes.com\/web\/wp-json\/wp\/v2\/users\/4"}],"replies":[{"embeddable":true,"href":"https:\/\/bisbalpenedes.com\/web\/wp-json\/wp\/v2\/comments?post=7069"}],"version-history":[{"count":2,"href":"https:\/\/bisbalpenedes.com\/web\/wp-json\/wp\/v2\/posts\/7069\/revisions"}],"predecessor-version":[{"id":7078,"href":"https:\/\/bisbalpenedes.com\/web\/wp-json\/wp\/v2\/posts\/7069\/revisions\/7078"}],"wp:featuredmedia":[{"embeddable":true,"href":"https:\/\/bisbalpenedes.com\/web\/wp-json\/wp\/v2\/media\/7055"}],"wp:attachment":[{"href":"https:\/\/bisbalpenedes.com\/web\/wp-json\/wp\/v2\/media?parent=7069"}],"wp:term":[{"taxonomy":"category","embeddable":true,"href":"https:\/\/bisbalpenedes.com\/web\/wp-json\/wp\/v2\/categories?post=7069"},{"taxonomy":"post_tag","embeddable":true,"href":"https:\/\/bisbalpenedes.com\/web\/wp-json\/wp\/v2\/tags?post=7069"}],"curies":[{"name":"wp","href":"https:\/\/api.w.org\/{rel}","templated":true}]}}