{"id":7060,"date":"2018-09-18T20:55:48","date_gmt":"2018-09-18T19:55:48","guid":{"rendered":"http:\/\/bisbalpenedes.com\/web\/?p=7060"},"modified":"2018-09-18T20:58:28","modified_gmt":"2018-09-18T19:58:28","slug":"el-pou-de-la-masieta-funciona-amb-electricitat-des-del-passat-4-de-setembre","status":"publish","type":"post","link":"https:\/\/bisbalpenedes.com\/web\/2018\/09\/18\/el-pou-de-la-masieta-funciona-amb-electricitat-des-del-passat-4-de-setembre\/","title":{"rendered":"El pou de la Masieta funciona amb electricitat des del passat 4 de setembre"},"content":{"rendered":"<p><a href=\"http:\/\/bisbalpenedes.com\/web\/wp-content\/uploads\/2018\/09\/POU-LA-MASIETA.jpg\"><img loading=\"lazy\" class=\"aligncenter size-large wp-image-7062\" src=\"http:\/\/bisbalpenedes.com\/web\/wp-content\/uploads\/2018\/09\/POU-LA-MASIETA-1024x683.jpg\" alt=\"POU LA MASIETA\" width=\"630\" height=\"420\" srcset=\"https:\/\/bisbalpenedes.com\/web\/wp-content\/uploads\/2018\/09\/POU-LA-MASIETA-1024x683.jpg 1024w, https:\/\/bisbalpenedes.com\/web\/wp-content\/uploads\/2018\/09\/POU-LA-MASIETA-600x400.jpg 600w, https:\/\/bisbalpenedes.com\/web\/wp-content\/uploads\/2018\/09\/POU-LA-MASIETA-300x200.jpg 300w, https:\/\/bisbalpenedes.com\/web\/wp-content\/uploads\/2018\/09\/POU-LA-MASIETA-768x512.jpg 768w\" sizes=\"(max-width: 630px) 100vw, 630px\" \/><\/a><\/p>\n<p><span style=\"color: #000000;\"><strong>El pou funcionava amb generador el\u00e8ctric de gasoil i l\u2019Ajuntament ha volgut millorar-ne la sostenibilitat i l\u2019efici\u00e8ncia <\/strong><\/span><\/p>\n<p><span style=\"color: #000000;\">El pou de la Masieta ha funcionat amb generador el\u00e8ctric des del moment en el qual l\u2019Ajuntament de la Bisbal del Pened\u00e8s va adquirir la cessi\u00f3 d\u2019\u00fas del pou, l\u2019any 2002. Aquest sistema de funcionament encareix els costos, requereix vigil\u00e0ncia constant per evitar que es quedi sense combustible i, a m\u00e9s, no \u00e9s sostenible. Per aquest motiu l\u2019actual equip de govern ha treballat, des de l\u2019inici d\u2019aquesta legislatura, per adaptar la instal\u00b7laci\u00f3 del pou de la Masieta al sistema de connexi\u00f3 a la xarxa el\u00e8ctrica. L\u2019Ajuntament ha dut a terme reunions amb Fecsa-Endesa i els Serveis Territorials d\u2019Empresa i Coneixement de la Generalitat de Tarragona, des de l\u2019any 2015, amb la finalitat de dur a terme el projecte d\u2019electrificaci\u00f3 del pou.<\/span><\/p>\n<p><span style=\"color: #000000;\">El cost total del projecte ha estat de 8.127,72\u20ac (IVA incl\u00f2s) corresponents a la instal\u00b7laci\u00f3 el\u00e8ctrica al pou i l\u2019escomesa m\u00e9s 655,50\u20ac (IVA incl\u00f2s) corresponents a l\u2019import de la pot\u00e8ncia a contractar amb la companyia.<\/span><\/p>\n<p><span style=\"color: #000000;\">Des del passat 4 de setembre el bombament d\u2019aigua del pou de la Masieta funciona amb el nou sistema d\u2019electricitat amb connexi\u00f3 a la xarxa el\u00e8ctrica.<\/span><\/p>\n<p><span style=\"color: #000000;\"><strong>EL POU DE LA MASIETA VA SER CEDIT L\u2019ANY 2002<\/strong><\/span><\/p>\n<p><span style=\"color: #000000;\">El Ple Ordinari del 13 de juny de 2012 va aprovar, per unanimitat, l\u2019acceptaci\u00f3 de la cessi\u00f3 d\u2019\u00fas del pou de la Masieta. Segons expressa l\u2019acta del Ple del 2002:<\/span><\/p>\n<p style=\"padding-left: 60px;\"><span style=\"color: #000000;\">\u201cDegut a la situaci\u00f3 d\u2019anormalitat del servei de subministrament d\u2019aigua a la Masieta i la il\u00b7legalitat d\u2019aig\u00fces subterr\u00e0nies, ra\u00f3 per la qual s\u2019han vingut fent gestions prop de la propiet\u00e0ria de l\u2019\u00fanic pou Sra. Pilar Verd\u00fan, a fi d\u2019evitar una tallada del subministrament per part incl\u00fas de l\u2019Ag\u00e8ncia Catalana de l\u2019Aigua. En aquest estat de coses, pr\u00e0cticament l\u2019\u00fanica sortida del problema, i segur la m\u00e9s r\u00e0pida i efica\u00e7, \u00e9s que l\u2019Ajuntament intervingui directament com a ens gestor de l\u2019aigua de la urbanitzaci\u00f3, adoptant les mesures necess\u00e0ries per a la immediata prestaci\u00f3 del servei.<\/span><\/p>\n<p style=\"padding-left: 60px;\"><span style=\"color: #000000;\">At\u00e8s que, amb data 12 de juny de 2002 va compar\u00e8ixer la Sra. Pilar Verd\u00fan, oferint la cessi\u00f3 de l\u2019\u00fas del pou tan \u00e0mpliament com correspongui, de la seva propietat, que actualment subministra aigua a algunes parcel\u00b7les de la urbanitzaci\u00f3 la Masieta.<\/span><\/p>\n<p style=\"padding-left: 60px;\"><span style=\"color: #000000;\">At\u00e8s que, segons l\u2019acta de compareixen\u00e7a, la cessi\u00f3 es fa lliure de c\u00e0rregues, grav\u00e0mens, ocupants i arrendataris, i al corrent de pagament de les obligacions fiscals<\/span><\/p>\n<p style=\"padding-left: 60px;\"><span style=\"color: #000000;\">At\u00e8s que a canvi de la cessi\u00f3 de l\u2019\u00fas de dit pou, es sol\u00b7licita es faci c\u00e0rrec l\u2019Ajuntament del cost de l\u2019avaria existent en l\u2019equip d\u2019elevaci\u00f3 de l\u2019aigua\u201d.<\/span><\/p>\n<p><span style=\"color: #000000;\">Aprovada la cessi\u00f3 del pou, l\u2019Ajuntament va arreglar l\u2019avaria posant un nou equip de generador el\u00e8ctric de gasoil, ja que el pou, aleshores, no tenia cap instal\u00b7laci\u00f3 connectada a la xarxa el\u00e8ctrica. Com que aquest sistema encareix els costos, requereix una constant vigil\u00e0ncia perqu\u00e8 no es quedi sense combustible i deixi de funcionar i, a m\u00e9s, no \u00e9s sostenible, l\u2019actual equip de govern ha procedit a fer la instal\u00b7laci\u00f3 el\u00e8ctrica corresponent perqu\u00e8 el pou funcioni connectat a la xarxa el\u00e8ctrica i no pas amb generador.<\/span><\/p>\n<hr \/>\n<p><span style=\"color: #000000;\">CASTELLANO | El pozo funcionaba con generador el\u00e9ctrico de gas\u00f3leo y el Ayuntamiento ha querido mejorar su sostenibilidad y eficiencia<\/span><\/p>\n<p><span style=\"color: #000000;\">El pozo de la Masieta ha funcinado con generador el\u00e9ctrico desde el momento en el cual el Ayuntamiento de la Bisbal del Pened\u00e8s adquiri\u00f3 la cesi\u00f3n de uso del pozo, el a\u00f1o 2002. Este sistema de funcionamiento encarece los costes, requiere de vigilancia constante para evitar que se quede sin combustible y, adem\u00e1s, no es sostenible. Por este motivo el actual equipo de gobierno ha trabajado, desde el inicio de esta legislatura, para adaptar la instalaci\u00f3n del pozo de la Masieta al sistema de conexi\u00f3n a la red el\u00e9ctrica. El Ayuntamiento ha mantenido reuniones con Fecsa-Endesa y con los Serveis Territorials d&#8217;Empresa i Coneixement de la Generalitat en Tarragona, desde el a\u00f1o 2015, con la finalidad de llevar a cabo el proyecto de electrificaci\u00f3n del pozo.<\/span><\/p>\n<p><span style=\"color: #000000;\">El coste total del proyecto ha sido de 8.127,72\u20ac (IVA incluido) correspondientes a la instalaci\u00f3n el\u00e9ctrica del pozo y a la cometida m\u00e1s 655,50\u20ac (IVA incluido) correspondientes al importe de la potencia a contratar con la compa\u00f1\u00eda.<\/span><\/p>\n<p><span style=\"color: #000000;\">Desde el pasado 4 de septiembre el bombeamiento de agua del pozo de la Masieta funciona con el nuevo sistema de electricidad con conexi\u00f3n a la red el\u00e9ctrica.<\/span><\/p>\n<p><span style=\"color: #000000;\"><strong>EL POZO DE LA MASIETA FUE CEDIDO EN EL A\u00d1O 2002\u00a0<\/strong><\/span><\/p>\n<p><span style=\"color: #000000;\">El Pleno Ordinario del 13 de junio del 2012 aprob\u00f3, por unanimidad, la aceptaci\u00f3n de la cesi\u00f3n de uso del pozo de la Masieta. Seg\u00fan expresa el acta del Pleno del 2002 (se ha traducido el texto del catal\u00e1n al castellano. En la versi\u00f3n del texto en catal\u00e1n se puede leer textualmente):<\/span><\/p>\n<p style=\"padding-left: 60px;\"><span style=\"color: #000000;\">&#8220;Debido a la situaci\u00f3n de anormalidad del servicio de suministro de agua en la Masieta y la ilegalidad de aguas subterr\u00e1neas, raz\u00f3n por la cual se han venido haciendo gestiones con la propietaria del \u00fanico pozo Sra. Pilar Verd\u00fan, a fin de evitar un corte de suministro por parte incluso de la Ag\u00e8ncia Catalana de l&#8217;Aigua. En este estado de cosas, pr\u00e1cticamente la \u00fanica salida del problema, y seguro que la m\u00e1s r\u00e1pida y eficaz, es que el Ayuntamiento intervenga directamente como ente gestor del agua de la urbanizaci\u00f3n, adoptando las medidas necesarias para la inmediata prestaci\u00f3n del servicio.<\/span><\/p>\n<p style=\"padding-left: 60px;\"><span style=\"color: #000000;\">Dado que, con fecha 12 de junio del 2002 compareci\u00f3 la Sra. Pilar Verd\u00fan, ofreciendo la cesi\u00f3n de uso del pozo tan ampliamente como corresponda, de su propiedad, que actualmente suministra agua a algunas parcelas de la urbanizaci\u00f3n la Masieta.<\/span><\/p>\n<p style=\"padding-left: 60px;\"><span style=\"color: #000000;\">Dado que, seg\u00fan el acta de comparecencia, la cesi\u00f3n se hace libre de cargas, grav\u00e1menes, ocupantes y arrendatarios, y al corriente de pago de las obligaciones fiscales.<\/span><\/p>\n<p style=\"padding-left: 60px;\"><span style=\"color: #000000;\">Dado que a cambio de la cesi\u00f3n de uso de dicho pozo, se solicita que se haga cargo el Ayuntamiento del coste de la aver\u00eda existente en el equipo de elevaci\u00f3n del agua&#8221;.<\/span><\/p>\n<p><span style=\"color: #000000;\">Aprobada la cesi\u00f3n del pozo, el Ayuntamiento arregl\u00f3 la aver\u00eda poniendo un nuevo equipo de generador el\u00e9ctrico de gas\u00f3leo, ya que el pozo, entonces, no ten\u00eda ninguna instalaci\u00f3n conectada a la red el\u00e9ctrica. Como que este sistema encarece los constes, requiere de una constante vigilancia para que no se quede sin combustible y deje de funcionar y, adem\u00e1s, no es sostenible, el actual equipo de gobierno ha procedido a hacer la instalaci\u00f3n el\u00e9ctrica correspondiente para que el pozo funcione conectado a la red el\u00e9ctrica y no con generador.<\/span><\/p>\n<p>&nbsp;<\/p>\n<p>&nbsp;<\/p>\n","protected":false},"excerpt":{"rendered":"<p>El pou funcionava amb generador el\u00e8ctric de gasoil i l\u2019Ajuntament ha volgut millorar-ne la sostenibilitat i l\u2019efici\u00e8ncia El pou de la Masieta ha funcionat amb generador el\u00e8ctric des del moment &hellip; <a href=\"https:\/\/bisbalpenedes.com\/web\/2018\/09\/18\/el-pou-de-la-masieta-funciona-amb-electricitat-des-del-passat-4-de-setembre\/\" class=\"more-link\">Read More<\/a><\/p>\n","protected":false},"author":4,"featured_media":7062,"comment_status":"closed","ping_status":"closed","sticky":false,"template":"","format":"standard","meta":[],"categories":[8],"tags":[1092,442,2347,195,275,2053],"_links":{"self":[{"href":"https:\/\/bisbalpenedes.com\/web\/wp-json\/wp\/v2\/posts\/7060"}],"collection":[{"href":"https:\/\/bisbalpenedes.com\/web\/wp-json\/wp\/v2\/posts"}],"about":[{"href":"https:\/\/bisbalpenedes.com\/web\/wp-json\/wp\/v2\/types\/post"}],"author":[{"embeddable":true,"href":"https:\/\/bisbalpenedes.com\/web\/wp-json\/wp\/v2\/users\/4"}],"replies":[{"embeddable":true,"href":"https:\/\/bisbalpenedes.com\/web\/wp-json\/wp\/v2\/comments?post=7060"}],"version-history":[{"count":3,"href":"https:\/\/bisbalpenedes.com\/web\/wp-json\/wp\/v2\/posts\/7060\/revisions"}],"predecessor-version":[{"id":7064,"href":"https:\/\/bisbalpenedes.com\/web\/wp-json\/wp\/v2\/posts\/7060\/revisions\/7064"}],"wp:featuredmedia":[{"embeddable":true,"href":"https:\/\/bisbalpenedes.com\/web\/wp-json\/wp\/v2\/media\/7062"}],"wp:attachment":[{"href":"https:\/\/bisbalpenedes.com\/web\/wp-json\/wp\/v2\/media?parent=7060"}],"wp:term":[{"taxonomy":"category","embeddable":true,"href":"https:\/\/bisbalpenedes.com\/web\/wp-json\/wp\/v2\/categories?post=7060"},{"taxonomy":"post_tag","embeddable":true,"href":"https:\/\/bisbalpenedes.com\/web\/wp-json\/wp\/v2\/tags?post=7060"}],"curies":[{"name":"wp","href":"https:\/\/api.w.org\/{rel}","templated":true}]}}