{"id":7038,"date":"2018-09-18T14:33:05","date_gmt":"2018-09-18T13:33:05","guid":{"rendered":"http:\/\/bisbalpenedes.com\/web\/?p=7038"},"modified":"2018-09-18T14:34:23","modified_gmt":"2018-09-18T13:34:23","slug":"el-dia-30-de-setembre-finalitza-el-termini-maxim-per-presentar-sollicituds-per-a-diverses-subvencions-escolars","status":"publish","type":"post","link":"https:\/\/bisbalpenedes.com\/web\/2018\/09\/18\/el-dia-30-de-setembre-finalitza-el-termini-maxim-per-presentar-sollicituds-per-a-diverses-subvencions-escolars\/","title":{"rendered":"El dia 30 de setembre finalitza el termini m\u00e0xim per presentar sol\u00b7licituds per a diverses subvencions escolars"},"content":{"rendered":"<p><span style=\"color: #000000;\">La Regidoria d&#8217;Educaci\u00f3 informa que encara est\u00e0 obert el termini per demanar subvencions per al transport escolar del Consell Comarcal, els llibres de text i el menjador escolar de l&#8217;Escola Ull de Vent i la Llar d&#8217;Infants Municipal. El termini m\u00e0xim per presentar sol\u00b7licituds a l&#8217;Ajuntament ser\u00e0 el 30 de setembre de 2018, data en la qual \u00e9s indispensable que els sol\u00b7lcitants estiguin al corrent de pagament (no siguin deutors)\u00a0amb l&#8217;Ag\u00e8ncia Estatal de l&#8217;Administraci\u00f3 Tribut\u00e0ria, de la Tresoreria General de la Seguretat Social i de la Hisenda Municipal.<\/span><\/p>\n<p><span style=\"color: #000000;\"><strong>CIRCULAR DE LA REGIDORIA D&#8217;EDUCACI\u00d3:\u00a0<a style=\"color: #000000;\" href=\"http:\/\/bisbalpenedes.com\/web\/wp-content\/uploads\/2018\/09\/CIRCULAR-SUBVENCIONS-ESCOLARS-2018-2019-1.docx\">CIRCULAR SUBVENCIONS ESCOLARS &#8211; 2018-2019<\/a><\/strong><\/span><\/p>\n<p><span style=\"color: #000000;\">Us adjuntem les bases de la convocat\u00f2ria i el model de sol\u00b7licitud:\u00a0<\/span><\/p>\n<p><span style=\"color: #000000;\"><strong>TRANSPORT ESCOLAR DEL CONSELL COMARCAL DEL BAIX PENED\u00c8S (Escola Ull de Vent)<\/strong><\/span><\/p>\n<p style=\"padding-left: 30px;\"><span style=\"color: #000000;\">Bases:\u00a0<a style=\"color: #000000;\" href=\"http:\/\/bisbalpenedes.com\/web\/wp-content\/uploads\/2018\/07\/Bases-Convocatoria-Subvencions-Transport-Escolar-2018-2019.pdf\">Bases Convocatoria Subvencions Transport Escolar &#8211; 2018-2019<\/a><\/span><\/p>\n<p style=\"padding-left: 30px;\"><span style=\"color: #000000;\">Model de Sol\u00b7licitud:\u00a0<a style=\"color: #000000;\" href=\"http:\/\/bisbalpenedes.com\/web\/wp-content\/uploads\/2018\/07\/FORMULARI-SUBVENCIONS-TRANSPORT-2018-2019.pdf\">FORMULARI SUBVENCIONS TRANSPORT 2018-2019<\/a><\/span><\/p>\n<p><span style=\"color: #000000;\"><strong>LLIBRES DE TEXT (Escola Ull de Vent i Institut Coster de la Torre)<\/strong><\/span><\/p>\n<p style=\"padding-left: 30px;\"><span style=\"color: #000000;\">Bases:\u00a0<a style=\"color: #000000;\" href=\"http:\/\/bisbalpenedes.com\/web\/wp-content\/uploads\/2018\/07\/Bases-Convocatoria-Subvencions-Llibres-Escolars-2018-2019.pdf\">Bases Convocatoria Subvencions Llibres Escolars &#8211; 2018-2019<\/a><\/span><\/p>\n<p style=\"padding-left: 30px;\"><span style=\"color: #000000;\">Model de Sol\u00b7licitud:\u00a0<a style=\"color: #000000;\" href=\"http:\/\/bisbalpenedes.com\/web\/wp-content\/uploads\/2018\/07\/FORMULARI-SUBVENCIONS-LLIBRES-2018-2019.pdf\">FORMULARI SUBVENCIONS LLIBRES 2018-2019<\/a><\/span><\/p>\n<p><span style=\"color: #000000;\"><strong>MENJADOR ESCOLAR (Escola Ull de Vent i Llar d&#8217;Infants l&#8217;Oreneta)<\/strong><\/span><\/p>\n<p style=\"padding-left: 30px;\"><span style=\"color: #000000;\">Bases:\u00a0<a style=\"color: #000000;\" href=\"http:\/\/bisbalpenedes.com\/web\/wp-content\/uploads\/2018\/07\/Bases-Convocatoria-Subvencions-Menjador-Escolar-2018-2019.pdf\">Bases Convocatoria Subvencions Menjador Escolar &#8211; 2018-2019<\/a><\/span><\/p>\n<p style=\"padding-left: 30px;\"><span style=\"color: #000000;\">Model de Sol\u00b7licitud:\u00a0<a style=\"color: #000000;\" href=\"http:\/\/bisbalpenedes.com\/web\/wp-content\/uploads\/2018\/07\/FORMULARI-SUBVENCIONS-MENJADOR-2018-2019.pdf\">FORMULARI SUBVENCIONS MENJADOR 2018-2019<\/a><\/span><\/p>\n<p>&nbsp;<\/p>\n<hr \/>\n<p><span style=\"color: #000000;\"><strong>CASTELLANO<\/strong>\u00a0| La Regidoria d&#8217;Educaci\u00f3 informa que todav\u00eda est\u00e1 abierto el plazo para solicitar subvenciones para el transporte escolar del Consell Comarcal, los libros de texto y el comedor escolar de la Escola Ull de Vent y la Llar d&#8217;Infants Municipal. La fecha m\u00e1xima para presentar solicitudes al Ayuntamiento ser\u00e1 el 30 de septiembre del 2018 fecha en la cual los solicitantes deber\u00e1n estar al corriente de pago (no ser deudores) con la Agencia Estatal de la Administraci\u00f3n Tributaria, la Tesorer\u00eda General de la Seguridad Social y la Hacienda Municipal.<\/span><\/p>\n<p><span style=\"color: #000000;\"><strong>CIRCULAR DE LA REGIDORIA D&#8217;EDUCACI\u00d3:\u00a0<a style=\"color: #000000;\" href=\"http:\/\/bisbalpenedes.com\/web\/wp-content\/uploads\/2018\/09\/CIRCULAR-SUBVENCIONS-ESCOLARS-2018-2019-1.docx\">CIRCULAR SUBVENCIONS ESCOLARS &#8211; 2018-2019<\/a><\/strong><\/span><\/p>\n<p><span style=\"color: #000000;\">Os adjuntamos las bases de la convocatoria y el modelo de solicitud:<\/span><\/p>\n<p><span style=\"color: #000000;\"><strong>TRANSPORTE ESCOLAR DEL CONSELL COMARCAL DEL BAIX PENED\u00c8S (Escola Ull de Vent)<\/strong><\/span><\/p>\n<p style=\"padding-left: 30px;\"><span style=\"color: #000000;\">Bases:\u00a0<a style=\"color: #000000;\" href=\"http:\/\/bisbalpenedes.com\/web\/wp-content\/uploads\/2018\/07\/Bases-Convocatoria-Subvencions-Transport-Escolar-2018-2019.pdf\">Bases Convocatoria Subvencions Transport Escolar &#8211; 2018-2019<\/a><\/span><\/p>\n<p style=\"padding-left: 30px;\"><span style=\"color: #000000;\">Modelo de Solicitud:<a style=\"color: #000000;\" href=\"http:\/\/bisbalpenedes.com\/web\/wp-content\/uploads\/2018\/07\/FORMULARI-SUBVENCIONS-TRANSPORT-2018-2019.pdf\">FORMULARI SUBVENCIONS TRANSPORT 2018-2019<\/a><\/span><\/p>\n<p><span style=\"color: #000000;\"><strong>LIBROS DE TEXTO (Escola Ull de Vent e Instituto Coster de la Torre)<\/strong><\/span><\/p>\n<p style=\"padding-left: 30px;\"><span style=\"color: #000000;\">Bases:\u00a0<a style=\"color: #000000;\" href=\"http:\/\/bisbalpenedes.com\/web\/wp-content\/uploads\/2018\/07\/Bases-Convocatoria-Subvencions-Llibres-Escolars-2018-2019.pdf\">Bases Convocatoria Subvencions Llibres Escolars &#8211; 2018-2019<\/a><\/span><\/p>\n<p style=\"padding-left: 30px;\"><span style=\"color: #000000;\">Modelo de Solicitud:\u00a0<a style=\"color: #000000;\" href=\"http:\/\/bisbalpenedes.com\/web\/wp-content\/uploads\/2018\/07\/FORMULARI-SUBVENCIONS-LLIBRES-2018-2019.pdf\">FORMULARI SUBVENCIONS LLIBRES 2018-2019<\/a><\/span><\/p>\n<p><span style=\"color: #000000;\"><strong>COMEDOR\u00a0ESCOLAR (Escola Ull de Vent i Llar d&#8217;Infants l&#8217;Oreneta)<\/strong><\/span><\/p>\n<p style=\"padding-left: 30px;\"><span style=\"color: #000000;\">Bases:\u00a0<a style=\"color: #000000;\" href=\"http:\/\/bisbalpenedes.com\/web\/wp-content\/uploads\/2018\/07\/Bases-Convocatoria-Subvencions-Menjador-Escolar-2018-2019.pdf\">Bases Convocatoria Subvencions Menjador Escolar &#8211; 2018-2019<\/a><\/span><\/p>\n<p style=\"padding-left: 30px;\"><span style=\"color: #000000;\">Modelo de Solicitud:\u00a0<a style=\"color: #000000;\" href=\"http:\/\/bisbalpenedes.com\/web\/wp-content\/uploads\/2018\/07\/FORMULARI-SUBVENCIONS-MENJADOR-2018-2019.pdf\">FORMULARI SUBVENCIONS MENJADOR 2018-2019<\/a><\/span><\/p>\n<p>&nbsp;<\/p>\n","protected":false},"excerpt":{"rendered":"<p>La Regidoria d&#8217;Educaci\u00f3 informa que encara est\u00e0 obert el termini per demanar subvencions per al transport escolar del Consell Comarcal, els llibres de text i el menjador escolar de l&#8217;Escola &hellip; <a href=\"https:\/\/bisbalpenedes.com\/web\/2018\/09\/18\/el-dia-30-de-setembre-finalitza-el-termini-maxim-per-presentar-sollicituds-per-a-diverses-subvencions-escolars\/\" class=\"more-link\">Read More<\/a><\/p>\n","protected":false},"author":4,"featured_media":6391,"comment_status":"closed","ping_status":"closed","sticky":false,"template":"","format":"standard","meta":[],"categories":[16],"tags":[2086,65,2336,68,272,148,113,99,1650,1651,102,184,2335],"_links":{"self":[{"href":"https:\/\/bisbalpenedes.com\/web\/wp-json\/wp\/v2\/posts\/7038"}],"collection":[{"href":"https:\/\/bisbalpenedes.com\/web\/wp-json\/wp\/v2\/posts"}],"about":[{"href":"https:\/\/bisbalpenedes.com\/web\/wp-json\/wp\/v2\/types\/post"}],"author":[{"embeddable":true,"href":"https:\/\/bisbalpenedes.com\/web\/wp-json\/wp\/v2\/users\/4"}],"replies":[{"embeddable":true,"href":"https:\/\/bisbalpenedes.com\/web\/wp-json\/wp\/v2\/comments?post=7038"}],"version-history":[{"count":3,"href":"https:\/\/bisbalpenedes.com\/web\/wp-json\/wp\/v2\/posts\/7038\/revisions"}],"predecessor-version":[{"id":7046,"href":"https:\/\/bisbalpenedes.com\/web\/wp-json\/wp\/v2\/posts\/7038\/revisions\/7046"}],"wp:featuredmedia":[{"embeddable":true,"href":"https:\/\/bisbalpenedes.com\/web\/wp-json\/wp\/v2\/media\/6391"}],"wp:attachment":[{"href":"https:\/\/bisbalpenedes.com\/web\/wp-json\/wp\/v2\/media?parent=7038"}],"wp:term":[{"taxonomy":"category","embeddable":true,"href":"https:\/\/bisbalpenedes.com\/web\/wp-json\/wp\/v2\/categories?post=7038"},{"taxonomy":"post_tag","embeddable":true,"href":"https:\/\/bisbalpenedes.com\/web\/wp-json\/wp\/v2\/tags?post=7038"}],"curies":[{"name":"wp","href":"https:\/\/api.w.org\/{rel}","templated":true}]}}