{"id":7025,"date":"2018-09-14T13:15:32","date_gmt":"2018-09-14T12:15:32","guid":{"rendered":"http:\/\/bisbalpenedes.com\/web\/?p=7025"},"modified":"2018-09-14T13:15:32","modified_gmt":"2018-09-14T12:15:32","slug":"el-raco-de-la-gent-gran-ofereix-un-ampli-ventall-de-serveis-i-activitats","status":"publish","type":"post","link":"https:\/\/bisbalpenedes.com\/web\/2018\/09\/14\/el-raco-de-la-gent-gran-ofereix-un-ampli-ventall-de-serveis-i-activitats\/","title":{"rendered":"El Rac\u00f3 de la Gent Gran ofereix un ampli ventall de serveis i activitats"},"content":{"rendered":"<p style=\"text-align: justify;\"><span style=\"color: #000000;\">El Rac\u00f3 de la Gent Gran ha obert les seves portes aquest setembre i ofereix activitats variades cada dia, de dilluns a divendres. Durant el mat\u00ed, acull les activitats del parc de salut, l\u2019activitat f\u00edsica saludable i el benestar emocional. Durant les tardes, \u00e9s la seu de l\u2019Associaci\u00f3 de la Gent Gran i, des de la Regidoria de Gent Gran, s\u2019ofereixen les seg\u00fcents activitats i serveis:<\/span><\/p>\n<p style=\"padding-left: 30px; text-align: justify;\"><span style=\"color: #000000;\">-Dilluns: Jocs de taula<\/span><\/p>\n<p style=\"padding-left: 30px; text-align: justify;\"><span style=\"color: #000000;\">-Dimarts: Manualitats<\/span><\/p>\n<p style=\"padding-left: 30px; text-align: justify;\"><span style=\"color: #000000;\">-Dimecres: Club de lectura i tel\u00e8fons m\u00f2bils<\/span><\/p>\n<p style=\"padding-left: 30px; text-align: justify;\"><span style=\"color: #000000;\">-Dijous: Jocs de l\u00f2gica i de mem\u00f2ria<\/span><\/p>\n<p style=\"padding-left: 30px; text-align: justify;\"><span style=\"color: #000000;\">-Divendres: Manualitats<\/span><\/p>\n<p style=\"text-align: justify;\"><span style=\"color: #000000;\">A m\u00e9s, hi ha espai de lectura de diaris i revistes, s\u2019hi poden fer activitats per lliure i hi ha un espai d\u2019atenci\u00f3 a l\u2019usuari i als familiars dels usuaris.<\/span><\/p>\n<p style=\"text-align: justify;\"><span style=\"color: #000000;\">La Regidora de la Gent Gran, Judit Vidal, ha explicat que la intenci\u00f3 \u00e9s que la gent gran del municipi pugui trobar-se a gust en un espai com\u00fa, compartint activitats, jocs i experi\u00e8ncies amb el suport d\u2019un t\u00e8cnic especialista. \u201cEl nostre objectiu \u00e9s escoltar i estar al costat de la gent gran aix\u00ed com satisfer les necessitats d\u2019aquest col\u00b7lectiu\u201d. Per aix\u00f2, m\u00e9s enll\u00e0 de les activitats programades, des de la Regidoria tamb\u00e9 s\u2019oferiran activitats complement\u00e0ries o puntuals. Quant a l\u2019espai, ubicat a l&#8217;Era de Batre, la regidora ha explicat que \u201ccalia donar-li un \u00fas a aquest espai i per aix\u00f2 hem creat el Rac\u00f3 de la Gent Gran, amb la intenci\u00f3 de dinamitzar aquest col\u00b7lectiu i que la nostra gent gran se senti com a casa\u201d.<\/span><\/p>\n<hr \/>\n<p style=\"text-align: justify;\"><span style=\"color: #000000;\"><strong>CASTELLANO |<\/strong> El Rac\u00f3 de la Gent Gran ha abierto sus puertas este mes de septiembre y ofrece actividades variadas todos los d\u00edas, de lunes a viernes. Durante la ma\u00f1ana, acoge las actividades de salud, actividad f\u00edsica saludable y bienestar emocional. Durante las tardes, es la sede de la Associaci\u00f3 de la Gent Gran y, desde la Regidoria de Gent Gran, se ofrecen las siguientes actividades y servicios:<\/span><\/p>\n<p style=\"padding-left: 30px; text-align: justify;\"><span style=\"color: #000000;\">-Lunes: Juegos de mesa<\/span><\/p>\n<p style=\"padding-left: 30px; text-align: justify;\"><span style=\"color: #000000;\">-Martes: Manualidades<\/span><\/p>\n<p style=\"padding-left: 30px; text-align: justify;\"><span style=\"color: #000000;\">-Mi\u00e9rcoles: Club de lectura y tel\u00e9fonos m\u00f3viles<\/span><\/p>\n<p style=\"padding-left: 30px; text-align: justify;\"><span style=\"color: #000000;\">-Jueves: Juegos de l\u00f3gica y de memoria<\/span><\/p>\n<p style=\"padding-left: 30px; text-align: justify;\"><span style=\"color: #000000;\">-Viernes: Manualidades<\/span><\/p>\n<p style=\"text-align: justify;\"><span style=\"color: #000000;\">Adem\u00e1s, hay espacio de lectura de diarios y revistas, se pueden hacer actividades por libre y hay un espacio de atenci\u00f3n al usuario y a sus familiares.<\/span><\/p>\n<p style=\"text-align: justify;\">\n<p style=\"padding-left: 30px; text-align: justify;\">\n<p style=\"text-align: justify;\"><span style=\"color: #000000;\">La Regidora de Gent Gran, Judit Vidal, ha explicado que la intenci\u00f3n es que la gente mayor del municipio pueda encontrarse a gusto en un espacio com\u00fan, compartiendo actividades, juegos y experiencias con el soporte de un t\u00e9cnico especialista. &#8220;Nuestro objetivo es escuchar y estar cerca de la gente mayor as\u00ed como satisfacer las necesidades de este colectivo&#8221;. Por eso, m\u00e1s all\u00e1 de las actividades programadas, desde la Regidoria tambi\u00e9n se ofrecer\u00e1n actividades complementarias o puntuales. En cuanto al espacio, ubicado en l&#8217;Era de Batre, la regidora ha explicado que &#8220;era necesario darle un uso a este espacio y por eso hemos creado el Rac\u00f3 de la Gent Gran, con la intenci\u00f3n de dinamizar este colectivo y que nuestra gente mayor se sienta como en casa&#8221;.<\/span><\/p>\n<p>&nbsp;<\/p>\n<p><strong>\u00a0<\/strong><\/p>\n","protected":false},"excerpt":{"rendered":"<p>El Rac\u00f3 de la Gent Gran ha obert les seves portes aquest setembre i ofereix activitats variades cada dia, de dilluns a divendres. Durant el mat\u00ed, acull les activitats del &hellip; <a href=\"https:\/\/bisbalpenedes.com\/web\/2018\/09\/14\/el-raco-de-la-gent-gran-ofereix-un-ampli-ventall-de-serveis-i-activitats\/\" class=\"more-link\">Read More<\/a><\/p>\n","protected":false},"author":4,"featured_media":7026,"comment_status":"closed","ping_status":"closed","sticky":false,"template":"","format":"standard","meta":[],"categories":[8],"tags":[230,412,305,1482,2325,1484,127,994,1583,1360,2115,2027,2326],"_links":{"self":[{"href":"https:\/\/bisbalpenedes.com\/web\/wp-json\/wp\/v2\/posts\/7025"}],"collection":[{"href":"https:\/\/bisbalpenedes.com\/web\/wp-json\/wp\/v2\/posts"}],"about":[{"href":"https:\/\/bisbalpenedes.com\/web\/wp-json\/wp\/v2\/types\/post"}],"author":[{"embeddable":true,"href":"https:\/\/bisbalpenedes.com\/web\/wp-json\/wp\/v2\/users\/4"}],"replies":[{"embeddable":true,"href":"https:\/\/bisbalpenedes.com\/web\/wp-json\/wp\/v2\/comments?post=7025"}],"version-history":[{"count":1,"href":"https:\/\/bisbalpenedes.com\/web\/wp-json\/wp\/v2\/posts\/7025\/revisions"}],"predecessor-version":[{"id":7027,"href":"https:\/\/bisbalpenedes.com\/web\/wp-json\/wp\/v2\/posts\/7025\/revisions\/7027"}],"wp:featuredmedia":[{"embeddable":true,"href":"https:\/\/bisbalpenedes.com\/web\/wp-json\/wp\/v2\/media\/7026"}],"wp:attachment":[{"href":"https:\/\/bisbalpenedes.com\/web\/wp-json\/wp\/v2\/media?parent=7025"}],"wp:term":[{"taxonomy":"category","embeddable":true,"href":"https:\/\/bisbalpenedes.com\/web\/wp-json\/wp\/v2\/categories?post=7025"},{"taxonomy":"post_tag","embeddable":true,"href":"https:\/\/bisbalpenedes.com\/web\/wp-json\/wp\/v2\/tags?post=7025"}],"curies":[{"name":"wp","href":"https:\/\/api.w.org\/{rel}","templated":true}]}}