{"id":7009,"date":"2018-09-14T11:15:27","date_gmt":"2018-09-14T10:15:27","guid":{"rendered":"http:\/\/bisbalpenedes.com\/web\/?p=7009"},"modified":"2018-09-14T11:20:45","modified_gmt":"2018-09-14T10:20:45","slug":"diversos-cursos-de-la-regidoria-docupacio-tenen-les-inscripcions-obertes","status":"publish","type":"post","link":"https:\/\/bisbalpenedes.com\/web\/2018\/09\/14\/diversos-cursos-de-la-regidoria-docupacio-tenen-les-inscripcions-obertes\/","title":{"rendered":"Diversos cursos de la Regidoria d&#8217;Ocupaci\u00f3 tenen les inscripcions obertes"},"content":{"rendered":"<p><span style=\"color: #000000;\"><b>OFERTA DE CURSOS AMB LES INSCRIPCIONS OBERTES<\/b><\/span><\/p>\n<p style=\"text-align: left;\"><span style=\"color: #000000;\"><img loading=\"lazy\" class=\"img\" src=\"https:\/\/static.xx.fbcdn.net\/images\/emoji.php\/v9\/fbe\/1\/16\/1f4e7.png\" alt=\"\" width=\"16\" height=\"16\" \/><b>Curs gratu\u00eft sobre el correu electr\u00f2nic i el seu \u00fas<\/b><\/span><br \/>\n<span style=\"color: #000000;\"> <img loading=\"lazy\" class=\"img\" src=\"https:\/\/static.xx.fbcdn.net\/images\/emoji.php\/v9\/fac\/1\/16\/1f64b_200d_2642.png\" alt=\"\" width=\"16\" height=\"16\" \/>Adre\u00e7at a aturats sense correu electr\u00f2nic o que el tinguin creat i no el s\u00e0piguen usar<\/span><br \/>\n<span style=\"color: #000000;\"> <img loading=\"lazy\" class=\"img\" src=\"https:\/\/static.xx.fbcdn.net\/images\/emoji.php\/v9\/f5c\/1\/16\/1f5d3.png\" alt=\"\" width=\"16\" height=\"16\" \/>Data a triar entre el 5, el 19 o el 26 d&#8217;octubre i el 2 de novembre<\/span><br \/>\n<span style=\"color: #000000;\"> <img loading=\"lazy\" class=\"img\" src=\"https:\/\/static.xx.fbcdn.net\/images\/emoji.php\/v9\/fc0\/1\/16\/1f4e9.png\" alt=\"\" width=\"16\" height=\"16\" \/>Objectius: crear una adre\u00e7a de correu electr\u00f2nic i utilitzar-la per a la recerca activa de feina<\/span><br \/>\n<span style=\"color: #000000;\"> <img loading=\"lazy\" class=\"img\" src=\"https:\/\/static.xx.fbcdn.net\/images\/emoji.php\/v9\/f51\/1\/16\/1f449.png\" alt=\"\" width=\"16\" height=\"16\" \/>Imparteix:\u00a0<a class=\"profileLink\" style=\"color: #000000;\" href=\"https:\/\/www.facebook.com\/ugtcatalunya\/?fref=mentions&amp;__xts__%5B0%5D=68.ARBC3PjcYW3AFKvj67ByC2KY-1D3_3fwAEslOgHYvHVgsTHQ59CbK6kYr3grlKkP07QnhyIEUkORB41EDZ0_Q7Q-EbThSjN1X1oP0VJoe34x_1JZqtr7R5oLEaKj2rgTDiv37RacvH1us3J-t2rFNFPBNQV2L6aULsGPFzH0GmZFljDEQeJSzw&amp;__tn__=K-R\" data-hovercard=\"\/ajax\/hovercard\/page.php?id=143105059091960&amp;extragetparams=%7B%22fref%22%3A%22mentions%22%7D\" data-hovercard-prefer-more-content-show=\"1\">Ugt Catalunya<\/a><\/span><br \/>\n<span style=\"color: #000000;\"> <img loading=\"lazy\" class=\"img\" src=\"https:\/\/static.xx.fbcdn.net\/images\/emoji.php\/v9\/fe2\/1\/16\/270d.png\" alt=\"\" width=\"16\" height=\"16\" \/>Inscripcions al\u00a0<a class=\"profileLink\" style=\"color: #000000;\" href=\"https:\/\/www.facebook.com\/sombisbal\/?fref=mentions&amp;__xts__%5B0%5D=68.ARBC3PjcYW3AFKvj67ByC2KY-1D3_3fwAEslOgHYvHVgsTHQ59CbK6kYr3grlKkP07QnhyIEUkORB41EDZ0_Q7Q-EbThSjN1X1oP0VJoe34x_1JZqtr7R5oLEaKj2rgTDiv37RacvH1us3J-t2rFNFPBNQV2L6aULsGPFzH0GmZFljDEQeJSzw&amp;__tn__=K-R\" data-hovercard=\"\/ajax\/hovercard\/page.php?id=243374806044400&amp;extragetparams=%7B%22fref%22%3A%22mentions%22%7D\" data-hovercard-prefer-more-content-show=\"1\">SOM Bisbal<\/a>\u00a0fins al 27 de setembre<\/span><\/p>\n<p style=\"text-align: left;\"><span style=\"color: #000000;\"><a style=\"color: #000000;\" href=\"http:\/\/bisbalpenedes.com\/web\/wp-content\/uploads\/2018\/09\/SOM-Correu-Electronic.jpg\"><img loading=\"lazy\" class=\"size-full wp-image-7011\" src=\"http:\/\/bisbalpenedes.com\/web\/wp-content\/uploads\/2018\/09\/SOM-Correu-Electronic.jpg\" alt=\"SOM-Correu-Electronic\" width=\"711\" height=\"525\" srcset=\"https:\/\/bisbalpenedes.com\/web\/wp-content\/uploads\/2018\/09\/SOM-Correu-Electronic.jpg 711w, https:\/\/bisbalpenedes.com\/web\/wp-content\/uploads\/2018\/09\/SOM-Correu-Electronic-600x443.jpg 600w, https:\/\/bisbalpenedes.com\/web\/wp-content\/uploads\/2018\/09\/SOM-Correu-Electronic-300x222.jpg 300w\" sizes=\"(max-width: 711px) 100vw, 711px\" \/><\/a><\/span><\/p>\n<p><span style=\"color: #000000;\"><img loading=\"lazy\" class=\"img\" src=\"https:\/\/static.xx.fbcdn.net\/images\/emoji.php\/v9\/f8c\/1\/16\/1f4bb.png\" alt=\"\" width=\"16\" height=\"16\" \/><b>Curs d&#8217;inform\u00e0tica inicial<\/b><\/span><br \/>\n<span style=\"color: #000000;\"> <img loading=\"lazy\" class=\"img\" src=\"https:\/\/static.xx.fbcdn.net\/images\/emoji.php\/v9\/ff0\/1\/16\/2328.png\" alt=\"\" width=\"16\" height=\"16\" \/>Per aquells que vulguin aprendre el funcionament de la inform\u00e0tica i d&#8217;internet<\/span><br \/>\n<span style=\"color: #000000;\"> <img loading=\"lazy\" class=\"img\" src=\"https:\/\/static.xx.fbcdn.net\/images\/emoji.php\/v9\/f51\/1\/16\/1f449.png\" alt=\"\" width=\"16\" height=\"16\" \/>Els participants han de tenir pocs coneixements de la mat\u00e8ria o nocions molt elementals<\/span><br \/>\n<span style=\"color: #000000;\"> <img loading=\"lazy\" class=\"img\" src=\"https:\/\/static.xx.fbcdn.net\/images\/emoji.php\/v9\/fbe\/1\/16\/1f4e7.png\" alt=\"\" width=\"16\" height=\"16\" \/>Es treballar\u00e0 el sistema operatiu, tractament de textos, full de c\u00e0lcul, internet (buscar informaci\u00f3, correu electr\u00f2nic&#8230;)<\/span><br \/>\n<span style=\"color: #000000;\"> <img loading=\"lazy\" class=\"img\" src=\"https:\/\/static.xx.fbcdn.net\/images\/emoji.php\/v9\/f5c\/1\/16\/1f5d3.png\" alt=\"\" width=\"16\" height=\"16\" \/>Del 25 de setembre a l&#8217;11 de desembre<\/span><br \/>\n<span style=\"color: #000000;\"> <img loading=\"lazy\" class=\"img\" src=\"https:\/\/static.xx.fbcdn.net\/images\/emoji.php\/v9\/ffa\/1\/16\/231a.png\" alt=\"\" width=\"16\" height=\"16\" \/>Els dimarts i els divendres de 9.15h a 11.15h<\/span><br \/>\n<span style=\"color: #000000;\"> <img loading=\"lazy\" class=\"img\" src=\"https:\/\/static.xx.fbcdn.net\/images\/emoji.php\/v9\/f77\/1\/16\/1f3e1.png\" alt=\"\" width=\"16\" height=\"16\" \/>Aula de formaci\u00f3 (planta baixa de l&#8217;Hotel d&#8217;Entitats)<\/span><br \/>\n<span style=\"color: #000000;\"> <img loading=\"lazy\" class=\"img\" src=\"https:\/\/static.xx.fbcdn.net\/images\/emoji.php\/v9\/fe2\/1\/16\/270d.png\" alt=\"\" width=\"16\" height=\"16\" \/>Inscripcions fins al dijous 20 de setembre al\u00a0<a class=\"profileLink\" style=\"color: #000000;\" href=\"https:\/\/www.facebook.com\/sombisbal\/?fref=mentions&amp;__xts__%5B0%5D=68.ARDjIBHYvO97c8c0MosPHZo0qCkEaiLmdbAPhQYai_nylvOOWbnULEcYiPu3RkMHmFNYS-D60ioGTgq9S4xwsnegN6eraPxCC-Zcdm8stLRE6nMj25xA4-rgR7jLKXIkx0-3VM5Vzv1GHqMpHdHU3eqVjnXqtwlnB77McRJbBiV-GhsjP7BCpg&amp;__tn__=K-R\" data-hovercard=\"\/ajax\/hovercard\/page.php?id=243374806044400&amp;extragetparams=%7B%22fref%22%3A%22mentions%22%7D\" data-hovercard-prefer-more-content-show=\"1\">SOM Bisbal<\/a><\/span><\/p>\n<p>&nbsp;<\/p>\n<p><span style=\"color: #000000;\"><a style=\"color: #000000;\" href=\"http:\/\/bisbalpenedes.com\/web\/wp-content\/uploads\/2018\/09\/SOM-Informatica-Inicial.jpg\"><img loading=\"lazy\" class=\"size-full wp-image-7012 alignleft\" src=\"http:\/\/bisbalpenedes.com\/web\/wp-content\/uploads\/2018\/09\/SOM-Informatica-Inicial.jpg\" alt=\"SOM-Informatica-Inicial\" width=\"711\" height=\"525\" srcset=\"https:\/\/bisbalpenedes.com\/web\/wp-content\/uploads\/2018\/09\/SOM-Informatica-Inicial.jpg 711w, https:\/\/bisbalpenedes.com\/web\/wp-content\/uploads\/2018\/09\/SOM-Informatica-Inicial-600x443.jpg 600w, https:\/\/bisbalpenedes.com\/web\/wp-content\/uploads\/2018\/09\/SOM-Informatica-Inicial-300x222.jpg 300w\" sizes=\"(max-width: 711px) 100vw, 711px\" \/><\/a><\/span><\/p>\n<p>&nbsp;<\/p>\n<p>&nbsp;<\/p>\n<p>&nbsp;<\/p>\n<p>&nbsp;<\/p>\n<p>&nbsp;<\/p>\n<p>&nbsp;<\/p>\n<p>&nbsp;<\/p>\n<p>&nbsp;<\/p>\n<p>&nbsp;<\/p>\n<p>&nbsp;<\/p>\n<p>&nbsp;<\/p>\n<p>&nbsp;<\/p>\n<p>&nbsp;<\/p>\n<p>&nbsp;<\/p>\n<p>&nbsp;<\/p>\n<p>&nbsp;<\/p>\n<p>&nbsp;<\/p>\n<p>&nbsp;<\/p>\n<p>&nbsp;<\/p>\n<p><span style=\"color: #000000;\"><b><img loading=\"lazy\" class=\"img\" src=\"https:\/\/static.xx.fbcdn.net\/images\/emoji.php\/v9\/f7c\/1\/16\/1f9e0.png\" alt=\"\" width=\"16\" height=\"16\" \/>Curs d&#8217;estimulaci\u00f3 cognitiva<\/b><\/span><br \/>\n<span style=\"color: #000000;\"> <img loading=\"lazy\" class=\"img\" src=\"https:\/\/static.xx.fbcdn.net\/images\/emoji.php\/v9\/fe\/1\/16\/1f468.png\" alt=\"\" width=\"16\" height=\"16\" \/>\u00a0Menors de 65 anys<\/span><br \/>\n<span style=\"color: #000000;\"> <img loading=\"lazy\" class=\"img\" src=\"https:\/\/static.xx.fbcdn.net\/images\/emoji.php\/v9\/f5c\/1\/16\/1f5d3.png\" alt=\"\" width=\"16\" height=\"16\" \/>\u00a0Els dilluns i els dimecres del 24 de setembre al 3 de desembre<\/span><br \/>\n<span style=\"color: #000000;\"> <img loading=\"lazy\" class=\"img\" src=\"https:\/\/static.xx.fbcdn.net\/images\/emoji.php\/v9\/ffa\/1\/16\/231a.png\" alt=\"\" width=\"16\" height=\"16\" \/>\u00a0De 20.00 a 21.30h<\/span><br \/>\n<span style=\"color: #000000;\"> <img loading=\"lazy\" class=\"img\" src=\"https:\/\/static.xx.fbcdn.net\/images\/emoji.php\/v9\/ff6\/1\/16\/1f3e0.png\" alt=\"\" width=\"16\" height=\"16\" \/>\u00a0A la planta baixa de l&#8217;Hotel d&#8217;Entitats<\/span><br \/>\n<span style=\"color: #000000;\"> <img loading=\"lazy\" class=\"img\" src=\"https:\/\/static.xx.fbcdn.net\/images\/emoji.php\/v9\/f8e\/1\/16\/2139.png\" alt=\"\" width=\"16\" height=\"16\" \/>\u00a0M\u00e9s informaci\u00f3 al SOM Bisbal<\/span><\/p>\n<p>&nbsp;<\/p>\n<div class=\"text_exposed_show\">\n<p><span style=\"color: #000000;\"><a style=\"color: #000000;\" href=\"http:\/\/bisbalpenedes.com\/web\/wp-content\/uploads\/2018\/09\/SOM-Estimulacio-Cognitiva.jpg\"><img loading=\"lazy\" class=\"size-full wp-image-7013 alignleft\" src=\"http:\/\/bisbalpenedes.com\/web\/wp-content\/uploads\/2018\/09\/SOM-Estimulacio-Cognitiva.jpg\" alt=\"SOM-Estimulacio-Cognitiva\" width=\"711\" height=\"525\" srcset=\"https:\/\/bisbalpenedes.com\/web\/wp-content\/uploads\/2018\/09\/SOM-Estimulacio-Cognitiva.jpg 711w, https:\/\/bisbalpenedes.com\/web\/wp-content\/uploads\/2018\/09\/SOM-Estimulacio-Cognitiva-600x443.jpg 600w, https:\/\/bisbalpenedes.com\/web\/wp-content\/uploads\/2018\/09\/SOM-Estimulacio-Cognitiva-300x222.jpg 300w\" sizes=\"(max-width: 711px) 100vw, 711px\" \/><\/a><\/span><\/p>\n<p>&nbsp;<\/p>\n<p>&nbsp;<\/p>\n<p>&nbsp;<\/p>\n<p>&nbsp;<\/p>\n<p>&nbsp;<\/p>\n<p>&nbsp;<\/p>\n<p>&nbsp;<\/p>\n<p>&nbsp;<\/p>\n<p>&nbsp;<\/p>\n<p>&nbsp;<\/p>\n<p>&nbsp;<\/p>\n<p>&nbsp;<\/p>\n<\/div>\n<p>&nbsp;<\/p>\n<p>&nbsp;<\/p>\n<p>&nbsp;<\/p>\n<p>&nbsp;<\/p>\n<p>&nbsp;<\/p>\n<p>&nbsp;<\/p>\n<p>&nbsp;<\/p>\n<div class=\"text_exposed_show\">\n<p><span style=\"color: #000000;\"><img loading=\"lazy\" class=\"img\" src=\"https:\/\/static.xx.fbcdn.net\/images\/emoji.php\/v9\/f1\/1\/16\/1f4c8.png\" alt=\"\" width=\"16\" height=\"16\" \/><b>Vols gestionar el temps de forma efectiva?<\/b><\/span><br \/>\n<span style=\"color: #000000;\"> <img loading=\"lazy\" class=\"img\" src=\"https:\/\/static.xx.fbcdn.net\/images\/emoji.php\/v9\/f5c\/1\/16\/1f5d3.png\" alt=\"\" width=\"16\" height=\"16\" \/>Vols aprendre a planificar-te?<\/span><br \/>\n<span style=\"color: #000000;\"> <img loading=\"lazy\" class=\"img\" src=\"https:\/\/static.xx.fbcdn.net\/images\/emoji.php\/v9\/ffa\/1\/16\/231a.png\" alt=\"\" width=\"16\" height=\"16\" \/>Tens la sensaci\u00f3 que perds molt de temps i que podries ser m\u00e9s productiva\/u?<\/span><br \/>\n<span style=\"color: #000000;\"> <img loading=\"lazy\" class=\"img\" src=\"https:\/\/static.xx.fbcdn.net\/images\/emoji.php\/v9\/fff\/1\/16\/1f4c6.png\" alt=\"\" width=\"16\" height=\"16\" \/>Penses que els dies haurien de tenir m\u00e9s hores?<\/span><br \/>\n<span style=\"color: #000000;\"> <img loading=\"lazy\" class=\"img\" src=\"https:\/\/static.xx.fbcdn.net\/images\/emoji.php\/v9\/f51\/1\/16\/1f449.png\" alt=\"\" width=\"16\" height=\"16\" \/>Doncs aquest curs est\u00e0 pensat per a tu!<\/span><br \/>\n<span style=\"color: #000000;\"> <img loading=\"lazy\" class=\"img\" src=\"https:\/\/static.xx.fbcdn.net\/images\/emoji.php\/v9\/f8e\/1\/16\/2139.png\" alt=\"\" width=\"16\" height=\"16\" \/>Informa-te&#8217;n al\u00a0<a class=\"profileLink\" style=\"color: #000000;\" href=\"https:\/\/www.facebook.com\/sombisbal\/?fref=mentions&amp;__xts__%5B0%5D=68.ARBXgu8NIb1sg-HxYYN7UnfBVamLGDZkBHt8vH5Ni1PD-BNVqgQMXwOmmKOllaWMJebjA0OyKuxFKLYsVVrvyB-1LBgQT9YY05Qh3Sk4ml2uFsL8KhOIfQGFieM0JITbxAOxpxrMSfYKtdvWGggWSKL0KLSCHAqa3om8Ss5_Qyodf6PvVkgdNA&amp;__tn__=K-R\" data-hovercard=\"\/ajax\/hovercard\/page.php?id=243374806044400&amp;extragetparams=%7B%22fref%22%3A%22mentions%22%7D\" data-hovercard-prefer-more-content-show=\"1\">SOM Bisbal<\/a>:\u00a0<a style=\"color: #000000;\" href=\"http:\/\/bisbalpenedes.com\/web\/som-bisbal\/\" target=\"_blank\" rel=\"noopener nofollow\" data-ft=\"{&quot;tn&quot;:&quot;-U&quot;}\" data-lynx-mode=\"async\" data-lynx-uri=\"https:\/\/l.facebook.com\/l.php?u=http%3A%2F%2Fbisbalpenedes.com%2Fweb%2Fsom-bisbal%2F&amp;h=AT2ma0Pct75yjSEQHK_HQCRRq3WE_4JnU51Y3IqnR9_nZcXC01Otofqvr7GV5nmjnaBXp0YOp-ucsIZgJoKK1aHRg8JbQF5BQLUkLHFm5LRSFkFkkXHHAXJaWsxGD9zv7Zo46d6-IX-EM04bMHWG6afVo5uuYw6GuUVcDyOcr4Q8ipvRreaamxdQVNxiyzcaZajexKi46jJLQZ6CUPOF9udiD349TpmiSLKg-Dk78tevi4KhIpFUgIV_ZO5UvZ5v5wiG1wCTvcTZnFJES1zCesPDgszcfluch6LkDHcbrhuJy9l2ghKg_EP-wkBRUUIrJ6i0J5QFzoawKjfn029v9nhTY3PjG5sY_ag8cF6u_PJn_LECfgNfnUGNV5O-QHz1qKUR6TcJ3QeyH7c45nZ8hhUYp6GH4blC\">http:\/\/bisbalpenedes.com\/web\/som-bisbal\/<\/a><\/span><\/p>\n<p>&nbsp;<\/p>\n<div class=\"text_exposed_show\" style=\"text-align: left;\"><span style=\"color: #000000;\"><a style=\"color: #000000;\" href=\"http:\/\/bisbalpenedes.com\/web\/wp-content\/uploads\/2018\/09\/SOM-Gestio-Temps.jpg\"><img loading=\"lazy\" class=\"size-full wp-image-7014 alignleft\" src=\"http:\/\/bisbalpenedes.com\/web\/wp-content\/uploads\/2018\/09\/SOM-Gestio-Temps.jpg\" alt=\"SOM-Gestio-Temps\" width=\"711\" height=\"525\" srcset=\"https:\/\/bisbalpenedes.com\/web\/wp-content\/uploads\/2018\/09\/SOM-Gestio-Temps.jpg 711w, https:\/\/bisbalpenedes.com\/web\/wp-content\/uploads\/2018\/09\/SOM-Gestio-Temps-600x443.jpg 600w, https:\/\/bisbalpenedes.com\/web\/wp-content\/uploads\/2018\/09\/SOM-Gestio-Temps-300x222.jpg 300w\" sizes=\"(max-width: 711px) 100vw, 711px\" \/><\/a><\/span><\/div>\n<\/div>\n<p>&nbsp;<\/p>\n<p>&nbsp;<\/p>\n<p>&nbsp;<\/p>\n<p>&nbsp;<\/p>\n<p>&nbsp;<\/p>\n<p>&nbsp;<\/p>\n<p>&nbsp;<\/p>\n<p>&nbsp;<\/p>\n<p>&nbsp;<\/p>\n<p>&nbsp;<\/p>\n<p>&nbsp;<\/p>\n<p>&nbsp;<\/p>\n<p>&nbsp;<\/p>\n<p>&nbsp;<\/p>\n<p>&nbsp;<\/p>\n<p>&nbsp;<\/p>\n<p>&nbsp;<\/p>\n<p>&nbsp;<\/p>\n<p>&nbsp;<\/p>\n<p><span style=\"color: #000000;\"><b>CASTELLANO | OFERTA DE CURSOS CON LAS INSCRIPCIONES ABIERTAS<\/b><\/span><\/p>\n<div class=\"text_exposed_show\">\n<p><span style=\"color: #000000;\"><img loading=\"lazy\" class=\"img\" src=\"https:\/\/static.xx.fbcdn.net\/images\/emoji.php\/v9\/fbe\/1\/16\/1f4e7.png\" alt=\"\" width=\"16\" height=\"16\" \/><b>Curso gratuito sobre el correo electr\u00f3nico y su uso<\/b><\/span><br \/>\n<span style=\"color: #000000;\"> <img loading=\"lazy\" class=\"img\" src=\"https:\/\/static.xx.fbcdn.net\/images\/emoji.php\/v9\/faa\/1\/16\/1f64b_200d_2640.png\" alt=\"\" width=\"16\" height=\"16\" \/>Dirigido a parados sin correo electr\u00f3nico o que lo tengan creado y no lo sepan usar<\/span><br \/>\n<span style=\"color: #000000;\"> <img loading=\"lazy\" class=\"img\" src=\"https:\/\/static.xx.fbcdn.net\/images\/emoji.php\/v9\/f5c\/1\/16\/1f5d3.png\" alt=\"\" width=\"16\" height=\"16\" \/>Fecha a escoger entre el 5, el 19 o el 26 de octubre y el 2 de noviembre<\/span><br \/>\n<span style=\"color: #000000;\"> <img loading=\"lazy\" class=\"img\" src=\"https:\/\/static.xx.fbcdn.net\/images\/emoji.php\/v9\/fc0\/1\/16\/1f4e9.png\" alt=\"\" width=\"16\" height=\"16\" \/>Objetivos: crear una cuenta de correo electr\u00f3nico y utilizarla para la b\u00fasqueda activa de trabajo<\/span><br \/>\n<span style=\"color: #000000;\"> <img loading=\"lazy\" class=\"img\" src=\"https:\/\/static.xx.fbcdn.net\/images\/emoji.php\/v9\/f51\/1\/16\/1f449.png\" alt=\"\" width=\"16\" height=\"16\" \/>Imparte: UGT Catalunya<\/span><br \/>\n<span style=\"color: #000000;\"> <img loading=\"lazy\" class=\"img\" src=\"https:\/\/static.xx.fbcdn.net\/images\/emoji.php\/v9\/fe2\/1\/16\/270d.png\" alt=\"\" width=\"16\" height=\"16\" \/>Inscripciones en el SOM Bisbal hasta el 27 de septiembre<\/span><\/p>\n<\/div>\n<p>&nbsp;<\/p>\n<div class=\"text_exposed_show\">\n<p><span style=\"color: #000000;\"><a style=\"color: #000000;\" href=\"http:\/\/bisbalpenedes.com\/web\/wp-content\/uploads\/2018\/09\/SOM-Correu-Electronic.jpg\"><img loading=\"lazy\" class=\"size-full wp-image-7011 alignleft\" src=\"http:\/\/bisbalpenedes.com\/web\/wp-content\/uploads\/2018\/09\/SOM-Correu-Electronic.jpg\" alt=\"SOM-Correu-Electronic\" width=\"711\" height=\"525\" srcset=\"https:\/\/bisbalpenedes.com\/web\/wp-content\/uploads\/2018\/09\/SOM-Correu-Electronic.jpg 711w, https:\/\/bisbalpenedes.com\/web\/wp-content\/uploads\/2018\/09\/SOM-Correu-Electronic-600x443.jpg 600w, https:\/\/bisbalpenedes.com\/web\/wp-content\/uploads\/2018\/09\/SOM-Correu-Electronic-300x222.jpg 300w\" sizes=\"(max-width: 711px) 100vw, 711px\" \/><\/a><\/span><\/p>\n<div class=\"text_exposed_show\">\n<p>&nbsp;<\/p>\n<p>&nbsp;<\/p>\n<p>&nbsp;<\/p>\n<p>&nbsp;<\/p>\n<p>&nbsp;<\/p>\n<p>&nbsp;<\/p>\n<p>&nbsp;<\/p>\n<p>&nbsp;<\/p>\n<p>&nbsp;<\/p>\n<p>&nbsp;<\/p>\n<p>&nbsp;<\/p>\n<p>&nbsp;<\/p>\n<\/div>\n<\/div>\n<p>&nbsp;<\/p>\n<p>&nbsp;<\/p>\n<p>&nbsp;<\/p>\n<p>&nbsp;<\/p>\n<p>&nbsp;<\/p>\n<p>&nbsp;<\/p>\n<p>&nbsp;<\/p>\n<div class=\"text_exposed_show\">\n<div class=\"text_exposed_show\">\n<p><span style=\"color: #000000;\"><b><img loading=\"lazy\" class=\"img\" src=\"https:\/\/static.xx.fbcdn.net\/images\/emoji.php\/v9\/f8c\/1\/16\/1f4bb.png\" alt=\"\" width=\"16\" height=\"16\" \/>Curso de inform\u00e1tica inicial<\/b><\/span><br \/>\n<span style=\"color: #000000;\"> <img loading=\"lazy\" class=\"img\" src=\"https:\/\/static.xx.fbcdn.net\/images\/emoji.php\/v9\/ff0\/1\/16\/2328.png\" alt=\"\" width=\"16\" height=\"16\" \/>Para aquellos que quieran aprender el funcionamiento de la inform\u00e1tica y de internet<\/span><br \/>\n<span style=\"color: #000000;\"> <img loading=\"lazy\" class=\"img\" src=\"https:\/\/static.xx.fbcdn.net\/images\/emoji.php\/v9\/f51\/1\/16\/1f449.png\" alt=\"\" width=\"16\" height=\"16\" \/>Los participantes deber\u00e1n tener pocos conocimientos de la materia o nociones muy elementales<\/span><br \/>\n<span style=\"color: #000000;\"> <img loading=\"lazy\" class=\"img\" src=\"https:\/\/static.xx.fbcdn.net\/images\/emoji.php\/v9\/fbe\/1\/16\/1f4e7.png\" alt=\"\" width=\"16\" height=\"16\" \/>SE trabajar\u00e1 el sistema operativo, tratamiento de textos, hoja de c\u00e1lculo, internet (buscar informaci\u00f3n, correo electr\u00f3nico&#8230;)<\/span><br \/>\n<span style=\"color: #000000;\"> <img loading=\"lazy\" class=\"img\" src=\"https:\/\/static.xx.fbcdn.net\/images\/emoji.php\/v9\/f5c\/1\/16\/1f5d3.png\" alt=\"\" width=\"16\" height=\"16\" \/>Del 25 de septiembre al 11 de diciembre<\/span><br \/>\n<span style=\"color: #000000;\"> <img loading=\"lazy\" class=\"img\" src=\"https:\/\/static.xx.fbcdn.net\/images\/emoji.php\/v9\/ffa\/1\/16\/231a.png\" alt=\"\" width=\"16\" height=\"16\" \/>Los martes y los viernes de 9.15h a 11.15h<\/span><br \/>\n<span style=\"color: #000000;\"> <img loading=\"lazy\" class=\"img\" src=\"https:\/\/static.xx.fbcdn.net\/images\/emoji.php\/v9\/f77\/1\/16\/1f3e1.png\" alt=\"\" width=\"16\" height=\"16\" \/>Aula de formaci\u00f3 (planta baja del Hotel d&#8217;Entitats)<\/span><br \/>\n<span style=\"color: #000000;\"> <img loading=\"lazy\" class=\"img\" src=\"https:\/\/static.xx.fbcdn.net\/images\/emoji.php\/v9\/fe2\/1\/16\/270d.png\" alt=\"\" width=\"16\" height=\"16\" \/>Inscripciones hasta el jueves 20 de septiembre en el SOM Bisbal<\/span><\/p>\n<p>&nbsp;<\/p>\n<p><span style=\"color: #000000;\"><a style=\"color: #000000;\" href=\"http:\/\/bisbalpenedes.com\/web\/wp-content\/uploads\/2018\/09\/SOM-Informatica-Inicial.jpg\"><img loading=\"lazy\" class=\"size-full wp-image-7012 alignleft\" src=\"http:\/\/bisbalpenedes.com\/web\/wp-content\/uploads\/2018\/09\/SOM-Informatica-Inicial.jpg\" alt=\"SOM-Informatica-Inicial\" width=\"711\" height=\"525\" srcset=\"https:\/\/bisbalpenedes.com\/web\/wp-content\/uploads\/2018\/09\/SOM-Informatica-Inicial.jpg 711w, https:\/\/bisbalpenedes.com\/web\/wp-content\/uploads\/2018\/09\/SOM-Informatica-Inicial-600x443.jpg 600w, https:\/\/bisbalpenedes.com\/web\/wp-content\/uploads\/2018\/09\/SOM-Informatica-Inicial-300x222.jpg 300w\" sizes=\"(max-width: 711px) 100vw, 711px\" \/><\/a><\/span><\/p>\n<\/div>\n<p>&nbsp;<\/p>\n<p>&nbsp;<\/p>\n<div class=\"text_exposed_show\">\n<p>&nbsp;<\/p>\n<p>&nbsp;<\/p>\n<p>&nbsp;<\/p>\n<p>&nbsp;<\/p>\n<p>&nbsp;<\/p>\n<p>&nbsp;<\/p>\n<p>&nbsp;<\/p>\n<p>&nbsp;<\/p>\n<\/div>\n<\/div>\n<p>&nbsp;<\/p>\n<p>&nbsp;<\/p>\n<p>&nbsp;<\/p>\n<p>&nbsp;<\/p>\n<p>&nbsp;<\/p>\n<p>&nbsp;<\/p>\n<p>&nbsp;<\/p>\n<p>&nbsp;<\/p>\n<div class=\"text_exposed_show\">\n<div class=\"text_exposed_show\">\n<p><span style=\"color: #000000;\"><img loading=\"lazy\" class=\"img\" src=\"https:\/\/static.xx.fbcdn.net\/images\/emoji.php\/v9\/f7c\/1\/16\/1f9e0.png\" alt=\"\" width=\"16\" height=\"16\" \/><b>Curso de estimulaci\u00f3n cognitiva<\/b><\/span><br \/>\n<span style=\"color: #000000;\"> <img loading=\"lazy\" class=\"img\" src=\"https:\/\/static.xx.fbcdn.net\/images\/emoji.php\/v9\/fe\/1\/16\/1f468.png\" alt=\"\" width=\"16\" height=\"16\" \/>\u00a0Menores de 65 a\u00f1os<\/span><br \/>\n<span style=\"color: #000000;\"> <img loading=\"lazy\" class=\"img\" src=\"https:\/\/static.xx.fbcdn.net\/images\/emoji.php\/v9\/f5c\/1\/16\/1f5d3.png\" alt=\"\" width=\"16\" height=\"16\" \/>\u00a0Los lunes y los mi\u00e9rcoles del 24 de septiembre al 3 de diciembre<\/span><br \/>\n<span style=\"color: #000000;\"> <img loading=\"lazy\" class=\"img\" src=\"https:\/\/static.xx.fbcdn.net\/images\/emoji.php\/v9\/ffa\/1\/16\/231a.png\" alt=\"\" width=\"16\" height=\"16\" \/>\u00a0De 20.00 a 21.30h<\/span><br \/>\n<span style=\"color: #000000;\"> <img loading=\"lazy\" class=\"img\" src=\"https:\/\/static.xx.fbcdn.net\/images\/emoji.php\/v9\/ff6\/1\/16\/1f3e0.png\" alt=\"\" width=\"16\" height=\"16\" \/>\u00a0En la planta baja del Hotel d&#8217;Entitats<\/span><br \/>\n<span style=\"color: #000000;\"> <img loading=\"lazy\" class=\"img\" src=\"https:\/\/static.xx.fbcdn.net\/images\/emoji.php\/v9\/f8e\/1\/16\/2139.png\" alt=\"\" width=\"16\" height=\"16\" \/>\u00a0M\u00e1s informaci\u00f3n en el SOM Bisbal<\/span><\/p>\n<p>&nbsp;<\/p>\n<p><span style=\"color: #000000;\"><a style=\"color: #000000;\" href=\"http:\/\/bisbalpenedes.com\/web\/wp-content\/uploads\/2018\/09\/SOM-Estimulacio-Cognitiva.jpg\"><img loading=\"lazy\" class=\"size-full wp-image-7013 alignleft\" src=\"http:\/\/bisbalpenedes.com\/web\/wp-content\/uploads\/2018\/09\/SOM-Estimulacio-Cognitiva.jpg\" alt=\"SOM-Estimulacio-Cognitiva\" width=\"711\" height=\"525\" srcset=\"https:\/\/bisbalpenedes.com\/web\/wp-content\/uploads\/2018\/09\/SOM-Estimulacio-Cognitiva.jpg 711w, https:\/\/bisbalpenedes.com\/web\/wp-content\/uploads\/2018\/09\/SOM-Estimulacio-Cognitiva-600x443.jpg 600w, https:\/\/bisbalpenedes.com\/web\/wp-content\/uploads\/2018\/09\/SOM-Estimulacio-Cognitiva-300x222.jpg 300w\" sizes=\"(max-width: 711px) 100vw, 711px\" \/><\/a><\/span><\/p>\n<p>&nbsp;<\/p>\n<p>&nbsp;<\/p>\n<p>&nbsp;<\/p>\n<p>&nbsp;<\/p>\n<p>&nbsp;<\/p>\n<p>&nbsp;<\/p>\n<p>&nbsp;<\/p>\n<p>&nbsp;<\/p>\n<p>&nbsp;<\/p>\n<p>&nbsp;<\/p>\n<p>&nbsp;<\/p>\n<p>&nbsp;<\/p>\n<\/div>\n<\/div>\n<p>&nbsp;<\/p>\n<p>&nbsp;<\/p>\n<p>&nbsp;<\/p>\n<p>&nbsp;<\/p>\n<p>&nbsp;<\/p>\n<p>&nbsp;<\/p>\n<p>&nbsp;<\/p>\n<div class=\"text_exposed_show\">\n<div class=\"text_exposed_show\">\n<p><span style=\"color: #000000;\"><img loading=\"lazy\" class=\"img\" src=\"https:\/\/static.xx.fbcdn.net\/images\/emoji.php\/v9\/f1\/1\/16\/1f4c8.png\" alt=\"\" width=\"16\" height=\"16\" \/><b>\u00bfQuieres gestionar el tiempo de forma efectiva?<\/b><\/span><\/p>\n<p><span style=\"color: #000000;\"><img loading=\"lazy\" class=\"img\" src=\"https:\/\/static.xx.fbcdn.net\/images\/emoji.php\/v9\/f5c\/1\/16\/1f5d3.png\" alt=\"\" width=\"16\" height=\"16\" \/>\u00bfQuieres aprender a planificarte?<\/span><br \/>\n<span style=\"color: #000000;\"> <img loading=\"lazy\" class=\"img\" src=\"https:\/\/static.xx.fbcdn.net\/images\/emoji.php\/v9\/ffa\/1\/16\/231a.png\" alt=\"\" width=\"16\" height=\"16\" \/>\u00bfTienes la sensaci\u00f3n de que pierdes mucho tiempo y que podr\u00edas ser m\u00e1s productiva\/o?<\/span><br \/>\n<span style=\"color: #000000;\"> <img loading=\"lazy\" class=\"img\" src=\"https:\/\/static.xx.fbcdn.net\/images\/emoji.php\/v9\/fff\/1\/16\/1f4c6.png\" alt=\"\" width=\"16\" height=\"16\" \/>\u00bfPiensas que los d\u00edas deber\u00edan tener m\u00e1s horas?<\/span><br \/>\n<span style=\"color: #000000;\"> <img loading=\"lazy\" class=\"img\" src=\"https:\/\/static.xx.fbcdn.net\/images\/emoji.php\/v9\/f51\/1\/16\/1f449.png\" alt=\"\" width=\"16\" height=\"16\" \/>\u00a1Pues este curso est\u00e1 pensado para ti!<\/span><br \/>\n<span style=\"color: #000000;\"> <img loading=\"lazy\" class=\"img\" src=\"https:\/\/static.xx.fbcdn.net\/images\/emoji.php\/v9\/f8e\/1\/16\/2139.png\" alt=\"\" width=\"16\" height=\"16\" \/>Inf\u00f3rmate en el Som Bisbal:\u00a0<a style=\"color: #000000;\" href=\"http:\/\/bisbalpenedes.com\/web\/som-bisbal\/\" target=\"_blank\" rel=\"noopener nofollow\" data-ft=\"{&quot;tn&quot;:&quot;-U&quot;}\" data-lynx-mode=\"async\" data-lynx-uri=\"https:\/\/l.facebook.com\/l.php?u=http%3A%2F%2Fbisbalpenedes.com%2Fweb%2Fsom-bisbal%2F&amp;h=AT3mzy4aEyYaX-wN6ie8DcHV729pG6LEbCvotB4BYzyu2wA74ciWV9UIdmN7wNVUlG6djIqrHxxFLaUl6XvGW4YHtKx9EYTb9-S6eTfBzjHNFFh_3U_YutvQEt_ViYWKPtLrwFDEtApYdOfcp_jytGn1P3VnZu4seOXXorWUnIi9-6VwpP-9DDNl3iOoDUGWkn5gsI57ynmUYrPvbilxgDk7_oAeom8VmE6A_nuuEfw0H0QBqhav2tTWetgtDV7HFVwla48pXAtWZfPFhiEKEL1UcRuzLY2ZwUS5X8uejusTjyekKl6WSUTgC71YVtNL9hRcwO0LieINU8DTFfkMsBJS0bcTE_JHiFGiteC3U9BZR-0dp7avrYH6H-ZoD1mgdTLMBr92CGSH8MJomT3tHr_3YCcKjUEI\">http:\/\/bisbalpenedes.com\/web\/som-bisbal\/<\/a><\/span><\/p>\n<p>&nbsp;<\/p>\n<p><span style=\"color: #000000;\"><a style=\"color: #000000;\" href=\"http:\/\/bisbalpenedes.com\/web\/wp-content\/uploads\/2018\/09\/SOM-Gestio-Temps.jpg\"><img loading=\"lazy\" class=\"size-full wp-image-7014 alignleft\" src=\"http:\/\/bisbalpenedes.com\/web\/wp-content\/uploads\/2018\/09\/SOM-Gestio-Temps.jpg\" alt=\"SOM-Gestio-Temps\" width=\"711\" height=\"525\" srcset=\"https:\/\/bisbalpenedes.com\/web\/wp-content\/uploads\/2018\/09\/SOM-Gestio-Temps.jpg 711w, https:\/\/bisbalpenedes.com\/web\/wp-content\/uploads\/2018\/09\/SOM-Gestio-Temps-600x443.jpg 600w, https:\/\/bisbalpenedes.com\/web\/wp-content\/uploads\/2018\/09\/SOM-Gestio-Temps-300x222.jpg 300w\" sizes=\"(max-width: 711px) 100vw, 711px\" \/><\/a><\/span><\/p>\n<\/div>\n<\/div>\n","protected":false},"excerpt":{"rendered":"<p>OFERTA DE CURSOS AMB LES INSCRIPCIONS OBERTES Curs gratu\u00eft sobre el correu electr\u00f2nic i el seu \u00fas Adre\u00e7at a aturats sense correu electr\u00f2nic o que el tinguin creat i no &hellip; <a href=\"https:\/\/bisbalpenedes.com\/web\/2018\/09\/14\/diversos-cursos-de-la-regidoria-docupacio-tenen-les-inscripcions-obertes\/\" class=\"more-link\">Read More<\/a><\/p>\n","protected":false},"author":4,"featured_media":1415,"comment_status":"closed","ping_status":"closed","sticky":false,"template":"","format":"standard","meta":[],"categories":[9],"tags":[2324,62,1309,1529,12,1530,1532,10,271],"_links":{"self":[{"href":"https:\/\/bisbalpenedes.com\/web\/wp-json\/wp\/v2\/posts\/7009"}],"collection":[{"href":"https:\/\/bisbalpenedes.com\/web\/wp-json\/wp\/v2\/posts"}],"about":[{"href":"https:\/\/bisbalpenedes.com\/web\/wp-json\/wp\/v2\/types\/post"}],"author":[{"embeddable":true,"href":"https:\/\/bisbalpenedes.com\/web\/wp-json\/wp\/v2\/users\/4"}],"replies":[{"embeddable":true,"href":"https:\/\/bisbalpenedes.com\/web\/wp-json\/wp\/v2\/comments?post=7009"}],"version-history":[{"count":9,"href":"https:\/\/bisbalpenedes.com\/web\/wp-json\/wp\/v2\/posts\/7009\/revisions"}],"predecessor-version":[{"id":7023,"href":"https:\/\/bisbalpenedes.com\/web\/wp-json\/wp\/v2\/posts\/7009\/revisions\/7023"}],"wp:featuredmedia":[{"embeddable":true,"href":"https:\/\/bisbalpenedes.com\/web\/wp-json\/wp\/v2\/media\/1415"}],"wp:attachment":[{"href":"https:\/\/bisbalpenedes.com\/web\/wp-json\/wp\/v2\/media?parent=7009"}],"wp:term":[{"taxonomy":"category","embeddable":true,"href":"https:\/\/bisbalpenedes.com\/web\/wp-json\/wp\/v2\/categories?post=7009"},{"taxonomy":"post_tag","embeddable":true,"href":"https:\/\/bisbalpenedes.com\/web\/wp-json\/wp\/v2\/tags?post=7009"}],"curies":[{"name":"wp","href":"https:\/\/api.w.org\/{rel}","templated":true}]}}