{"id":7004,"date":"2018-09-12T15:29:43","date_gmt":"2018-09-12T14:29:43","guid":{"rendered":"http:\/\/bisbalpenedes.com\/web\/?p=7004"},"modified":"2018-09-12T15:35:00","modified_gmt":"2018-09-12T14:35:00","slug":"sha-convocat-un-ple-ordinari-per-al-proper-dilluns-17-de-setembre-a-les-19h","status":"publish","type":"post","link":"https:\/\/bisbalpenedes.com\/web\/2018\/09\/12\/sha-convocat-un-ple-ordinari-per-al-proper-dilluns-17-de-setembre-a-les-19h\/","title":{"rendered":"S&#8217;ha convocat un Ple ordinari per al proper dilluns 17 de setembre a les 19h"},"content":{"rendered":"<p><span style=\"color: #000000;\">El proper dilluns 17 de setembre, a les 19h, tindr\u00e0 lloc un Ple Ordinari a l&#8217;Ajuntament de la Bisbal del Pened\u00e8s amb el seg\u00fcent<\/span><\/p>\n<p><span style=\"color: #000000;\">ORDRE DEL DIA<\/span><\/p>\n<ol>\n<li><span style=\"color: #000000;\">Aprovaci\u00f3 de l&#8217;acta del Ple ordinari del 18\/06\/2018<\/span><\/li>\n<li><span style=\"color: #000000;\">Aprovaci\u00f3 de l&#8217;acta del Ple extraordinari del 27\/06\/2018<\/span><\/li>\n<li><span style=\"color: #000000;\">Aprovaci\u00f3 de l&#8217;acta del Ple extraordinari del 25\/07\/2018<\/span><\/li>\n<li><span style=\"color: #000000;\">Aprovaci\u00f3 de l&#8217;acta anterior\u00a0 de la sessi\u00f3 extraordin\u00e0ria del 22\/08\/2018<\/span><\/li>\n<li><span style=\"color: #000000;\">Nomenament del jutge de pau titular<\/span><\/li>\n<li><span style=\"color: #000000;\">Aprovaci\u00f3 de les festes locals 2019<\/span><\/li>\n<li><span style=\"color: #000000;\">Aprovaci\u00f3 del projecte d&#8217;estatuts de la mancomunitat de l&#8217;Albornar, amb les modificacions acordades per l&#8217;Assemblea general als Ajuntaments mancomunats per a la seva aprovaci\u00f3.<\/span><\/li>\n<li><span style=\"color: #000000;\">Modificaci\u00f3 de cr\u00e8dit<\/span><\/li>\n<li><span style=\"color: #000000;\">Aprovaci\u00f3 del nomenament de representants de la corporaci\u00f3 en altres organismes en els quals ha d&#8217;estar representat l&#8217;Ajuntament de la Bisbal del Pened\u00e8s<\/span><\/li>\n<li><span style=\"color: #000000;\">Ratificaci\u00f3 del Decret d&#8217;Alcaldia 2018-0327 de data 16\/07\/2018 d&#8217;aprovaci\u00f3 de l&#8217;adhesi\u00f3 de l&#8217;Ajuntament de la Bisbal del Pened\u00e8s al conveni de col\u00b7laboraci\u00f3 per a l&#8217;assist\u00e8ncia t\u00e8cnica en l&#8217;\u00e0mbit urban\u00edstic amb el Consell Comarcal del Baix Pened\u00e8s.<\/span><\/li>\n<li><span style=\"color: #000000;\">Modificaci\u00f3 de l&#8217;Ordenan\u00e7a fiscal reguladora de l&#8217;Impost de B\u00e9ns Immobles.<\/span><\/li>\n<li><span style=\"color: #000000;\">Aprovaci\u00f3 dels comptes generals 2017<\/span><\/li>\n<li><span style=\"color: #000000;\">Donar compte de l&#8217;informe de secretaria intervenci\u00f3 del per\u00edode mitj\u00e0 de pagament del primer trimestre del 2018<\/span><\/li>\n<li><span style=\"color: #000000;\">Donar compte de l&#8217;informe de secretaria intervenci\u00f3 del per\u00edode mitj\u00e0 de pagament del segon trimestre del 2018<\/span><\/li>\n<li><span style=\"color: #000000;\">Donar compte dels Decrets d&#8217;Alcaldia<\/span><\/li>\n<li><span style=\"color: #000000;\">Precs i preguntes\u00a0<\/span><span style=\"color: #000000;\">\u00a0<\/span><\/li>\n<\/ol>\n<p><span style=\"color: #000000;\">Us recordem que segons el\u00a0<a style=\"color: #000000;\" href=\"http:\/\/bisbalpenedes.com\/web\/2017\/06\/22\/el-ple-ordinari-del-passat-19-de-juny-va-aprovar-el-primer-rom-de-lajuntament-de-la-bisbal-del-penedes\/\" target=\"_blank\">ROM<\/a>\u00a0aprovat al Ple de l\u2019Ajuntament de la Bisbal el passat 19 de juny de 2017, la ciutadania pot participar en els Plens Ordinaris. Tot seguit us detallem el funcionament d\u2019aquest sup\u00f2sit:<\/span><\/p>\n<p><span style=\"color: #000000;\">Totes les persones tenen dret a intervenir en les sessions ordin\u00e0ries del Ple en el punt de l\u2019ordre del dia de \u2018Precs i preguntes\u2019, d\u2019acord amb les prescripcions seg\u00fcents:<\/span><\/p>\n<ul>\n<li><span style=\"color: #000000;\">El prec o pregunta s\u2019haur\u00e0 de sol\u00b7licitar a l\u2019Alcaldia:<\/span>\n<ul>\n<li><span style=\"color: #000000;\">per escrit i entrar-lo\/a al Registre General com a m\u00e0xim 24 hores abans del Ple Ordinari<\/span><\/li>\n<li><span style=\"color: #000000;\">Per Twitter a @BisbalPenedes com a m\u00e0xim 24h abans del Ple Ordinari, complint el protocol d\u2019\u00fas de les xarxes socials i emprant l\u2019etiqueta #PleBisbalPened\u00e8s, seguit del prec o pregunta<\/span><\/li>\n<\/ul>\n<\/li>\n<li><span style=\"color: #000000;\">L\u2019assumpte objecte del prec o pregunta haur\u00e0 de ser de compet\u00e8ncia municipal sobre l\u2019acci\u00f3 de govern o estar directament relacionat amb els punts inclosos a l\u2019ordre del dia<\/span><\/li>\n<li><span style=\"color: #000000;\">Cada ciutad\u00e0\/ana\u00a0 pot formular un\u00a0 prec i una pregunta en un mateix Ple. La longitud m\u00e0xima de cada piulada \u00e9s de 140 car\u00e0cters i no es pot continuar la pregunta en un segon \u2018tweet\u2019.<\/span><\/li>\n<li><span style=\"color: #000000;\">L\u2019alcaldia podr\u00e0 no respondre si \u00e9s un assumpte sobre el qual l\u2019Ajuntament no t\u00e9 compet\u00e8ncies o si ja s\u2019ha presentat la mateixa pregunta en una altra sessi\u00f3 plen\u00e0ria en els \u00faltims 6 mesos.<\/span><\/li>\n<li><span style=\"color: #000000;\">L\u2019alcaldia comunicar\u00e0, acabat el termini m\u00e0xim de presentaci\u00f3 de preguntes, a qui vagin dirigides les preguntes o peticions sol\u00b7licitades perqu\u00e8 les pugui respondre<\/span><\/li>\n<li><span style=\"color: #000000;\">L\u2019Alcaldia llegir\u00e0 la pregunta en veu alta<\/span><\/li>\n<li><span style=\"color: #000000;\">L\u2019alcaldia o a qui va adre\u00e7ada la pregunta, la respondr\u00e0 en la mateixa sessi\u00f3 del Ple<\/span><\/li>\n<li><span style=\"color: #000000;\">El p\u00fablic assistent a les sessions no podr\u00e0 efectuar manifestacions de grat o desgrat. Tampoc es podran proferir comentaris que afectin el normal desenvolupament de la sessi\u00f3.<\/span><\/li>\n<\/ul>\n<hr \/>\n<p style=\"display: inline !important;\"><span style=\"color: #000000;\"><strong>CASTELLANO |<\/strong> El pr\u00f3ximo lunes 17 de septiembre, a las 19h, tendr\u00e1 lugar un Pleno Ordinario en el Ayuntamiento de la Bisbal del Pened\u00e8s con el siguiente<\/span><\/p>\n<p style=\"display: inline !important;\"><span style=\"color: #000000;\">ORDEN DEL D\u00cdA<\/span><\/p>\n<ol>\n<li><span style=\"color: #000000;\">Aprobaci\u00f3n del acta del Pleno ordinario\u00a0del 18\/06\/2018<\/span><\/li>\n<li><span style=\"color: #000000;\">Aprobaci\u00f3n del acta del Pleno extraordinario del 27\/06\/2018<\/span><\/li>\n<li><span style=\"color: #000000;\">Aprobaci\u00f3n del acta del Pleno extraordinario del 25\/07\/2018<\/span><\/li>\n<li><span style=\"color: #000000;\">Aprobaci\u00f3n del acta anterior de la sesi\u00f3n extraordinaria del 22\/08\/2018<\/span><\/li>\n<li><span style=\"color: #000000;\">Nombramiento del juez de paz titular<\/span><\/li>\n<li><span style=\"color: #000000;\">Aprobaci\u00f3n de las fiestas locales 2019<\/span><\/li>\n<li><span style=\"color: #000000;\">Aprobaci\u00f3n del proyecto de estatutos de la mancomunitat de l&#8217;Albornar, con las modificaciones acordadas por la Asamblea general en los Ayuntamientos mancomunadas para su aprobaci\u00f3n<\/span><\/li>\n<li><span style=\"color: #000000;\">Modificaci\u00f3n de cr\u00e9dito<\/span><\/li>\n<li><span style=\"color: #000000;\">Aprobaci\u00f3n del nombramiento de representantes de la corporaci\u00f3n en otros organismos en los cuales debe estar representado el Ayuntamiento de la Bisbal<\/span><\/li>\n<li><span style=\"color: #000000;\">Ratificaci\u00f3n del Decreto de Alcald\u00eda 2018-0327 de fecha 16\/07\/2018 de aprobaci\u00f3n de la adhesi\u00f3n del Ayuntamiento de la Bisbal del Pened\u00e8s al convenio de colaboraci\u00f3n para la asistencia t\u00e9cnica en el \u00e1mbito urban\u00edstico con el Consell Comarcal del Baix Pened\u00e8s.<\/span><\/li>\n<li><span style=\"color: #000000;\">Modificaci\u00f3n de la Ordenanza fiscal reguladora del Impuesto de Bienes Inmuebles.<\/span><\/li>\n<li><span style=\"color: #000000;\">Aprobaci\u00f3n de las cuentas generales 2017<\/span><\/li>\n<li><span style=\"color: #000000;\">Dar cuenta del informe de secretar\u00eda intervenci\u00f3n del periodo medio de pago del primer trimestre del 2018<\/span><\/li>\n<li><span style=\"color: #000000;\">Dar cuenta del informe de secretar\u00eda intervenci\u00f3n del\u00a0periodo medio de pago del segundo trimestre del 2018<\/span><\/li>\n<li><span style=\"color: #000000;\">Dar cuenta de los Decretos de Alcald\u00eda<\/span><\/li>\n<li><span style=\"color: #000000;\">Ruegos y preguntas<\/span><\/li>\n<\/ol>\n<p><span style=\"color: #000000;\">Os recordamos que seg\u00fan el\u00a0<a style=\"color: #000000;\" href=\"http:\/\/bisbalpenedes.com\/web\/2017\/06\/22\/el-ple-ordinari-del-passat-19-de-juny-va-aprovar-el-primer-rom-de-lajuntament-de-la-bisbal-del-penedes\/\" target=\"_blank\">ROM<\/a>\u00a0aprobado en el Pleno del Ayuntamiento de la Bisbal del Pened\u00e8s el pasado 19 de junio del 2017, la ciudadan\u00eda puede participar en los Plenos Ordinarios. A continuaci\u00f3n os detallamos el funcionamiento de este supuesto:<\/span><\/p>\n<p><span style=\"color: #000000;\">Todas las personas tienen derecho a intervenir en las sesiones ordinarias del Pleno en el punto de la orden del d\u00eda de \u2018Ruegos y preguntas\u2019, de acuerdo con las prescripciones siguientes:<\/span><\/p>\n<ul>\n<li><span style=\"color: #000000;\">El ruego o pregunta deber\u00e1 solicitarse a Alcald\u00eda:<\/span>\n<ul>\n<li><span style=\"color: #000000;\">Por escrito y entrarlo\/la por escrito como m\u00e1ximo 24 horas antes del Pleno Ordinario<\/span><\/li>\n<li><span style=\"color: #000000;\">Por Twitter en @BisbalPenedes como m\u00e1ximo 24h antes del Pleno Ordinario, cumpliendo el protocolo de uso de las redes sociales con el formato #PleBisbalPened\u00e8s, seguido del ruego o pregunta.<\/span><\/li>\n<\/ul>\n<\/li>\n<li><span style=\"color: #000000;\">El asunto objeto del ruego o pregunta deber\u00e1 ser de competencia municipal sobre la acci\u00f3n de gobierno o estar directamente relacionado con los puntos incluidos en el orden del d\u00eda<\/span><\/li>\n<li><span style=\"color: #000000;\">Cada ciudadano\/na puede formular un ruego y una pregunta en un mismo Pleno. La longitud m\u00e1xima de cada tweet es de 140 caracteres y no se puede continuar la pregunta con un segundo \u2018tweet.<\/span><\/li>\n<li><span style=\"color: #000000;\">Alcald\u00eda podr\u00e1 no responder si es un asunto sobre el cual el Ayuntamiento no tiene competencias o si ya se ha presentado la misma pregunta en otra sesi\u00f3n plenaria de los \u00faltimos 6 meses.<\/span><\/li>\n<li><span style=\"color: #000000;\">Alcald\u00eda comunicar\u00e1, terminado el plazo m\u00e1ximo de presentaci\u00f3n de preguntas, a quien vayan dirigidas las preguntas o peticiones solicitadas para que las pueda responder<\/span><\/li>\n<li><span style=\"color: #000000;\">Alcald\u00eda leer\u00e1 la pregunta en voz alta<\/span><\/li>\n<li><span style=\"color: #000000;\">Alcald\u00eda o a quien vaya dirigida la pregunta, la responder\u00e1 en la misma sesi\u00f3n del Pleno<\/span><\/li>\n<li><span style=\"color: #000000;\">El p\u00fablico asistente a las sesiones no podr\u00e1 efectuar manifestaciones de agrado o desagrado. Tampoco se podr\u00e1n proferir comentarios que afecten el normal desarrollo de la sesi\u00f3n.<\/span><\/li>\n<\/ul>\n<hr \/>\n","protected":false},"excerpt":{"rendered":"<p>El proper dilluns 17 de setembre, a les 19h, tindr\u00e0 lloc un Ple Ordinari a l&#8217;Ajuntament de la Bisbal del Pened\u00e8s amb el seg\u00fcent ORDRE DEL DIA Aprovaci\u00f3 de l&#8217;acta &hellip; <a href=\"https:\/\/bisbalpenedes.com\/web\/2018\/09\/12\/sha-convocat-un-ple-ordinari-per-al-proper-dilluns-17-de-setembre-a-les-19h\/\" class=\"more-link\">Read More<\/a><\/p>\n","protected":false},"author":4,"featured_media":6126,"comment_status":"closed","ping_status":"closed","sticky":false,"template":"","format":"standard","meta":[],"categories":[2251],"tags":[2323,2320,978,2319,717,2322,2321,139,249],"_links":{"self":[{"href":"https:\/\/bisbalpenedes.com\/web\/wp-json\/wp\/v2\/posts\/7004"}],"collection":[{"href":"https:\/\/bisbalpenedes.com\/web\/wp-json\/wp\/v2\/posts"}],"about":[{"href":"https:\/\/bisbalpenedes.com\/web\/wp-json\/wp\/v2\/types\/post"}],"author":[{"embeddable":true,"href":"https:\/\/bisbalpenedes.com\/web\/wp-json\/wp\/v2\/users\/4"}],"replies":[{"embeddable":true,"href":"https:\/\/bisbalpenedes.com\/web\/wp-json\/wp\/v2\/comments?post=7004"}],"version-history":[{"count":4,"href":"https:\/\/bisbalpenedes.com\/web\/wp-json\/wp\/v2\/posts\/7004\/revisions"}],"predecessor-version":[{"id":7008,"href":"https:\/\/bisbalpenedes.com\/web\/wp-json\/wp\/v2\/posts\/7004\/revisions\/7008"}],"wp:featuredmedia":[{"embeddable":true,"href":"https:\/\/bisbalpenedes.com\/web\/wp-json\/wp\/v2\/media\/6126"}],"wp:attachment":[{"href":"https:\/\/bisbalpenedes.com\/web\/wp-json\/wp\/v2\/media?parent=7004"}],"wp:term":[{"taxonomy":"category","embeddable":true,"href":"https:\/\/bisbalpenedes.com\/web\/wp-json\/wp\/v2\/categories?post=7004"},{"taxonomy":"post_tag","embeddable":true,"href":"https:\/\/bisbalpenedes.com\/web\/wp-json\/wp\/v2\/tags?post=7004"}],"curies":[{"name":"wp","href":"https:\/\/api.w.org\/{rel}","templated":true}]}}