{"id":7000,"date":"2018-09-12T15:06:02","date_gmt":"2018-09-12T14:06:02","guid":{"rendered":"http:\/\/bisbalpenedes.com\/web\/?p=7000"},"modified":"2018-09-12T15:06:02","modified_gmt":"2018-09-12T14:06:02","slug":"lequip-de-govern-esta-tramitant-la-compra-de-lantiga-fassina-perque-pugui-ser-usada-com-a-magatzem-municipal","status":"publish","type":"post","link":"https:\/\/bisbalpenedes.com\/web\/2018\/09\/12\/lequip-de-govern-esta-tramitant-la-compra-de-lantiga-fassina-perque-pugui-ser-usada-com-a-magatzem-municipal\/","title":{"rendered":"L\u2019Equip de govern est\u00e0 tramitant la compra de l\u2019antiga fassina perqu\u00e8 pugui ser usada com a magatzem municipal"},"content":{"rendered":"<p><strong>La Regidoria de Cultura ha proposat que la part de m\u00e9s al\u00e7ada de l\u2019edificaci\u00f3 sigui usada com a local d\u2019assaig de la Colla Castellera de la Bisbal Els Bous<\/strong><\/p>\n<p><a href=\"http:\/\/bisbalpenedes.com\/web\/wp-content\/uploads\/2018\/09\/LA-FASSINA.jpg\"><img loading=\"lazy\" class=\"aligncenter size-large wp-image-7002\" src=\"http:\/\/bisbalpenedes.com\/web\/wp-content\/uploads\/2018\/09\/LA-FASSINA-1024x683.jpg\" alt=\"LA FASSINA\" width=\"630\" height=\"420\" srcset=\"https:\/\/bisbalpenedes.com\/web\/wp-content\/uploads\/2018\/09\/LA-FASSINA-1024x683.jpg 1024w, https:\/\/bisbalpenedes.com\/web\/wp-content\/uploads\/2018\/09\/LA-FASSINA-600x400.jpg 600w, https:\/\/bisbalpenedes.com\/web\/wp-content\/uploads\/2018\/09\/LA-FASSINA-300x200.jpg 300w, https:\/\/bisbalpenedes.com\/web\/wp-content\/uploads\/2018\/09\/LA-FASSINA-768x512.jpg 768w\" sizes=\"(max-width: 630px) 100vw, 630px\" \/><\/a><\/p>\n<p style=\"text-align: justify;\"><span style=\"color: #000000;\">L\u2019Ajuntament de la Bisbal del Pened\u00e8s ha iniciat els tr\u00e0mits per adquirir l\u2019antiga fassina i fer-la servir com a magatzem municipal. En l\u2019actualitat, l\u2019Ajuntament t\u00e9 llogada una nau al terme municipal de Santa Oliva (pol\u00edgon l\u2019Albornar) amb un contracte de lloguer que finalitza aviat i l\u2019equip de govern considera que, si s\u2019adquireix un local al municipi, es reduiran els temps que es dediquen als trajectes a la nau i es guanyar\u00e0 en comoditat. A m\u00e9s, l\u2019edifici compta amb una part de m\u00e9s al\u00e7ada que la Regidoria de Cultura ha proposat que sigui usada per la Colla Castellera de la Bisbal, els Bous, com a local d\u2019assaig.<\/span><\/p>\n<p style=\"text-align: justify;\"><span style=\"color: #000000;\">L\u2019Equip de Govern ha iniciat els tr\u00e0mits per adquirir l\u2019antiga fassina, un edifici de 486 m2 situat al carrer Barcelona, n\u00fameros 7 i 11-13 que havia estat destinat a la fabricaci\u00f3 de licors destil\u00b7lats i aiguardent. La part de m\u00e9s al\u00e7ada, amb un total de 15 metres, \u00e9s una torre que sobresurt dins del perfil d\u2019edificacions del nucli urb\u00e0 de la Bisbal i que forma part de l\u2019\u201dSkyline\u201d del municipi. Aquesta torre es vol conservar perqu\u00e8 \u00e9s part del patrimoni hist\u00f2ric de la vila i l\u2019Equip de govern t\u00e9 la intenci\u00f3 de destinar-la a la colla castellera local perqu\u00e8 l\u2019entitat hi pugui assajar. L\u2019Ajuntament est\u00e0 mantenint converses amb la colla i s\u2019est\u00e0 treballant conjuntament per arribar a un acord de l\u2019\u00fas d\u2019aquest espai de 15 metres d\u2019al\u00e7ada i el pati, que d\u00f3na al carrer Barcelona, amb el comprom\u00eds que l\u2019entitat adeq\u00fci aquests espais a les seves necessitats.<\/span><\/p>\n<p style=\"text-align: justify;\"><span style=\"color: #000000;\">En el Ple extraordinari del 4 de juny de 2018 i en el Ple ordinari del 18 de juny de 2018 es va aprovar destinar un total de 645.408,24\u20ac de super\u00e0vit lliure a inversions. El ple va aprovar crear una partida de 165.000\u20ac per a la compra i adequaci\u00f3 d\u2019un espai que permet\u00e9s l\u2019\u00fas per a la brigada i com a magatzem municipal. La resta de super\u00e0vit es va destinar a inversions en la xarxa d\u2019aigua, la realitzaci\u00f3 de franges forestals, la rehabilitaci\u00f3 dels vestuaris del camp de futbol, una part de la rehabilitaci\u00f3 del poliesportiu municipal, la millora de l\u2019enllumenat p\u00fablic, l\u2019increment de la pot\u00e8ncia el\u00e8ctrica al pol\u00edgon i l\u2019adequaci\u00f3 de l\u2019aparcament de la piscina.<\/span><\/p>\n<hr \/>\n<p style=\"text-align: justify;\"><span style=\"color: #000000;\"><strong>CASTELLANO |<\/strong> El Ayuntamiento de la Bisbal del Pened\u00e8s ha iniciado los tr\u00e1mites para adquirir la antigua<em>\u00a0fassina<\/em> y utilizarla como almac\u00e9n municipal. En la actualidad, el Ayuntamiento tiene alquilada una nave en el t\u00e9rmino municipal de Santa Oliva (pol\u00edgono l&#8217;Albornar) con un contrato de alquiler que finaliza pronto y el equipo de gobierno considera que, si se adquiere un\u00a0local en el municipio, se reducir\u00e1n los tiempos que se dedican a los trayectos a la nave y se ganar\u00e1 en comodidad. Adem\u00e1s, el edificio cuenta con una parte de m\u00e1s altura que la Regidoria de Cultura ha propuesto que sea utilizada por la Colla Castellera de la Bisbal, els Bous, como local de ensayo.<\/span><\/p>\n<p style=\"text-align: justify;\"><span style=\"color: #000000;\">El Equipo de Gobierno ha iniciado los tr\u00e1mites para adquirir la antigua <em>fassina<\/em>, un edificio de 486 m2 situado en la calle Barcelona, n\u00fameros 7 y 11-13 que hab\u00eda sido destinada a la fabricaci\u00f3n de licores destilados y aguardiente. La parte de m\u00e1s altura, con un total de 15 metros, es una torre que sobresale dentro del perfil de edificaciones del n\u00facleo urbano de la Bisbal y que forma parte del &#8220;skyline&#8221; del municipio. Esta torre se quiere conservar porque es parte del patrimonio hist\u00f3rico del municipio y el Equipo de gobierno tiene la intenci\u00f3n de destinarla a la colla castellera local para que la entidad pueda ensayar all\u00ed. El Ayuntamiento est\u00e1 manteniendo conversaciones con la colla y se est\u00e1 trabajando conjuntamente para llegar a un acuerdo del uso de este espacio de 15 metros de altura y el patio, que da a la calle Barcelona, con el compromiso de que la entidad adecue estos espacios a sus necesidades.<\/span><\/p>\n<p style=\"text-align: justify;\"><span style=\"color: #000000;\">En el Pleno extraordinario del 4 de junio del 2018 y en el Pleno ordinario del 18 de junio del 2018 se aprob\u00f3 destinar un total de 645.408,24\u20ac de super\u00e1vit libre a inversiones. El pleno aprob\u00f3 crear una partida de 165.000\u20ac para la compra y adecuaci\u00f3n de un espacio que permitiese el uso para la brigada y como almac\u00e9n municipal. El resto del super\u00e1vit se destin\u00f3 a inversiones en la red de agua, la realizaci\u00f3n de franjas forestales, la rehabilitaci\u00f3n de los vestuarios del campo de f\u00fatbol, una parte de la rehabilitaci\u00f3n del polideportivo municipal, la mejora del alumbrado p\u00fablico, el incremento de la potencia el\u00e9ctrica en el pol\u00edgono y la adecuaci\u00f3n del parking de la piscina.<\/span><\/p>\n<p style=\"text-align: justify;\">\n","protected":false},"excerpt":{"rendered":"<p>La Regidoria de Cultura ha proposat que la part de m\u00e9s al\u00e7ada de l\u2019edificaci\u00f3 sigui usada com a local d\u2019assaig de la Colla Castellera de la Bisbal Els Bous L\u2019Ajuntament &hellip; <a href=\"https:\/\/bisbalpenedes.com\/web\/2018\/09\/12\/lequip-de-govern-esta-tramitant-la-compra-de-lantiga-fassina-perque-pugui-ser-usada-com-a-magatzem-municipal\/\" class=\"more-link\">Read More<\/a><\/p>\n","protected":false},"author":4,"featured_media":7001,"comment_status":"closed","ping_status":"closed","sticky":false,"template":"","format":"standard","meta":[],"categories":[2152,15],"tags":[529,378,2318,2317,318,1071,1249],"_links":{"self":[{"href":"https:\/\/bisbalpenedes.com\/web\/wp-json\/wp\/v2\/posts\/7000"}],"collection":[{"href":"https:\/\/bisbalpenedes.com\/web\/wp-json\/wp\/v2\/posts"}],"about":[{"href":"https:\/\/bisbalpenedes.com\/web\/wp-json\/wp\/v2\/types\/post"}],"author":[{"embeddable":true,"href":"https:\/\/bisbalpenedes.com\/web\/wp-json\/wp\/v2\/users\/4"}],"replies":[{"embeddable":true,"href":"https:\/\/bisbalpenedes.com\/web\/wp-json\/wp\/v2\/comments?post=7000"}],"version-history":[{"count":1,"href":"https:\/\/bisbalpenedes.com\/web\/wp-json\/wp\/v2\/posts\/7000\/revisions"}],"predecessor-version":[{"id":7003,"href":"https:\/\/bisbalpenedes.com\/web\/wp-json\/wp\/v2\/posts\/7000\/revisions\/7003"}],"wp:featuredmedia":[{"embeddable":true,"href":"https:\/\/bisbalpenedes.com\/web\/wp-json\/wp\/v2\/media\/7001"}],"wp:attachment":[{"href":"https:\/\/bisbalpenedes.com\/web\/wp-json\/wp\/v2\/media?parent=7000"}],"wp:term":[{"taxonomy":"category","embeddable":true,"href":"https:\/\/bisbalpenedes.com\/web\/wp-json\/wp\/v2\/categories?post=7000"},{"taxonomy":"post_tag","embeddable":true,"href":"https:\/\/bisbalpenedes.com\/web\/wp-json\/wp\/v2\/tags?post=7000"}],"curies":[{"name":"wp","href":"https:\/\/api.w.org\/{rel}","templated":true}]}}