{"id":698,"date":"2013-12-14T01:37:45","date_gmt":"2013-12-13T19:37:45","guid":{"rendered":"http:\/\/bisbalpenedes.com\/web\/?p=698"},"modified":"2013-12-14T01:37:45","modified_gmt":"2013-12-13T19:37:45","slug":"nadal-2014-a-la-bisbal","status":"publish","type":"post","link":"https:\/\/bisbalpenedes.com\/web\/2013\/12\/14\/nadal-2014-a-la-bisbal\/","title":{"rendered":"Nadal 2014 a la Bisbal"},"content":{"rendered":"<p>Felicitaci\u00f3 de l&#8217;Alcalde:<\/p>\n<p>S\u00f3n dies especials, dies de fam\u00edlia i amics, dies de compartir, d\u2019estar en companyia. Aquest Nadal us vull parlar de persones \u201cinvisibles\u201d (el mot invisible \u00e9s donat a aquelles persones que passen desapercebudes socialment, perqu\u00e8 en molts casos la seva situaci\u00f3 personal i sobretot econ\u00f2mica els exclou de la societat).<\/p>\n<p>Us vull parlar de gent meravellosa, d\u2019en Joan, en Rafel, en Lukas, la Maria, la Joana i moltes altres persones que s\u00f3n un univers, com cada un de nosaltres, per\u00f2 que formen part dels anomenats \u201c invisibles\u201d, no els trobareu comprant per Nadal, ni els trobareu fent regals, els trobarem al carrer o vivint a precari.<\/p>\n<p>Moltes persones han estat condemnades a l\u2019exclusi\u00f3 social per un capitalisme salvatge, que est\u00e0 convertint a les persones en simple mercaderia. Escolteu les not\u00edcies??, ja no parlen de persones, normalment nom\u00e9s parlen de consumidors, \u00e9s aix\u00ed com ens volen??. Nom\u00e9s som mercaderia de canvi per utilitzar i llen\u00e7ar??.<\/p>\n<p>Per aix\u00f2 hem lluitat tant com a classe treballadora??, o alg\u00fa es pensa que ja no \u00e9s treballador??, potser alguns poden ser treballadors m\u00e9s acomodats que altres, per\u00f2 en el fons treballadors i llauradors (com diria en Raimon, el poc o molt que hom ha aconseguit, segur que \u00e9s fruit de l\u2019esfor\u00e7 o perseveran\u00e7a individual i col\u2022lectiva.<\/p>\n<p>Els nostres avis treballant a hores de manera gratu\u00efta, van al\u00e7ar una Cooperativa d\u2019oli i vi, van saber treballar junts per construir un futur . Un futur que l\u2019oligarquia pol\u00edtico-banquera ens vol prendre. Avui som aqu\u00ed, i dem\u00e0??, No, No podem oblidar i permetre els \u201cinvisibles\u201c. Dem\u00e0 podem ser nosaltres. La Mare Teresa de Calcuta, en Vicen\u00e7 Ferrer, Gandhi, Jaume Santllorente amb la seva fundaci\u00f3 Sonrisas de Bombai, s\u00f3n persones que ens van deixar o ens deixen saviesa i ensenyan\u00e7a. En el cas de Jaume Santllorente que treballa actualment pels nens\/es, ens ha de servir de guia.<\/p>\n<p>No s\u00f3n els \u00fanics, hi ha moltes persones an\u00f2nimes que treballen i treballem al servei de la societat. A tots els \u201cinvisibles\u201c i els que treballeu per a ells, a totes les persones que una societat que camina desbocada els aboca a l\u2019exclusi\u00f3 social, valgui el meu reconeixement personal i com a alcalde, i dir-vos que si, si! que podem canviar les coses, nom\u00e9s dep\u00e8n de nosaltres, som m\u00e9s i m\u00e9s forts!!<\/p>\n<p>Que sigui un Nadal diferent, l\u2019\u00faltim d\u2019una \u00e8poca. Que el proper any per aquestes dates el puguem gaudir com a Poble Catal\u00e0 amb la llibertat de fer una nova societat pol\u00edticament \u00e8tica, socialment justa i econ\u00f2micament forta i solid\u00e0ria. Voldria acabar aquestes l\u00ednies com a alcalde i convilat\u00e0 per felicitar-vos a tots i cada un de vosaltres, i de les vostres fam\u00edlies. Us desitjo el millor, que gaudiu de la fam\u00edlia, que retrobeu l\u2019esperit del Nadal amb germanor, i que dins del nen\/a que portem dins, retrobem la il\u2022lusi\u00f3 que no ens podran prendre mai.<\/p>\n<h3>Que la Pau, que l\u2019esperit que ens fa humans, brilli dins de tots nosaltres com una guspira en el firmament.<\/h3>\n<p>Bon Nadal i Feli\u00e7 Any 2014. El vostre Alcalde i ve\u00ed Josep M\u00aa Puigibet i Mestre<\/p>\n<p>&nbsp;<\/p>\n<p><a href=\"http:\/\/bisbalpenedes.com\/web\/wp-content\/uploads\/2013\/12\/nadal14programa.jpg\"><img loading=\"lazy\" class=\"aligncenter size-full wp-image-699\" title=\"nadal14programa\" src=\"http:\/\/bisbalpenedes.com\/web\/wp-content\/uploads\/2013\/12\/nadal14programa.jpg\" alt=\"\" width=\"631\" height=\"877\" srcset=\"https:\/\/bisbalpenedes.com\/web\/wp-content\/uploads\/2013\/12\/nadal14programa.jpg 631w, https:\/\/bisbalpenedes.com\/web\/wp-content\/uploads\/2013\/12\/nadal14programa-600x834.jpg 600w, https:\/\/bisbalpenedes.com\/web\/wp-content\/uploads\/2013\/12\/nadal14programa-215x300.jpg 215w\" sizes=\"(max-width: 631px) 100vw, 631px\" \/><\/a><\/p>\n","protected":false},"excerpt":{"rendered":"<p>Felicitaci\u00f3 de l&#8217;Alcalde: S\u00f3n dies especials, dies de fam\u00edlia i amics, dies de compartir, d\u2019estar en companyia. Aquest Nadal us vull parlar de persones \u201cinvisibles\u201d (el mot invisible \u00e9s donat &hellip; <a href=\"https:\/\/bisbalpenedes.com\/web\/2013\/12\/14\/nadal-2014-a-la-bisbal\/\" class=\"more-link\">Read More<\/a><\/p>\n","protected":false},"author":1,"featured_media":700,"comment_status":"closed","ping_status":"open","sticky":false,"template":"","format":"standard","meta":[],"categories":[13],"tags":[95],"_links":{"self":[{"href":"https:\/\/bisbalpenedes.com\/web\/wp-json\/wp\/v2\/posts\/698"}],"collection":[{"href":"https:\/\/bisbalpenedes.com\/web\/wp-json\/wp\/v2\/posts"}],"about":[{"href":"https:\/\/bisbalpenedes.com\/web\/wp-json\/wp\/v2\/types\/post"}],"author":[{"embeddable":true,"href":"https:\/\/bisbalpenedes.com\/web\/wp-json\/wp\/v2\/users\/1"}],"replies":[{"embeddable":true,"href":"https:\/\/bisbalpenedes.com\/web\/wp-json\/wp\/v2\/comments?post=698"}],"version-history":[{"count":1,"href":"https:\/\/bisbalpenedes.com\/web\/wp-json\/wp\/v2\/posts\/698\/revisions"}],"predecessor-version":[{"id":701,"href":"https:\/\/bisbalpenedes.com\/web\/wp-json\/wp\/v2\/posts\/698\/revisions\/701"}],"wp:featuredmedia":[{"embeddable":true,"href":"https:\/\/bisbalpenedes.com\/web\/wp-json\/wp\/v2\/media\/700"}],"wp:attachment":[{"href":"https:\/\/bisbalpenedes.com\/web\/wp-json\/wp\/v2\/media?parent=698"}],"wp:term":[{"taxonomy":"category","embeddable":true,"href":"https:\/\/bisbalpenedes.com\/web\/wp-json\/wp\/v2\/categories?post=698"},{"taxonomy":"post_tag","embeddable":true,"href":"https:\/\/bisbalpenedes.com\/web\/wp-json\/wp\/v2\/tags?post=698"}],"curies":[{"name":"wp","href":"https:\/\/api.w.org\/{rel}","templated":true}]}}