{"id":6976,"date":"2018-09-07T11:15:27","date_gmt":"2018-09-07T10:15:27","guid":{"rendered":"http:\/\/bisbalpenedes.com\/web\/?p=6976"},"modified":"2018-09-07T11:23:22","modified_gmt":"2018-09-07T10:23:22","slug":"la-regidoria-densenyament-ha-installat-cortines-noves-al-menjador-de-la-llar-dinfants","status":"publish","type":"post","link":"https:\/\/bisbalpenedes.com\/web\/2018\/09\/07\/la-regidoria-densenyament-ha-installat-cortines-noves-al-menjador-de-la-llar-dinfants\/","title":{"rendered":"La Regidoria d&#8217;Ensenyament ha instal\u00b7lat cortines noves al menjador de la Llar d&#8217;Infants"},"content":{"rendered":"<div id='gallery-1' class='gallery galleryid-6976 gallery-columns-3 gallery-size-medium'><figure class='gallery-item'>\n\t\t\t<div class='gallery-icon landscape'>\n\t\t\t\t<a href='https:\/\/bisbalpenedes.com\/web\/2018\/09\/07\/la-regidoria-densenyament-ha-installat-cortines-noves-al-menjador-de-la-llar-dinfants\/014ca757-6ec2-4a76-946b-457912c16cb8\/'><img width=\"300\" height=\"152\" src=\"https:\/\/bisbalpenedes.com\/web\/wp-content\/uploads\/2018\/09\/014ca757-6ec2-4a76-946b-457912c16cb8-e1536315781433-300x152.jpg\" class=\"attachment-medium size-medium\" alt=\"\" loading=\"lazy\" srcset=\"https:\/\/bisbalpenedes.com\/web\/wp-content\/uploads\/2018\/09\/014ca757-6ec2-4a76-946b-457912c16cb8-e1536315781433-300x152.jpg 300w, https:\/\/bisbalpenedes.com\/web\/wp-content\/uploads\/2018\/09\/014ca757-6ec2-4a76-946b-457912c16cb8-e1536315781433-600x304.jpg 600w, https:\/\/bisbalpenedes.com\/web\/wp-content\/uploads\/2018\/09\/014ca757-6ec2-4a76-946b-457912c16cb8-e1536315781433-768x390.jpg 768w, https:\/\/bisbalpenedes.com\/web\/wp-content\/uploads\/2018\/09\/014ca757-6ec2-4a76-946b-457912c16cb8-e1536315781433-1024x520.jpg 1024w, https:\/\/bisbalpenedes.com\/web\/wp-content\/uploads\/2018\/09\/014ca757-6ec2-4a76-946b-457912c16cb8-e1536315781433.jpg 1553w\" sizes=\"(max-width: 300px) 100vw, 300px\" \/><\/a>\n\t\t\t<\/div><\/figure><figure class='gallery-item'>\n\t\t\t<div class='gallery-icon landscape'>\n\t\t\t\t<a href='https:\/\/bisbalpenedes.com\/web\/2018\/09\/07\/la-regidoria-densenyament-ha-installat-cortines-noves-al-menjador-de-la-llar-dinfants\/bc1f9ec9-c0b3-414f-9f65-eaea656c971e\/'><img width=\"300\" height=\"169\" src=\"https:\/\/bisbalpenedes.com\/web\/wp-content\/uploads\/2018\/09\/bc1f9ec9-c0b3-414f-9f65-eaea656c971e-300x169.jpg\" class=\"attachment-medium size-medium\" alt=\"\" loading=\"lazy\" srcset=\"https:\/\/bisbalpenedes.com\/web\/wp-content\/uploads\/2018\/09\/bc1f9ec9-c0b3-414f-9f65-eaea656c971e-300x169.jpg 300w, https:\/\/bisbalpenedes.com\/web\/wp-content\/uploads\/2018\/09\/bc1f9ec9-c0b3-414f-9f65-eaea656c971e-600x338.jpg 600w, https:\/\/bisbalpenedes.com\/web\/wp-content\/uploads\/2018\/09\/bc1f9ec9-c0b3-414f-9f65-eaea656c971e-768x432.jpg 768w, https:\/\/bisbalpenedes.com\/web\/wp-content\/uploads\/2018\/09\/bc1f9ec9-c0b3-414f-9f65-eaea656c971e-1024x576.jpg 1024w, https:\/\/bisbalpenedes.com\/web\/wp-content\/uploads\/2018\/09\/bc1f9ec9-c0b3-414f-9f65-eaea656c971e.jpg 1600w\" sizes=\"(max-width: 300px) 100vw, 300px\" \/><\/a>\n\t\t\t<\/div><\/figure><figure class='gallery-item'>\n\t\t\t<div class='gallery-icon landscape'>\n\t\t\t\t<a href='https:\/\/bisbalpenedes.com\/web\/2018\/09\/07\/la-regidoria-densenyament-ha-installat-cortines-noves-al-menjador-de-la-llar-dinfants\/faa176bc-0d11-4258-b8cd-3fa3863b841f\/'><img width=\"300\" height=\"169\" src=\"https:\/\/bisbalpenedes.com\/web\/wp-content\/uploads\/2018\/09\/faa176bc-0d11-4258-b8cd-3fa3863b841f-300x169.jpg\" class=\"attachment-medium size-medium\" alt=\"\" loading=\"lazy\" srcset=\"https:\/\/bisbalpenedes.com\/web\/wp-content\/uploads\/2018\/09\/faa176bc-0d11-4258-b8cd-3fa3863b841f-300x169.jpg 300w, https:\/\/bisbalpenedes.com\/web\/wp-content\/uploads\/2018\/09\/faa176bc-0d11-4258-b8cd-3fa3863b841f-600x338.jpg 600w, https:\/\/bisbalpenedes.com\/web\/wp-content\/uploads\/2018\/09\/faa176bc-0d11-4258-b8cd-3fa3863b841f-768x432.jpg 768w, https:\/\/bisbalpenedes.com\/web\/wp-content\/uploads\/2018\/09\/faa176bc-0d11-4258-b8cd-3fa3863b841f-1024x576.jpg 1024w, https:\/\/bisbalpenedes.com\/web\/wp-content\/uploads\/2018\/09\/faa176bc-0d11-4258-b8cd-3fa3863b841f.jpg 1600w\" sizes=\"(max-width: 300px) 100vw, 300px\" \/><\/a>\n\t\t\t<\/div><\/figure>\n\t\t<\/div>\n\n<p style=\"text-align: justify;\"><span style=\"color: #000000;\">La Regidoria d\u2019Ensenyament ha instal\u00b7lat cortines noves al menjador de la Llar d\u2019Infants municipal perqu\u00e8 les antigues no estaven en bon estat i n\u2019hi havia de trencades. L\u2019acci\u00f3 busca fer m\u00e9s acollidor aquest espai i, alhora, protegir-lo de la llum solar.<\/span><\/p>\n<hr \/>\n<p style=\"text-align: justify;\"><span style=\"color: #000000;\">CASTELLANO | La Regidoria d\u2019Ensenyament ha instalado cortinas nuevas en el comedor de la Llar d\u2019Infants municipal porqu\u00e9 las antiguas no estaban en buen estado y hab\u00eda algunas que estaban rotas. La acci\u00f3n busca hacer m\u00e1s acogedor el espacio y, a la vez, protegerlo de la luz solar.<\/span><\/p>\n","protected":false},"excerpt":{"rendered":"<p>La Regidoria d\u2019Ensenyament ha instal\u00b7lat cortines noves al menjador de la Llar d\u2019Infants municipal perqu\u00e8 les antigues no estaven en bon estat i n\u2019hi havia de trencades. L\u2019acci\u00f3 busca fer &hellip; <a href=\"https:\/\/bisbalpenedes.com\/web\/2018\/09\/07\/la-regidoria-densenyament-ha-installat-cortines-noves-al-menjador-de-la-llar-dinfants\/\" class=\"more-link\">Read More<\/a><\/p>\n","protected":false},"author":4,"featured_media":6978,"comment_status":"closed","ping_status":"closed","sticky":false,"template":"","format":"standard","meta":[],"categories":[16,2218],"tags":[2310,272,113],"_links":{"self":[{"href":"https:\/\/bisbalpenedes.com\/web\/wp-json\/wp\/v2\/posts\/6976"}],"collection":[{"href":"https:\/\/bisbalpenedes.com\/web\/wp-json\/wp\/v2\/posts"}],"about":[{"href":"https:\/\/bisbalpenedes.com\/web\/wp-json\/wp\/v2\/types\/post"}],"author":[{"embeddable":true,"href":"https:\/\/bisbalpenedes.com\/web\/wp-json\/wp\/v2\/users\/4"}],"replies":[{"embeddable":true,"href":"https:\/\/bisbalpenedes.com\/web\/wp-json\/wp\/v2\/comments?post=6976"}],"version-history":[{"count":3,"href":"https:\/\/bisbalpenedes.com\/web\/wp-json\/wp\/v2\/posts\/6976\/revisions"}],"predecessor-version":[{"id":6982,"href":"https:\/\/bisbalpenedes.com\/web\/wp-json\/wp\/v2\/posts\/6976\/revisions\/6982"}],"wp:featuredmedia":[{"embeddable":true,"href":"https:\/\/bisbalpenedes.com\/web\/wp-json\/wp\/v2\/media\/6978"}],"wp:attachment":[{"href":"https:\/\/bisbalpenedes.com\/web\/wp-json\/wp\/v2\/media?parent=6976"}],"wp:term":[{"taxonomy":"category","embeddable":true,"href":"https:\/\/bisbalpenedes.com\/web\/wp-json\/wp\/v2\/categories?post=6976"},{"taxonomy":"post_tag","embeddable":true,"href":"https:\/\/bisbalpenedes.com\/web\/wp-json\/wp\/v2\/tags?post=6976"}],"curies":[{"name":"wp","href":"https:\/\/api.w.org\/{rel}","templated":true}]}}