{"id":6963,"date":"2018-09-06T09:34:49","date_gmt":"2018-09-06T08:34:49","guid":{"rendered":"http:\/\/bisbalpenedes.com\/web\/?p=6963"},"modified":"2018-09-06T09:48:02","modified_gmt":"2018-09-06T08:48:02","slug":"el-som-bisbal-ofereix-un-ampli-ventall-de-cursos-i-tallers-durant-el-primer-trimestre-del-curs-2018201","status":"publish","type":"post","link":"https:\/\/bisbalpenedes.com\/web\/2018\/09\/06\/el-som-bisbal-ofereix-un-ampli-ventall-de-cursos-i-tallers-durant-el-primer-trimestre-del-curs-2018201\/","title":{"rendered":"El SOM Bisbal ofereix un ampli ventall de cursos i tallers durant el primer trimestre del curs 2018\/2019"},"content":{"rendered":"<p><a href=\"http:\/\/bisbalpenedes.com\/web\/wp-content\/uploads\/2018\/06\/IMG_6993.jpg\"><img loading=\"lazy\" class=\"aligncenter size-large wp-image-5988\" src=\"http:\/\/bisbalpenedes.com\/web\/wp-content\/uploads\/2018\/06\/IMG_6993-1024x683.jpg\" alt=\"MARIA BATET SETMANA EMPRESA\" width=\"630\" height=\"420\" srcset=\"https:\/\/bisbalpenedes.com\/web\/wp-content\/uploads\/2018\/06\/IMG_6993-1024x683.jpg 1024w, https:\/\/bisbalpenedes.com\/web\/wp-content\/uploads\/2018\/06\/IMG_6993-600x400.jpg 600w, https:\/\/bisbalpenedes.com\/web\/wp-content\/uploads\/2018\/06\/IMG_6993-300x200.jpg 300w, https:\/\/bisbalpenedes.com\/web\/wp-content\/uploads\/2018\/06\/IMG_6993-768x512.jpg 768w\" sizes=\"(max-width: 630px) 100vw, 630px\" \/><\/a><\/p>\n<p><span style=\"color: #000000;\">La Regidoria d\u2019Ocupaci\u00f3 ha programat diverses activitats formatives per al primer trimestre del curs 2018\/2019. L\u2019\u00e0mplia oferta formativa que s\u2019ofereix \u00e9s fruit dels esfor\u00e7os que s\u2019han fet des del Servei d\u2019Ocupaci\u00f3 Municipal (SOM Bisbal) per poder comptar amb activitats adre\u00e7ades als diversos sectors de la poblaci\u00f3: treballadors en actiu, aut\u00f2noms, aturats, joves o comerciants. A m\u00e9s, a l\u2019oferta d\u2019enguany tamb\u00e9 s\u2019hi han afegit jornades de formaci\u00f3 interna per al personal de l\u2019Ajuntament. Els cursos i tallers previstos s\u00f3n els seg\u00fcents:<\/span><\/p>\n<p><span style=\"color: #000000;\"><strong>Formaci\u00f3 per a treballadors en actiu i aut\u00f2noms:<\/strong><\/span><\/p>\n<p style=\"padding-left: 60px;\"><span style=\"color: #000000;\">-Curs d\u2019inform\u00e0tica inicial -&gt; <a style=\"color: #000000;\" href=\"http:\/\/bisbalpenedes.com\/web\/formacio\/\" target=\"_blank\">obertes les inscripcions<\/a><\/span><\/p>\n<p style=\"padding-left: 60px;\"><span style=\"color: #000000;\">-Curs d\u2019estimulaci\u00f3 cognitiva -&gt; <a style=\"color: #000000;\" href=\"http:\/\/bisbalpenedes.com\/web\/formacio\/\" target=\"_blank\">obertes les inscripcions<\/a><\/span><\/p>\n<p style=\"padding-left: 60px;\"><span style=\"color: #000000;\">-Curs de gesti\u00f3 del temps<\/span><\/p>\n<p style=\"padding-left: 60px;\"><span style=\"color: #000000;\">&#8211;<a style=\"color: #000000;\" href=\"http:\/\/bisbalpenedes.com\/web\/2018\/09\/05\/el-dia-12-de-setembre-ens-farem-un-fart-de-riure-thi-apuntes\/\" target=\"_blank\">Risoter\u00e0pia <\/a>(obert a la poblaci\u00f3 general)<\/span><\/p>\n<p><span style=\"color: #000000;\"><strong>Formaci\u00f3 per a aturats:<\/strong><\/span><\/p>\n<p style=\"padding-left: 60px;\"><span style=\"color: #000000;\">-Curs de correu electr\u00f2nic<\/span><\/p>\n<p style=\"padding-left: 60px;\"><span style=\"color: #000000;\">-Operari d\u2019ind\u00fastria log\u00edstica<\/span><\/p>\n<p style=\"padding-left: 60px;\"><span style=\"color: #000000;\">-Com crear o formar part d\u2019una cooperativa (tamb\u00e9 obert a la poblaci\u00f3 interessada en la tem\u00e0tica de la xerrada)<\/span><\/p>\n<p><span style=\"color: #000000;\"><strong>Formaci\u00f3 per a joves: <\/strong><\/span><\/p>\n<p style=\"padding-left: 60px;\"><span style=\"color: #000000;\">-Projecte Start per afavorir la inserci\u00f3 dels joves en el mercat laboral i la formaci\u00f3 reglada (joves de 16 a 24 anys).<\/span><\/p>\n<p><span style=\"color: #000000;\"><strong>Formaci\u00f3 per als comer\u00e7os:<\/strong><\/span><\/p>\n<p style=\"padding-left: 60px;\"><span style=\"color: #000000;\">-Comer\u00e7 electr\u00f2nic: oportunitats i amenaces per al petit comer\u00e7.<\/span><\/p>\n<p><span style=\"color: #000000;\"><strong>Formaci\u00f3 per al personal de l\u2019Ajuntament:<\/strong><\/span><\/p>\n<p style=\"padding-left: 60px;\"><span style=\"color: #000000;\">-Automotivaci\u00f3<\/span><\/p>\n<p style=\"padding-left: 60px;\"><span style=\"color: #000000;\">-Comunicaci\u00f3 saludable<\/span><\/p>\n<p style=\"padding-left: 60px;\"><span style=\"color: #000000;\">-Treball en equip<\/span><\/p>\n<p style=\"padding-left: 60px;\"><span style=\"color: #000000;\">-Automotivaci\u00f3 i motivaci\u00f3 d\u2019equips<\/span><\/p>\n<p style=\"padding-left: 60px;\"><span style=\"color: #000000;\">-Jornada sobre els drets i els deures dels treballadors<\/span><\/p>\n<p><span style=\"color: #000000;\">Segons la regidora d\u2019Ocupaci\u00f3 i alcaldessa de la Bisbal, Agn\u00e8s Ferr\u00e9, \u201cmitjan\u00e7ant la formaci\u00f3 aconseguim que els usuaris puguin millorar els seus curr\u00edculums i el seu ventall de coneixements, el que els permet optar a nous llocs de treball\u201d. A m\u00e9s, \u201cde vegades mitjan\u00e7ant els cursos o les formacions s\u2019aconsegueix que els usuaris es motivin o que descobreixin nous \u00e0mbits d\u2019aprenentatge relacionats amb el m\u00f3n laboral i professional que tamb\u00e9 els resultin atractius\u201d.<\/span><\/p>\n<p><span style=\"color: #000000;\">Quant als treballadors de l\u2019Ajuntament, l\u2019alcaldessa pensa que \u201c\u00e9s important cuidar el personal i que estigui motivat en el seu lloc de feina. Pensem que poden ser molt enriquidores les xerrades que els hi hem preparat\u201d. Agn\u00e8s Ferr\u00e9 ha avan\u00e7at que durant l\u2019any 2019 es duran a terme altres tallers, com ara els de <em>coaching<\/em>, intel\u00b7lig\u00e8ncia emocional i treball en equip. D\u2019altra banda est\u00e0 previst que, despr\u00e9s de l\u2019\u00e8xit de la primera edici\u00f3, es dugui a terme la Segona Setmana de l\u2019Empresa i l\u2019Ocupaci\u00f3.<\/span><\/p>\n<p><span style=\"color: #000000;\">Per a m\u00e9s informaci\u00f3 i inscripcions, adreceu-vos al SOM Bisbal:\u00a0<a style=\"color: #000000;\" href=\"http:\/\/bisbalpenedes.com\/web\/som-bisbal\/\" target=\"_blank\">http:\/\/bisbalpenedes.com\/web\/som-bisbal\/<\/a><\/span><\/p>\n<hr \/>\n<p><span style=\"color: #000000;\"><strong>CASTELLANO |<\/strong> La Regidoria d&#8217;Ocupaci\u00f3 ha programado varias actividades formativas para el primer trimestre del curso 2018\/2019. La amplia oferta formativa que se ofrece es fruto de los esfuerzos que se han hecho desde el Servei d&#8217;Ocupaci\u00f3 Municipal (SOM Bisbal) para poder contar con actividades dirigidas a los diversos sectores de la poblaci\u00f3n: trabajadores en activo, aut\u00f3nomos, parados, j\u00f3venes o comerciantes. Adem\u00e1s, a la oferta de este a\u00f1o tambi\u00e9n se han a\u00f1adido jornadas de formaci\u00f3n interna para el personal del Ayuntamiento. Los cursos y talleres previstos son los siguientes:<\/span><\/p>\n<p><span style=\"color: #000000;\"><strong>Formaci\u00f3n para trabajadores en activo y aut\u00f3nomos:<\/strong><\/span><\/p>\n<p style=\"padding-left: 60px;\"><span style=\"color: #000000;\">-Curso de inform\u00e1tica inicial -&gt; <a style=\"color: #000000;\" href=\"http:\/\/bisbalpenedes.com\/web\/formacio\/\" target=\"_blank\">abiertas las inscripciones<\/a><\/span><\/p>\n<p style=\"padding-left: 60px;\"><span style=\"color: #000000;\">-Curso de estimulaci\u00f3n cognitiva\u00a0-&gt;\u00a0<a style=\"color: #000000;\" href=\"http:\/\/bisbalpenedes.com\/web\/formacio\/\" target=\"_blank\">abiertas las inscripciones<\/a><\/span><\/p>\n<p style=\"padding-left: 60px;\"><span style=\"color: #000000;\">-Curso de gesti\u00f3n del tiempo<\/span><\/p>\n<p style=\"padding-left: 60px;\"><span style=\"color: #000000;\">-Curso de <a style=\"color: #000000;\" href=\"http:\/\/bisbalpenedes.com\/web\/2018\/09\/05\/el-dia-12-de-setembre-ens-farem-un-fart-de-riure-thi-apuntes\/\" target=\"_blank\">Risoterapia <\/a>(abierto a la poblaci\u00f3n general)<\/span><\/p>\n<p><span style=\"color: #000000;\"><strong>Formaci\u00f3n para parados<\/strong><\/span><\/p>\n<p style=\"padding-left: 60px;\"><span style=\"color: #000000;\">-Curso de correo electr\u00f3nico<\/span><\/p>\n<p style=\"padding-left: 60px;\"><span style=\"color: #000000;\">-Operario de industria log\u00edstica<\/span><\/p>\n<p style=\"padding-left: 60px;\"><span style=\"color: #000000;\">-C\u00f3mo crear o formar parte de una cooperativa (tambi\u00e9n abierta a la poblaci\u00f3n interesada en el tema de la charla).<\/span><\/p>\n<p><span style=\"color: #000000;\"><strong>Formaci\u00f3n para j\u00f3venes<\/strong><\/span><\/p>\n<p style=\"padding-left: 60px;\"><span style=\"color: #000000;\">-Proyecto Start para favorecer la inserci\u00f3n de los j\u00f3venes en el mercado laboral y la formaci\u00f3n reglada (j\u00f3venes de 16 a 24 a\u00f1os).<\/span><\/p>\n<p>&nbsp;<\/p>\n<p><span style=\"color: #000000;\"><strong>Formaci\u00f3n para los comercios:<\/strong><\/span><\/p>\n<p style=\"padding-left: 60px;\"><span style=\"color: #000000;\">-Comercio electr\u00f3nico: oportunidades y amenazas para el peque\u00f1o comercio<\/span><\/p>\n<p><span style=\"color: #000000;\"><strong>Formaci\u00f3n para el personal del Ayuntamiento<\/strong><\/span><\/p>\n<p style=\"padding-left: 60px;\"><span style=\"color: #000000;\">-Automotivaci\u00f3n<\/span><\/p>\n<p style=\"padding-left: 60px;\"><span style=\"color: #000000;\">-Comunicaci\u00f3n saludable<\/span><\/p>\n<p style=\"padding-left: 60px;\"><span style=\"color: #000000;\">-Trabajo en equipo<\/span><\/p>\n<p style=\"padding-left: 60px;\"><span style=\"color: #000000;\">-Automotivaci\u00f3n y motivaci\u00f3n de equipos<\/span><\/p>\n<p style=\"padding-left: 60px;\"><span style=\"color: #000000;\">-Jornada sobre los derechos y los deberes de los trabajadores<\/span><\/p>\n<p><span style=\"color: #000000;\">Seg\u00fan la regidora de Ocupaci\u00f3 y alcaldesa de la Bisbal, Agn\u00e8s Ferr\u00e9, &#8220;mediante la formaci\u00f3n conseguimos que los usuarios puedan mejorar sus curr\u00edculums y su abanico de conocimientos, lo que les permite optar a nuevos puestos de trabajo&#8221;. Adem\u00e1, &#8221; a veces mediante los cursos o formaciones se consigue que los usuarios se motiven o que descubran nuevos \u00e1mbitos de aprendizaje relacionados con el mundo laboral y profesional que tambi\u00e9n resulten atractivos&#8221;.<\/span><\/p>\n<p><span style=\"color: #000000;\">En cuanto a los trabajadores del Ayuntamiento, la alcaldesa piensa que &#8220;es importante cuidar al personal y que est\u00e9 motivado en su puesto de trabajo. Pensamos que pueden ser muy enriquecedoras las charlas que les hemos preparado&#8221;. Agn\u00e8s Ferr\u00e9 ha adelantado que durante el a\u00f1o 2019 se llevar\u00e1n a cabo otros talleres, como por ejemplo el de<em> coaching<\/em>, inteligencia emocional y trabajo en equipo. Por otro lado est\u00e1 previsto que, despu\u00e9s del \u00e9xito de la primera edici\u00f3n, se lleve a cabo la segunda Setmana de l&#8217;Empresa i l&#8217;Ocupaci\u00f3.<\/span><\/p>\n<p><span style=\"color: #000000;\">Para m\u00e1s informaci\u00f3n e inscripciones, dirig\u00edos al SOM Bisbal:\u00a0<a style=\"color: #000000;\" href=\"http:\/\/bisbalpenedes.com\/web\/som-bisbal\/\" target=\"_blank\">http:\/\/bisbalpenedes.com\/web\/som-bisbal\/<\/a><\/span><\/p>\n<p>&nbsp;<\/p>\n","protected":false},"excerpt":{"rendered":"<p>La Regidoria d\u2019Ocupaci\u00f3 ha programat diverses activitats formatives per al primer trimestre del curs 2018\/2019. L\u2019\u00e0mplia oferta formativa que s\u2019ofereix \u00e9s fruit dels esfor\u00e7os que s\u2019han fet des del Servei &hellip; <a href=\"https:\/\/bisbalpenedes.com\/web\/2018\/09\/06\/el-som-bisbal-ofereix-un-ampli-ventall-de-cursos-i-tallers-durant-el-primer-trimestre-del-curs-2018201\/\" class=\"more-link\">Read More<\/a><\/p>\n","protected":false},"author":4,"featured_media":5988,"comment_status":"closed","ping_status":"closed","sticky":false,"template":"","format":"standard","meta":[],"categories":[9],"tags":[959,262,2064,163,1129,329,2301,2300,953,2304,2296,1529,2303,1532,505,644,2297,2302,737,2298,2299,749],"_links":{"self":[{"href":"https:\/\/bisbalpenedes.com\/web\/wp-json\/wp\/v2\/posts\/6963"}],"collection":[{"href":"https:\/\/bisbalpenedes.com\/web\/wp-json\/wp\/v2\/posts"}],"about":[{"href":"https:\/\/bisbalpenedes.com\/web\/wp-json\/wp\/v2\/types\/post"}],"author":[{"embeddable":true,"href":"https:\/\/bisbalpenedes.com\/web\/wp-json\/wp\/v2\/users\/4"}],"replies":[{"embeddable":true,"href":"https:\/\/bisbalpenedes.com\/web\/wp-json\/wp\/v2\/comments?post=6963"}],"version-history":[{"count":5,"href":"https:\/\/bisbalpenedes.com\/web\/wp-json\/wp\/v2\/posts\/6963\/revisions"}],"predecessor-version":[{"id":6968,"href":"https:\/\/bisbalpenedes.com\/web\/wp-json\/wp\/v2\/posts\/6963\/revisions\/6968"}],"wp:featuredmedia":[{"embeddable":true,"href":"https:\/\/bisbalpenedes.com\/web\/wp-json\/wp\/v2\/media\/5988"}],"wp:attachment":[{"href":"https:\/\/bisbalpenedes.com\/web\/wp-json\/wp\/v2\/media?parent=6963"}],"wp:term":[{"taxonomy":"category","embeddable":true,"href":"https:\/\/bisbalpenedes.com\/web\/wp-json\/wp\/v2\/categories?post=6963"},{"taxonomy":"post_tag","embeddable":true,"href":"https:\/\/bisbalpenedes.com\/web\/wp-json\/wp\/v2\/tags?post=6963"}],"curies":[{"name":"wp","href":"https:\/\/api.w.org\/{rel}","templated":true}]}}