{"id":6958,"date":"2018-09-05T19:58:18","date_gmt":"2018-09-05T18:58:18","guid":{"rendered":"http:\/\/bisbalpenedes.com\/web\/?p=6958"},"modified":"2018-09-10T11:21:51","modified_gmt":"2018-09-10T10:21:51","slug":"horari-i-funcionament-del-bus-urba-a-partir-del-12-de-setembre","status":"publish","type":"post","link":"https:\/\/bisbalpenedes.com\/web\/2018\/09\/05\/horari-i-funcionament-del-bus-urba-a-partir-del-12-de-setembre\/","title":{"rendered":"Horari i funcionament del bus urb\u00e0 a partir del 12 de setembre"},"content":{"rendered":"<p style=\"text-align: justify;\"><span style=\"color: #000000;\">L\u2019Ajuntament de la Bisbal del Pened\u00e8s est\u00e0 duent a terme una prova pilot del servei de bus urb\u00e0. La prova, que va comen\u00e7ar al juliol i s\u2019allargar\u00e0 fins al mes d\u2019octubre, consisteix en testar un servei de bus sota demanda, \u00e9s a dir, que s\u2019atura all\u00e0 on l\u2019han demanat els usuaris. De moment, aquest servei funciona mitjan\u00e7ant l\u2019enviament d\u2019un correu electr\u00f2nic* i est\u00e0 previst que, ben aviat, es pugui demanar a trav\u00e9s d\u2019una aplicaci\u00f3 per a tel\u00e8fons m\u00f2bils.<\/span><\/p>\n<p style=\"text-align: justify;\"><span style=\"color: #000000;\">Des de l\u2019Ajuntament de la Bisbal s\u2019ha dut a terme un estudi amb l\u2019objectiu d\u2019optimitzar els trajectes del bus en el cas de les parades fixes i s\u2019han fet canvis amb la finalitat que tothom pugui tenir acc\u00e9s al bus i, alhora, es redueixin els temps de durada dels trajectes.<\/span><\/p>\n<p style=\"text-align: justify;\"><span style=\"color: #000000;\"><strong>A partir del 12 de setembre<\/strong> s\u2019oferir\u00e0 el servei de bus amb horari fix i el servei de bus a demanda:<\/span><\/p>\n<p style=\"text-align: justify;\"><span style=\"color: #000000;\">\u00a0\u00a0\u00a0\u00a0\u00a0\u00a0\u00a0\u00a0\u00a0\u00a0\u00a0\u00a0\u00a0\u00a0\u00a0 <strong>BUS AMB HORARI FIX<\/strong><\/span><\/p>\n<p style=\"padding-left: 60px; text-align: justify;\"><span style=\"color: #000000;\"><strong><u>L\u00ednia 1:<\/u><\/strong> comen\u00e7a a la Pineda de Santa Cristina a les 7.30h, passa per la Masieta, passa per l&#8217;Esplai i arriba a les 07.55h a l\u2019institut, fa parada a les 07.57h a la parada de bus comarcal (carrer Francesc Maci\u00e0) i a les 8.00h s\u2019atura al consultori m\u00e8dic.<\/span><\/p>\n<p style=\"padding-left: 60px; text-align: justify;\"><span style=\"color: #000000;\"><strong><u>L\u00ednia 2<\/u><\/strong><u>:<\/u> comen\u00e7a a la Miralba a les 07.05h i passa per Can Gordei i el Priorat, arribant a les 07.52h a l\u2019institut, a les 07.57h s\u2019atura a la parada de bus comarcal (carrer Francesc Maci\u00e0) i a les 8.00h s\u2019atura al consultori m\u00e8dic.<\/span><a href=\"http:\/\/bisbalpenedes.com\/web\/wp-content\/uploads\/2018\/09\/HORARI-BUS-LA-BISBAL-A-PARTIR-DEL-12-DE-SETEMBRE-DE-2018-RETALLAT.jpg\"><br \/>\n<\/a><\/p>\n<p style=\"padding-left: 60px; text-align: justify;\"><a href=\"http:\/\/bisbalpenedes.com\/web\/wp-content\/uploads\/2018\/09\/HORARI-BUS-LA-BISBAL-TARDOR-2018-DEF-e1536574867719.jpg\"><img loading=\"lazy\" class=\"aligncenter size-large wp-image-6994\" src=\"http:\/\/bisbalpenedes.com\/web\/wp-content\/uploads\/2018\/09\/HORARI-BUS-LA-BISBAL-TARDOR-2018-DEF-e1536574867719-1024x621.jpg\" alt=\"HORARI BUS LA BISBAL TARDOR 2018-DEF\" width=\"630\" height=\"382\" srcset=\"https:\/\/bisbalpenedes.com\/web\/wp-content\/uploads\/2018\/09\/HORARI-BUS-LA-BISBAL-TARDOR-2018-DEF-e1536574867719-1024x621.jpg 1024w, https:\/\/bisbalpenedes.com\/web\/wp-content\/uploads\/2018\/09\/HORARI-BUS-LA-BISBAL-TARDOR-2018-DEF-e1536574867719-600x364.jpg 600w, https:\/\/bisbalpenedes.com\/web\/wp-content\/uploads\/2018\/09\/HORARI-BUS-LA-BISBAL-TARDOR-2018-DEF-e1536574867719-300x182.jpg 300w, https:\/\/bisbalpenedes.com\/web\/wp-content\/uploads\/2018\/09\/HORARI-BUS-LA-BISBAL-TARDOR-2018-DEF-e1536574867719-768x466.jpg 768w, https:\/\/bisbalpenedes.com\/web\/wp-content\/uploads\/2018\/09\/HORARI-BUS-LA-BISBAL-TARDOR-2018-DEF-e1536574867719.jpg 1465w\" sizes=\"(max-width: 630px) 100vw, 630px\" \/><\/a><\/p>\n<p style=\"text-align: justify;\"><span style=\"color: #000000;\">\u00a0\u00a0\u00a0\u00a0\u00a0\u00a0\u00a0\u00a0\u00a0\u00a0\u00a0\u00a0\u00a0\u00a0\u00a0 <strong>BUS A DEMANDA<\/strong><\/span><\/p>\n<p style=\"padding-left: 60px; text-align: justify;\"><span style=\"color: #000000;\">Entre les 8.00h I les 14.40h el bus urb\u00e0 funcionar\u00e0 a demanda i, mentre l\u2019aplicaci\u00f3 no estigui en funcionament, cal que els usuaris interessats en demanar el bus envi\u00efn un correu electr\u00f2nic a <a style=\"color: #000000;\" href=\"mailto:carmen.lovas@tunnll.com\">carmen.lovas@tunnll.com<\/a>.<\/span><\/p>\n<p style=\"text-align: justify;\"><span style=\"color: #000000;\">Per a m\u00e9s informaci\u00f3 sobre el funcionament del servei de bus, us podeu personar a la planta baixa del CMC, cada dia de dilluns a divendres de 9 a 13h, on la Carmen Lovas de l\u2019empresa Tunnll us atendr\u00e0 personalment. Tamb\u00e9 podeu fer arribar un correu electr\u00f2nic a <a style=\"color: #000000;\" href=\"mailto:bus@bisbalpenedes.com\">bus@bisbalpenedes.com<\/a> o a <a style=\"color: #000000;\" href=\"mailto:carmen.lovas@tunnll.com\">carmen.lovas@tunnll.com<\/a>.<\/span><\/p>\n<p style=\"text-align: justify;\"><span style=\"color: #000000;\">*Les persones que no tenen acc\u00e9s al correu electr\u00f2nic poden personar-se al CMC en horari de 9 a 13h, de dilluns a divendres, per resoldre el seu cas de forma personalitzada.<\/span><\/p>\n<hr \/>\n<p style=\"text-align: justify;\"><span style=\"color: #000000;\"><strong>CASTELLANO |<\/strong> El Ayuntamiento de la Bisbal del Pened\u00e8s est\u00e1 llevando a cabo una prueba piloto del servicio de bus urbano. La prueba, que empez\u00f3 en el mes de julio y se alargar\u00e1 hasta el mes de octubre, consiste en testar un servicio de bus bajo demanda, es decir, que se para all\u00ed donde lo han pedido los usuarios. De momento, este servicio funciona mediante el env\u00edo de un correo electr\u00f3nico* y est\u00e1 previsto que, muy pronto, se pueda pedir a trav\u00e9s de una aplicaci\u00f3n para tel\u00e9fonos m\u00f3viles.<\/span><\/p>\n<p style=\"text-align: justify;\"><span style=\"color: #000000;\">Desde el Ayuntamiento de la Bisbal se ha llevado a cabo un estudio con el objetivo de optimizar los trayectos del bus en el caso de las paradas fijas y se han hecho cambios con la finalidad que toda la poblaci\u00f3n pueda tener acceso al bus y, a la vez, se reduzcan los tiempos de duraci\u00f3n de los trayectos.<\/span><\/p>\n<p style=\"text-align: justify;\"><span style=\"color: #000000;\">A partir del 12 de septiembre se ofrecer\u00e1 el servicio de bus con horario fijo y el servicio de bus a demanda:<\/span><\/p>\n<p style=\"text-align: justify;\"><span style=\"color: #000000;\"><strong>BUS CON HORARIO FIJO<\/strong><\/span><\/p>\n<p style=\"padding-left: 60px; text-align: justify;\"><span style=\"color: #000000;\"><strong>L\u00ednea 1:<\/strong> empieza en la Pineda de Santa Cristina a las 7.30h, pasa por l&#8217;Esplai y llega a las 07.55h al instituto, hace parada a las 07.57h en la parada de bus comarcal (carrer Francesc Maci\u00e0) y a las 8.00h para en el consultorio m\u00e9dico.<\/span><\/p>\n<p style=\"padding-left: 60px; text-align: justify;\"><span style=\"color: #000000;\"><strong>L\u00ednea 2:<\/strong> empieza en la Miralba a las 07.05h y pasa por Can Gordei y el Priorat, llegando a las 07.52h al instituto, a las 07.57h para en la parada de bus comarcal (calle Francesc Maci\u00e0) y a las 8.00h para en el consultorio m\u00e9dico.<\/span><span style=\"color: #000000;\"><a style=\"color: #000000;\" href=\"http:\/\/bisbalpenedes.com\/web\/wp-content\/uploads\/2018\/09\/horaris-bus-12-setembre-2018.jpg\"><br \/>\n<\/a><\/span><a href=\"http:\/\/bisbalpenedes.com\/web\/wp-content\/uploads\/2018\/09\/HORARI-BUS-LA-BISBAL-TARDOR-2018-DEF-e1536574867719.jpg\"><img loading=\"lazy\" class=\"aligncenter size-large wp-image-6994\" src=\"http:\/\/bisbalpenedes.com\/web\/wp-content\/uploads\/2018\/09\/HORARI-BUS-LA-BISBAL-TARDOR-2018-DEF-e1536574867719-1024x621.jpg\" alt=\"HORARI BUS LA BISBAL TARDOR 2018-DEF\" width=\"630\" height=\"382\" srcset=\"https:\/\/bisbalpenedes.com\/web\/wp-content\/uploads\/2018\/09\/HORARI-BUS-LA-BISBAL-TARDOR-2018-DEF-e1536574867719-1024x621.jpg 1024w, https:\/\/bisbalpenedes.com\/web\/wp-content\/uploads\/2018\/09\/HORARI-BUS-LA-BISBAL-TARDOR-2018-DEF-e1536574867719-600x364.jpg 600w, https:\/\/bisbalpenedes.com\/web\/wp-content\/uploads\/2018\/09\/HORARI-BUS-LA-BISBAL-TARDOR-2018-DEF-e1536574867719-300x182.jpg 300w, https:\/\/bisbalpenedes.com\/web\/wp-content\/uploads\/2018\/09\/HORARI-BUS-LA-BISBAL-TARDOR-2018-DEF-e1536574867719-768x466.jpg 768w, https:\/\/bisbalpenedes.com\/web\/wp-content\/uploads\/2018\/09\/HORARI-BUS-LA-BISBAL-TARDOR-2018-DEF-e1536574867719.jpg 1465w\" sizes=\"(max-width: 630px) 100vw, 630px\" \/><\/a><\/p>\n<p style=\"text-align: justify;\"><span style=\"color: #000000;\"><strong>BUS A DEMANDA<\/strong><\/span><\/p>\n<p style=\"padding-left: 60px; text-align: justify;\"><span style=\"color: #000000;\">Entre las 8.00h y las 14.40h el bus urbano funcionar\u00e1 a demanda y, mientras la aplicaci\u00f3n no est\u00e9 en funcionamiento, los usuarios interesados en pedir el bus deben enviar un correo electr\u00f3nico a <a style=\"color: #000000;\" href=\"mailto:carmen.lovas@tunnll.com\">carmen.lovas@tunnll.com<\/a>.<\/span><\/p>\n<p style=\"text-align: justify;\"><span style=\"color: #000000;\">Para m\u00e1s informaci\u00f3n sobre el funcionamiento del servicio de bus, os pod\u00e9is personar en la planta baja del CMC, cada d\u00eda de lunes a viernes de 9 a 13h, donde Carmen Lovas de la empresa Tunnll os atender\u00e1 personalmente. Tambi\u00e9n pod\u00e9is hacer llegar un correo electr\u00f3nico a <a style=\"color: #000000;\" href=\"mailto:bus@bisbalpenedes.com\">bus@bisbalpenedes.com<\/a> o a <a style=\"color: #000000;\" href=\"mailto:carmen.lovas@tunnll.com\" target=\"_blank\">carmen.lovas@tunnll.com<\/a>.<\/span><\/p>\n<p style=\"text-align: justify;\"><span style=\"color: #000000;\">*Las personas que no tienen acceso al correo electr\u00f3nico pueden personarse en el CMC en horario de 9 a 13h, de lunes a viernes, para resolver su caso de forma personalizada.<\/span><\/p>\n<p>&nbsp;<\/p>\n","protected":false},"excerpt":{"rendered":"<p>L\u2019Ajuntament de la Bisbal del Pened\u00e8s est\u00e0 duent a terme una prova pilot del servei de bus urb\u00e0. La prova, que va comen\u00e7ar al juliol i s\u2019allargar\u00e0 fins al mes &hellip; <a href=\"https:\/\/bisbalpenedes.com\/web\/2018\/09\/05\/horari-i-funcionament-del-bus-urba-a-partir-del-12-de-setembre\/\" class=\"more-link\">Read More<\/a><\/p>\n","protected":false},"author":4,"featured_media":6245,"comment_status":"closed","ping_status":"closed","sticky":false,"template":"","format":"standard","meta":[],"categories":[2294],"tags":[727,2102,114,2295,2007,184],"_links":{"self":[{"href":"https:\/\/bisbalpenedes.com\/web\/wp-json\/wp\/v2\/posts\/6958"}],"collection":[{"href":"https:\/\/bisbalpenedes.com\/web\/wp-json\/wp\/v2\/posts"}],"about":[{"href":"https:\/\/bisbalpenedes.com\/web\/wp-json\/wp\/v2\/types\/post"}],"author":[{"embeddable":true,"href":"https:\/\/bisbalpenedes.com\/web\/wp-json\/wp\/v2\/users\/4"}],"replies":[{"embeddable":true,"href":"https:\/\/bisbalpenedes.com\/web\/wp-json\/wp\/v2\/comments?post=6958"}],"version-history":[{"count":6,"href":"https:\/\/bisbalpenedes.com\/web\/wp-json\/wp\/v2\/posts\/6958\/revisions"}],"predecessor-version":[{"id":6995,"href":"https:\/\/bisbalpenedes.com\/web\/wp-json\/wp\/v2\/posts\/6958\/revisions\/6995"}],"wp:featuredmedia":[{"embeddable":true,"href":"https:\/\/bisbalpenedes.com\/web\/wp-json\/wp\/v2\/media\/6245"}],"wp:attachment":[{"href":"https:\/\/bisbalpenedes.com\/web\/wp-json\/wp\/v2\/media?parent=6958"}],"wp:term":[{"taxonomy":"category","embeddable":true,"href":"https:\/\/bisbalpenedes.com\/web\/wp-json\/wp\/v2\/categories?post=6958"},{"taxonomy":"post_tag","embeddable":true,"href":"https:\/\/bisbalpenedes.com\/web\/wp-json\/wp\/v2\/tags?post=6958"}],"curies":[{"name":"wp","href":"https:\/\/api.w.org\/{rel}","templated":true}]}}