{"id":6953,"date":"2018-09-05T18:08:25","date_gmt":"2018-09-05T17:08:25","guid":{"rendered":"http:\/\/bisbalpenedes.com\/web\/?p=6953"},"modified":"2018-09-08T11:31:44","modified_gmt":"2018-09-08T10:31:44","slug":"el-dia-12-de-setembre-ens-farem-un-fart-de-riure-thi-apuntes","status":"publish","type":"post","link":"https:\/\/bisbalpenedes.com\/web\/2018\/09\/05\/el-dia-12-de-setembre-ens-farem-un-fart-de-riure-thi-apuntes\/","title":{"rendered":"El dia 12 de setembre ens farem un fart de riure. T&#8217;hi apuntes?"},"content":{"rendered":"<p><a href=\"http:\/\/bisbalpenedes.com\/web\/wp-content\/uploads\/2018\/09\/IMG_8077.jpg\"><img loading=\"lazy\" class=\"aligncenter size-medium wp-image-6956\" src=\"http:\/\/bisbalpenedes.com\/web\/wp-content\/uploads\/2018\/09\/IMG_8077-300x225.jpg\" alt=\"risoterapia\" width=\"300\" height=\"225\" srcset=\"https:\/\/bisbalpenedes.com\/web\/wp-content\/uploads\/2018\/09\/IMG_8077-300x225.jpg 300w, https:\/\/bisbalpenedes.com\/web\/wp-content\/uploads\/2018\/09\/IMG_8077-600x450.jpg 600w, https:\/\/bisbalpenedes.com\/web\/wp-content\/uploads\/2018\/09\/IMG_8077-768x576.jpg 768w, https:\/\/bisbalpenedes.com\/web\/wp-content\/uploads\/2018\/09\/IMG_8077-1024x768.jpg 1024w, https:\/\/bisbalpenedes.com\/web\/wp-content\/uploads\/2018\/09\/IMG_8077.jpg 1312w\" sizes=\"(max-width: 300px) 100vw, 300px\" \/><\/a><\/p>\n<p><span style=\"color: #000000;\">L&#8217;Ajuntament de la Bisbal del Pened\u00e8s ha programat un taller de risoter\u00e0pia, gratu\u00eft i obert a tothom, que tindr\u00e0 lloc el dimecres 12 de setembre, de 18 a 20h, a la Sala gran del Centre Municipal de Cultura. El taller anir\u00e0 a c\u00e0rrec de Clima i Creixement. Us hi esperem!<\/span><\/p>\n<hr \/>\n<p><span style=\"color: #000000;\"><strong>CASTELLANO |<\/strong> El Ayuntamiento de la Bisbal del Pened\u00e8s ha programado un taller de risoterapia gratuito y abierto a todo el mundo, que tendr\u00e1 lugar el mi\u00e9rcoles 12 de septiembre, de 18 a 20h, en la Sala grande del Centre Municipal de Cultura. El taller ir\u00e1 a cargo de Clima i Creixement. \u00a1Os esperamos!<\/span><\/p>\n<p><a href=\"http:\/\/bisbalpenedes.com\/web\/wp-content\/uploads\/2018\/09\/SOM-Taller-Risoterapia.jpg\"><img loading=\"lazy\" class=\"aligncenter size-full wp-image-6992\" src=\"http:\/\/bisbalpenedes.com\/web\/wp-content\/uploads\/2018\/09\/SOM-Taller-Risoterapia.jpg\" alt=\"SOM-Taller-Risoterapia\" width=\"711\" height=\"525\" srcset=\"https:\/\/bisbalpenedes.com\/web\/wp-content\/uploads\/2018\/09\/SOM-Taller-Risoterapia.jpg 711w, https:\/\/bisbalpenedes.com\/web\/wp-content\/uploads\/2018\/09\/SOM-Taller-Risoterapia-600x443.jpg 600w, https:\/\/bisbalpenedes.com\/web\/wp-content\/uploads\/2018\/09\/SOM-Taller-Risoterapia-300x222.jpg 300w\" sizes=\"(max-width: 711px) 100vw, 711px\" \/><\/a><\/p>\n","protected":false},"excerpt":{"rendered":"<p>L&#8217;Ajuntament de la Bisbal del Pened\u00e8s ha programat un taller de risoter\u00e0pia, gratu\u00eft i obert a tothom, que tindr\u00e0 lloc el dimecres 12 de setembre, de 18 a 20h, a &hellip; <a href=\"https:\/\/bisbalpenedes.com\/web\/2018\/09\/05\/el-dia-12-de-setembre-ens-farem-un-fart-de-riure-thi-apuntes\/\" class=\"more-link\">Read More<\/a><\/p>\n","protected":false},"author":4,"featured_media":6954,"comment_status":"closed","ping_status":"closed","sticky":false,"template":"","format":"standard","meta":[],"categories":[2293],"tags":[737,172],"_links":{"self":[{"href":"https:\/\/bisbalpenedes.com\/web\/wp-json\/wp\/v2\/posts\/6953"}],"collection":[{"href":"https:\/\/bisbalpenedes.com\/web\/wp-json\/wp\/v2\/posts"}],"about":[{"href":"https:\/\/bisbalpenedes.com\/web\/wp-json\/wp\/v2\/types\/post"}],"author":[{"embeddable":true,"href":"https:\/\/bisbalpenedes.com\/web\/wp-json\/wp\/v2\/users\/4"}],"replies":[{"embeddable":true,"href":"https:\/\/bisbalpenedes.com\/web\/wp-json\/wp\/v2\/comments?post=6953"}],"version-history":[{"count":3,"href":"https:\/\/bisbalpenedes.com\/web\/wp-json\/wp\/v2\/posts\/6953\/revisions"}],"predecessor-version":[{"id":6993,"href":"https:\/\/bisbalpenedes.com\/web\/wp-json\/wp\/v2\/posts\/6953\/revisions\/6993"}],"wp:featuredmedia":[{"embeddable":true,"href":"https:\/\/bisbalpenedes.com\/web\/wp-json\/wp\/v2\/media\/6954"}],"wp:attachment":[{"href":"https:\/\/bisbalpenedes.com\/web\/wp-json\/wp\/v2\/media?parent=6953"}],"wp:term":[{"taxonomy":"category","embeddable":true,"href":"https:\/\/bisbalpenedes.com\/web\/wp-json\/wp\/v2\/categories?post=6953"},{"taxonomy":"post_tag","embeddable":true,"href":"https:\/\/bisbalpenedes.com\/web\/wp-json\/wp\/v2\/tags?post=6953"}],"curies":[{"name":"wp","href":"https:\/\/api.w.org\/{rel}","templated":true}]}}