{"id":6933,"date":"2018-09-03T13:09:32","date_gmt":"2018-09-03T12:09:32","guid":{"rendered":"http:\/\/bisbalpenedes.com\/web\/?p=6933"},"modified":"2018-09-03T13:23:02","modified_gmt":"2018-09-03T12:23:02","slug":"lincivisme-i-el-mal-us-dels-contenidors-els-paguem-entre-tots","status":"publish","type":"post","link":"https:\/\/bisbalpenedes.com\/web\/2018\/09\/03\/lincivisme-i-el-mal-us-dels-contenidors-els-paguem-entre-tots\/","title":{"rendered":"L&#8217;incivisme i el mal \u00fas dels contenidors els paguem entre tots"},"content":{"rendered":"<p><a href=\"http:\/\/bisbalpenedes.com\/web\/wp-content\/uploads\/2018\/09\/PHOTO-2018-09-03-13-31-04-1.jpg\"><img loading=\"lazy\" class=\"aligncenter size-medium wp-image-6940\" src=\"http:\/\/bisbalpenedes.com\/web\/wp-content\/uploads\/2018\/09\/PHOTO-2018-09-03-13-31-04-1-300x225.jpg\" alt=\"incivisme contenidors 6\" width=\"300\" height=\"225\" srcset=\"https:\/\/bisbalpenedes.com\/web\/wp-content\/uploads\/2018\/09\/PHOTO-2018-09-03-13-31-04-1-300x225.jpg 300w, https:\/\/bisbalpenedes.com\/web\/wp-content\/uploads\/2018\/09\/PHOTO-2018-09-03-13-31-04-1-600x450.jpg 600w, https:\/\/bisbalpenedes.com\/web\/wp-content\/uploads\/2018\/09\/PHOTO-2018-09-03-13-31-04-1-768x576.jpg 768w, https:\/\/bisbalpenedes.com\/web\/wp-content\/uploads\/2018\/09\/PHOTO-2018-09-03-13-31-04-1-1024x768.jpg 1024w, https:\/\/bisbalpenedes.com\/web\/wp-content\/uploads\/2018\/09\/PHOTO-2018-09-03-13-31-04-1.jpg 1600w\" sizes=\"(max-width: 300px) 100vw, 300px\" \/><\/a><\/p>\n<p><span style=\"color: #000000;\">Aquest \u00e9s l\u2019estat que presenten els contenidors de diverses urbanitzacions del municipi. El mal \u00fas dels contenidors que fan alguns ve\u00efns l\u2019acabem pagant tots. L\u2019Ajuntament t\u00e9 contractat el servei de recollida d\u2019escombraries i, una vegada al mes, passa un vehicle espec\u00edfic que tamb\u00e9 s\u2019emporta all\u00f2 que els inc\u00edvics han deixat a fora dels contenidors. Des de l\u2019Ajuntament us informem que, durant aquesta setmana, es procedir\u00e0 a fer la neteja dels contenidors.<\/span><\/p>\n<p><span style=\"color: #000000;\">La Regidoria de Medi Ambient recorda que aquestes conductes s\u00f3n sancionables i prega a aquells ve\u00efns que observin conductes inc\u00edviques, que avisin l\u2019Ajuntament amb el m\u00e0xim d\u2019informaci\u00f3 possible. Gr\u00e0cies a la col\u00b7laboraci\u00f3 ciutadana hem pogut identificar diversos ve\u00efns inc\u00edvics, que han rebut una notificaci\u00f3 per part de l\u2019Ajuntament.<\/span><\/p>\n<p><span style=\"color: #000000;\">Us recordem que l\u2019Ajuntament de la Bisbal compta amb un Punt Verd on s\u2019hi poden portar tota mena de deixalles les 24h del dia els 365 dies de l\u2019any i que, el primer dilluns de cada mes, l\u2019Ajuntament fa un servei de recollida de voluminosos al que podeu accedir si aviseu amb un m\u00ednim de cinc dies d\u2019antelaci\u00f3 a l\u2019Ajuntament.<\/span><\/p>\n<hr \/>\n<p><span style=\"color: #000000;\"><strong>CASTELLANO |<\/strong> Este es el estado que presentan los contenedores de varias urbanizaciones del municipio. El mal uso de los contenedores que hacen algunos vecinos lo acabamos pagando todos. El Ayuntamiento tiene contratado el servicio de recogida de basuras y, una vez al mes, pasa un veh\u00edculo espec\u00edfico que tambi\u00e9n se lleva aquello que los inc\u00edvicos han dejado fuera de los contenedores.\u00a0Desde el Ayuntamiento os informamos que, durante esta semana, se proceder\u00e1 a hacer la limpieza de los contenedores.<\/span><\/p>\n<p><span style=\"color: #000000;\">La Regidoria de Medi Ambient recuerda que estas conductas son sancionables y ruega a aquellos vecinos que observen conductas inc\u00edvicas, que avisen al Ayuntamiento con el m\u00e1ximo de informaci\u00f3n posible. Gracias a la colaboraci\u00f3n ciudadana hemos podido identificar a varios vecinos inc\u00edvicos, que han recibido una notificaci\u00f3n por parte del Ayuntamiento.<\/span><\/p>\n<p><span style=\"color: #000000;\">Os recordamos que el Ayuntamiento de la Bisbal cuenta con el Punt Verd, donde se pueden llevar todo tipo de residuos las 24h del d\u00eda los 365 d\u00edas del a\u00f1o y que, el primer lunes de cada mes, el Ayuntamiento lleva a cabo un servicio de recogida de voluminosos\u00a0al que pod\u00e9is acceder si avis\u00e1is con un m\u00ednimo de cinco d\u00edas de antelaci\u00f3n al Ayuntamiento.<\/span><\/p>\n<div id='gallery-1' class='gallery galleryid-6933 gallery-columns-3 gallery-size-medium'><figure class='gallery-item'>\n\t\t\t<div class='gallery-icon landscape'>\n\t\t\t\t<a href='https:\/\/bisbalpenedes.com\/web\/2018\/09\/03\/lincivisme-i-el-mal-us-dels-contenidors-els-paguem-entre-tots\/photo-2018-09-03-13-30-51\/'><img width=\"300\" height=\"225\" src=\"https:\/\/bisbalpenedes.com\/web\/wp-content\/uploads\/2018\/09\/PHOTO-2018-09-03-13-30-51-300x225.jpg\" class=\"attachment-medium size-medium\" alt=\"\" loading=\"lazy\" srcset=\"https:\/\/bisbalpenedes.com\/web\/wp-content\/uploads\/2018\/09\/PHOTO-2018-09-03-13-30-51-300x225.jpg 300w, https:\/\/bisbalpenedes.com\/web\/wp-content\/uploads\/2018\/09\/PHOTO-2018-09-03-13-30-51-600x450.jpg 600w, https:\/\/bisbalpenedes.com\/web\/wp-content\/uploads\/2018\/09\/PHOTO-2018-09-03-13-30-51-768x576.jpg 768w, https:\/\/bisbalpenedes.com\/web\/wp-content\/uploads\/2018\/09\/PHOTO-2018-09-03-13-30-51-1024x768.jpg 1024w, https:\/\/bisbalpenedes.com\/web\/wp-content\/uploads\/2018\/09\/PHOTO-2018-09-03-13-30-51.jpg 1600w\" sizes=\"(max-width: 300px) 100vw, 300px\" \/><\/a>\n\t\t\t<\/div><\/figure><figure class='gallery-item'>\n\t\t\t<div class='gallery-icon landscape'>\n\t\t\t\t<a href='https:\/\/bisbalpenedes.com\/web\/2018\/09\/03\/lincivisme-i-el-mal-us-dels-contenidors-els-paguem-entre-tots\/photo-2018-09-03-13-30-57\/'><img width=\"300\" height=\"225\" src=\"https:\/\/bisbalpenedes.com\/web\/wp-content\/uploads\/2018\/09\/PHOTO-2018-09-03-13-30-57-300x225.jpg\" class=\"attachment-medium size-medium\" alt=\"\" loading=\"lazy\" srcset=\"https:\/\/bisbalpenedes.com\/web\/wp-content\/uploads\/2018\/09\/PHOTO-2018-09-03-13-30-57-300x225.jpg 300w, https:\/\/bisbalpenedes.com\/web\/wp-content\/uploads\/2018\/09\/PHOTO-2018-09-03-13-30-57-600x450.jpg 600w, https:\/\/bisbalpenedes.com\/web\/wp-content\/uploads\/2018\/09\/PHOTO-2018-09-03-13-30-57-768x576.jpg 768w, https:\/\/bisbalpenedes.com\/web\/wp-content\/uploads\/2018\/09\/PHOTO-2018-09-03-13-30-57-1024x768.jpg 1024w, https:\/\/bisbalpenedes.com\/web\/wp-content\/uploads\/2018\/09\/PHOTO-2018-09-03-13-30-57.jpg 1600w\" sizes=\"(max-width: 300px) 100vw, 300px\" \/><\/a>\n\t\t\t<\/div><\/figure><figure class='gallery-item'>\n\t\t\t<div class='gallery-icon landscape'>\n\t\t\t\t<a href='https:\/\/bisbalpenedes.com\/web\/2018\/09\/03\/lincivisme-i-el-mal-us-dels-contenidors-els-paguem-entre-tots\/photo-2018-09-03-13-31-00\/'><img width=\"300\" height=\"225\" src=\"https:\/\/bisbalpenedes.com\/web\/wp-content\/uploads\/2018\/09\/PHOTO-2018-09-03-13-31-00-300x225.jpg\" class=\"attachment-medium size-medium\" alt=\"\" loading=\"lazy\" srcset=\"https:\/\/bisbalpenedes.com\/web\/wp-content\/uploads\/2018\/09\/PHOTO-2018-09-03-13-31-00-300x225.jpg 300w, https:\/\/bisbalpenedes.com\/web\/wp-content\/uploads\/2018\/09\/PHOTO-2018-09-03-13-31-00-600x450.jpg 600w, https:\/\/bisbalpenedes.com\/web\/wp-content\/uploads\/2018\/09\/PHOTO-2018-09-03-13-31-00-768x576.jpg 768w, https:\/\/bisbalpenedes.com\/web\/wp-content\/uploads\/2018\/09\/PHOTO-2018-09-03-13-31-00-1024x768.jpg 1024w, https:\/\/bisbalpenedes.com\/web\/wp-content\/uploads\/2018\/09\/PHOTO-2018-09-03-13-31-00.jpg 1600w\" sizes=\"(max-width: 300px) 100vw, 300px\" \/><\/a>\n\t\t\t<\/div><\/figure><figure class='gallery-item'>\n\t\t\t<div class='gallery-icon landscape'>\n\t\t\t\t<a href='https:\/\/bisbalpenedes.com\/web\/2018\/09\/03\/lincivisme-i-el-mal-us-dels-contenidors-els-paguem-entre-tots\/photo-2018-09-03-13-31-02\/'><img width=\"300\" height=\"225\" src=\"https:\/\/bisbalpenedes.com\/web\/wp-content\/uploads\/2018\/09\/PHOTO-2018-09-03-13-31-02-300x225.jpg\" class=\"attachment-medium size-medium\" alt=\"\" loading=\"lazy\" srcset=\"https:\/\/bisbalpenedes.com\/web\/wp-content\/uploads\/2018\/09\/PHOTO-2018-09-03-13-31-02-300x225.jpg 300w, https:\/\/bisbalpenedes.com\/web\/wp-content\/uploads\/2018\/09\/PHOTO-2018-09-03-13-31-02-600x450.jpg 600w, https:\/\/bisbalpenedes.com\/web\/wp-content\/uploads\/2018\/09\/PHOTO-2018-09-03-13-31-02-768x576.jpg 768w, https:\/\/bisbalpenedes.com\/web\/wp-content\/uploads\/2018\/09\/PHOTO-2018-09-03-13-31-02-1024x768.jpg 1024w, https:\/\/bisbalpenedes.com\/web\/wp-content\/uploads\/2018\/09\/PHOTO-2018-09-03-13-31-02.jpg 1600w\" sizes=\"(max-width: 300px) 100vw, 300px\" \/><\/a>\n\t\t\t<\/div><\/figure><figure class='gallery-item'>\n\t\t\t<div class='gallery-icon landscape'>\n\t\t\t\t<a href='https:\/\/bisbalpenedes.com\/web\/2018\/09\/03\/lincivisme-i-el-mal-us-dels-contenidors-els-paguem-entre-tots\/photo-2018-09-03-13-31-04\/'><img width=\"300\" height=\"225\" src=\"https:\/\/bisbalpenedes.com\/web\/wp-content\/uploads\/2018\/09\/PHOTO-2018-09-03-13-31-04-300x225.jpg\" class=\"attachment-medium size-medium\" alt=\"\" loading=\"lazy\" srcset=\"https:\/\/bisbalpenedes.com\/web\/wp-content\/uploads\/2018\/09\/PHOTO-2018-09-03-13-31-04-300x225.jpg 300w, https:\/\/bisbalpenedes.com\/web\/wp-content\/uploads\/2018\/09\/PHOTO-2018-09-03-13-31-04-600x450.jpg 600w, https:\/\/bisbalpenedes.com\/web\/wp-content\/uploads\/2018\/09\/PHOTO-2018-09-03-13-31-04-768x576.jpg 768w, https:\/\/bisbalpenedes.com\/web\/wp-content\/uploads\/2018\/09\/PHOTO-2018-09-03-13-31-04-1024x768.jpg 1024w, https:\/\/bisbalpenedes.com\/web\/wp-content\/uploads\/2018\/09\/PHOTO-2018-09-03-13-31-04.jpg 1600w\" sizes=\"(max-width: 300px) 100vw, 300px\" \/><\/a>\n\t\t\t<\/div><\/figure><figure class='gallery-item'>\n\t\t\t<div class='gallery-icon portrait'>\n\t\t\t\t<a href='https:\/\/bisbalpenedes.com\/web\/2018\/09\/03\/lincivisme-i-el-mal-us-dels-contenidors-els-paguem-entre-tots\/photo-2018-09-03-13-31-05-1\/'><img width=\"225\" height=\"300\" src=\"https:\/\/bisbalpenedes.com\/web\/wp-content\/uploads\/2018\/09\/PHOTO-2018-09-03-13-31-05-1-225x300.jpg\" class=\"attachment-medium size-medium\" alt=\"\" loading=\"lazy\" srcset=\"https:\/\/bisbalpenedes.com\/web\/wp-content\/uploads\/2018\/09\/PHOTO-2018-09-03-13-31-05-1-225x300.jpg 225w, https:\/\/bisbalpenedes.com\/web\/wp-content\/uploads\/2018\/09\/PHOTO-2018-09-03-13-31-05-1-600x800.jpg 600w, https:\/\/bisbalpenedes.com\/web\/wp-content\/uploads\/2018\/09\/PHOTO-2018-09-03-13-31-05-1-768x1024.jpg 768w, https:\/\/bisbalpenedes.com\/web\/wp-content\/uploads\/2018\/09\/PHOTO-2018-09-03-13-31-05-1.jpg 1200w\" sizes=\"(max-width: 225px) 100vw, 225px\" \/><\/a>\n\t\t\t<\/div><\/figure><figure class='gallery-item'>\n\t\t\t<div class='gallery-icon landscape'>\n\t\t\t\t<a href='https:\/\/bisbalpenedes.com\/web\/2018\/09\/03\/lincivisme-i-el-mal-us-dels-contenidors-els-paguem-entre-tots\/photo-2018-09-03-13-31-05\/'><img width=\"300\" height=\"225\" src=\"https:\/\/bisbalpenedes.com\/web\/wp-content\/uploads\/2018\/09\/PHOTO-2018-09-03-13-31-05-300x225.jpg\" class=\"attachment-medium size-medium\" alt=\"\" loading=\"lazy\" srcset=\"https:\/\/bisbalpenedes.com\/web\/wp-content\/uploads\/2018\/09\/PHOTO-2018-09-03-13-31-05-300x225.jpg 300w, https:\/\/bisbalpenedes.com\/web\/wp-content\/uploads\/2018\/09\/PHOTO-2018-09-03-13-31-05-600x450.jpg 600w, https:\/\/bisbalpenedes.com\/web\/wp-content\/uploads\/2018\/09\/PHOTO-2018-09-03-13-31-05-768x576.jpg 768w, https:\/\/bisbalpenedes.com\/web\/wp-content\/uploads\/2018\/09\/PHOTO-2018-09-03-13-31-05-1024x768.jpg 1024w, https:\/\/bisbalpenedes.com\/web\/wp-content\/uploads\/2018\/09\/PHOTO-2018-09-03-13-31-05.jpg 1600w\" sizes=\"(max-width: 300px) 100vw, 300px\" \/><\/a>\n\t\t\t<\/div><\/figure><figure class='gallery-item'>\n\t\t\t<div class='gallery-icon landscape'>\n\t\t\t\t<a href='https:\/\/bisbalpenedes.com\/web\/2018\/09\/03\/lincivisme-i-el-mal-us-dels-contenidors-els-paguem-entre-tots\/photo-2018-09-03-13-31-06-2\/'><img width=\"300\" height=\"225\" src=\"https:\/\/bisbalpenedes.com\/web\/wp-content\/uploads\/2018\/09\/PHOTO-2018-09-03-13-31-06-2-300x225.jpg\" class=\"attachment-medium size-medium\" alt=\"\" loading=\"lazy\" srcset=\"https:\/\/bisbalpenedes.com\/web\/wp-content\/uploads\/2018\/09\/PHOTO-2018-09-03-13-31-06-2-300x225.jpg 300w, https:\/\/bisbalpenedes.com\/web\/wp-content\/uploads\/2018\/09\/PHOTO-2018-09-03-13-31-06-2-600x450.jpg 600w, https:\/\/bisbalpenedes.com\/web\/wp-content\/uploads\/2018\/09\/PHOTO-2018-09-03-13-31-06-2-768x576.jpg 768w, https:\/\/bisbalpenedes.com\/web\/wp-content\/uploads\/2018\/09\/PHOTO-2018-09-03-13-31-06-2-1024x768.jpg 1024w, https:\/\/bisbalpenedes.com\/web\/wp-content\/uploads\/2018\/09\/PHOTO-2018-09-03-13-31-06-2.jpg 1600w\" sizes=\"(max-width: 300px) 100vw, 300px\" \/><\/a>\n\t\t\t<\/div><\/figure><figure class='gallery-item'>\n\t\t\t<div class='gallery-icon landscape'>\n\t\t\t\t<a href='https:\/\/bisbalpenedes.com\/web\/2018\/09\/03\/lincivisme-i-el-mal-us-dels-contenidors-els-paguem-entre-tots\/photo-2018-09-03-13-31-06-1\/'><img width=\"300\" height=\"225\" src=\"https:\/\/bisbalpenedes.com\/web\/wp-content\/uploads\/2018\/09\/PHOTO-2018-09-03-13-31-06-1-300x225.jpg\" class=\"attachment-medium size-medium\" alt=\"\" loading=\"lazy\" srcset=\"https:\/\/bisbalpenedes.com\/web\/wp-content\/uploads\/2018\/09\/PHOTO-2018-09-03-13-31-06-1-300x225.jpg 300w, https:\/\/bisbalpenedes.com\/web\/wp-content\/uploads\/2018\/09\/PHOTO-2018-09-03-13-31-06-1-600x450.jpg 600w, https:\/\/bisbalpenedes.com\/web\/wp-content\/uploads\/2018\/09\/PHOTO-2018-09-03-13-31-06-1-768x576.jpg 768w, https:\/\/bisbalpenedes.com\/web\/wp-content\/uploads\/2018\/09\/PHOTO-2018-09-03-13-31-06-1-1024x768.jpg 1024w, https:\/\/bisbalpenedes.com\/web\/wp-content\/uploads\/2018\/09\/PHOTO-2018-09-03-13-31-06-1.jpg 1600w\" sizes=\"(max-width: 300px) 100vw, 300px\" \/><\/a>\n\t\t\t<\/div><\/figure>\n\t\t<\/div>\n\n","protected":false},"excerpt":{"rendered":"<p>Aquest \u00e9s l\u2019estat que presenten els contenidors de diverses urbanitzacions del municipi. El mal \u00fas dels contenidors que fan alguns ve\u00efns l\u2019acabem pagant tots. L\u2019Ajuntament t\u00e9 contractat el servei de &hellip; <a href=\"https:\/\/bisbalpenedes.com\/web\/2018\/09\/03\/lincivisme-i-el-mal-us-dels-contenidors-els-paguem-entre-tots\/\" class=\"more-link\">Read More<\/a><\/p>\n","protected":false},"author":4,"featured_media":6935,"comment_status":"closed","ping_status":"closed","sticky":false,"template":"","format":"standard","meta":[],"categories":[32],"tags":[2292,1131,626,92,207,1183],"_links":{"self":[{"href":"https:\/\/bisbalpenedes.com\/web\/wp-json\/wp\/v2\/posts\/6933"}],"collection":[{"href":"https:\/\/bisbalpenedes.com\/web\/wp-json\/wp\/v2\/posts"}],"about":[{"href":"https:\/\/bisbalpenedes.com\/web\/wp-json\/wp\/v2\/types\/post"}],"author":[{"embeddable":true,"href":"https:\/\/bisbalpenedes.com\/web\/wp-json\/wp\/v2\/users\/4"}],"replies":[{"embeddable":true,"href":"https:\/\/bisbalpenedes.com\/web\/wp-json\/wp\/v2\/comments?post=6933"}],"version-history":[{"count":6,"href":"https:\/\/bisbalpenedes.com\/web\/wp-json\/wp\/v2\/posts\/6933\/revisions"}],"predecessor-version":[{"id":6949,"href":"https:\/\/bisbalpenedes.com\/web\/wp-json\/wp\/v2\/posts\/6933\/revisions\/6949"}],"wp:featuredmedia":[{"embeddable":true,"href":"https:\/\/bisbalpenedes.com\/web\/wp-json\/wp\/v2\/media\/6935"}],"wp:attachment":[{"href":"https:\/\/bisbalpenedes.com\/web\/wp-json\/wp\/v2\/media?parent=6933"}],"wp:term":[{"taxonomy":"category","embeddable":true,"href":"https:\/\/bisbalpenedes.com\/web\/wp-json\/wp\/v2\/categories?post=6933"},{"taxonomy":"post_tag","embeddable":true,"href":"https:\/\/bisbalpenedes.com\/web\/wp-json\/wp\/v2\/tags?post=6933"}],"curies":[{"name":"wp","href":"https:\/\/api.w.org\/{rel}","templated":true}]}}